{"id":1256,"date":"2011-09-02T12:33:28","date_gmt":"2011-09-02T12:33:28","guid":{"rendered":"http:\/\/www.gioba.it\/?p=1256"},"modified":"2011-09-03T23:33:16","modified_gmt":"2011-09-03T23:33:16","slug":"gesu-non-si-segue-in-solitaria%e2%80%a6","status":"publish","type":"post","link":"https:\/\/www.gioba.it\/sito\/2011\/09\/02\/gesu-non-si-segue-in-solitaria%e2%80%a6\/","title":{"rendered":"Ges\u00f9 non si segue in solitaria&#8230;"},"content":{"rendered":"<p><a href=\"http:\/\/www.gioba.it\/?attachment_id=1262\" rel=\"attachment wp-att-1262\"><img loading=\"lazy\" decoding=\"async\" src=\"http:\/\/www.gioba.it\/sito\/wp-content\/uploads\/2011\/09\/riuniti-nel-suo-nome-colored1.jpg\" alt=\"\" title=\"riuniti nel suo nome (colored)\" width=\"590\" height=\"414\" class=\"alignleft size-full wp-image-1262\" \/><\/a><br \/>\n<strong>domenica 4 settembre 2011<\/strong><\/p>\n<blockquote><p>In quel tempo, Ges\u00f9 disse ai suoi discepoli:<br \/>\n\u00abSe il tuo fratello commetter\u00e0\u00a0 una colpa contro di te, va&#8217; e ammoniscilo fra te e lui solo; se ti ascolter\u00e0\u00a0, avrai guadagnato il tuo fratello; se non ascolter\u00e0\u00a0, prendi ancora con te una o due persone, perch\u00e8 ogni cosa sia risolta sulla parola di due o tre testimoni. Se poi non ascolter\u00e0\u00a0 costoro, dillo alla comunit\u00e0\u00a0; e se non ascolter\u00e0\u00a0 neanche la comunit\u00e0\u00a0, sia per te come il pagano e il pubblicano.<br \/>\nIn verit\u00e0\u00a0 io vi dico: tutto quello che legherete sulla terra sar\u00e0\u00a0 legato in cielo, e tutto quello che scioglierete sulla terra sar\u00e0\u00a0 sciolto in cielo.<br \/>\nIn verit\u00e0\u00a0 io vi dico ancora: se due di voi sulla terra si metteranno d&#8217;accordo per chiedere qualunque cosa, il Padre mio che \u00e8 nei cieli gliela conceder\u00e0\u00a0. Perch\u00e8 dove sono due o tre riuniti nel mio nome, l\u00ec sono io in mezzo a loro\u00bb<br \/>\n(dal Vangelo di Matteo 18, 15-20)<\/p><\/blockquote>\n<p><strong>La messa finale della Giornata Mondiale della Giovent\u00f9 di Madrid l&#8217;ho seguita insieme al gruppo di giovani con cui sono andato in Spagna, in un parco del centro della capitale spagnola, attraverso un maxischermo. Non siamo riusciti ad entrare la sera prima nel grande ma male attrezzato spazio di Cuatros Vientos, nella periferia, e cos\u00ec abbiamo ripiegato per il centro cittadino. Sicuramente se riuscivamo ad entrare avremmo seguito pure li su un maxischermo la veglia e la messa, con la differenza che avremmo penato non poco per la mancanza di bagni e di acqua da bere e la pioggia.<br \/>\nDelle parole del papa nell&#8217;omelia (che commentava il capitolo 16 di Matteo, quando Ges\u00f9 affida a Pietro la Chiesa), mi ricordo un passaggio che mi sono segnato: non si segue Ges\u00f9 in solitaria. La Chiesa \u00e8 parte fondamentale per l&#8217;esperienza di Cristo. Non arrivo a Cristo se non passo prima di tutto attraverso l&#8217;esperienza della prima comunit\u00e0\u00a0 di discepoli che mi hanno lasciato la testimonianza delle sue parole e azioni. Non posso fare esperienza di Cristo se non la condivido con i cristiani di oggi, con la Chiesa di oggi.<br \/>\nL&#8217;esperienza cristiana non \u00e8 un cammino in solitaria. Il rischio \u00e8 di farmi un Ges\u00f9 &#8220;mio&#8221;&#8230; che non \u00e8 certo quello che Ges\u00f9 stesso voleva.<br \/>\nConosco molti che rifiutano apertamente l&#8217;esperienza comunitaria della fede, e in particolare rifiutano la Chiesa. Dicono che credono in Ges\u00f9 ma non nella Chiesa.<br \/>\nAndando un po&#8217; in profondit\u00e0\u00a0 a queste loro affermazioni si avverte un sincero rifiuto della Chiesa cos\u00ec come loro la sentono e come essa si presenta a loro e al mondo d&#8217;oggi. Se siamo sinceri, tutti noi abbiamo spesso dei moti di rifiuto di certe manifestazioni della Chiesa,  sia del passato che di oggi.<br \/>\nNon credo che questa sia una mancanza di fede. Anzi \u00e8 necessario che la Chiesa in continuazione si auto-critichi per domandarsi in continuazione se \u00e8 fedele o meno al mandato di Ges\u00f9 di rappresentarlo in terra (&#8220;tutto quello che legherete sulla terra sar\u00e0\u00a0 legato in cielo, e tutto quello che scioglierete sulla terra sar\u00e0\u00a0 sciolto in cielo&#8221;). E&#8217; questo in fondo il moto di continua conversione al vangelo che tutti nella Chiesa siamo chiamati a fare, dal papa fino all&#8217;ultimo battezzato.<br \/>\nDell&#8217;esperienza madrilena, non porto via nulla delle esperienze oceaniche che sono state organizzate, anche perch\u00e8 non ero presente in nessuna di esse. Era davvero difficile esser presente al saluto del papa il primo giorno, alla via crucis e infine alla veglia e messa di Cuatros Vientos.<br \/>\nC&#8217;era davvero troppa gente, e il rischio di passare da comunit\u00e0\u00a0 in preghiera a massa indistinta era davvero forte. E le masse indistinte non sono mai una comunit\u00e0\u00a0&#8230;<br \/>\nDell&#8217;esperienza della Giornata Mondiale della Giovent\u00f9 porto via i piccoli incontri per strada con gente di lingua e razza diverza e i momenti di preghiera dove eravamo un migliaio o poco pi\u00f9 (quindi non una folla oceanica); porto via l&#8217;esperienza di amicizia e  di cammino con i giovani del bus con i quali sono venuto e poi tornato a casa. Dell&#8217;esperienza della GMG, porto via la dimensione &#8220;cattolica&#8221; della Chiesa, nel senso letterale del termine. La Chiesa \u00e8 davvero &#8220;universale&#8221; (\u00e8 questo il significato di &#8220;cattolica&#8221;): il messaggio di Cristo coinvolge  e accomuna davvero persone di luoghi, culture e lingue assai diverse.<\/p>\n<ul>\nRicordo in particolare che durante un momento di preghiera, il prete spagnolo ha invitato i presenti a fare un canto religioso secondo la propria cultura e tradizione. Abbiamo cantato noi italiani e dopo di noi un gruppo di cristiani dalla Siria e infine un gruppetto di brasiliani. Ne \u00e8 venuto fuori un mix di canti e suoni davvero diversi, apparentemente opposti (&#8230;una nenia un po&#8217; monotona e triste da parte dei siriani e un canto festoso con un mezzo ballo da parte dei brasiliani&#8230;). Ed era lo stesso Cristo che ci univa. E questa unit\u00e0\u00a0 di fede la sperimentavamo concreta e visibile.<br \/>\nE&#8217; vero, non si pu\u00f2 seguire Cristo in solitaria, come ha detto papa Benedetto. Cristo stesso ha detto ai suoi amici che lui \u00e8 presente dove c&#8217;\u00e8 una comunit\u00e0\u00a0 che cerca di stare insieme, nell&#8217;amore, nella cura reciproca e nel perdono reciproco. Non una massa&#8230;ma una comunit\u00e0\u00a0 reale che alla fine contagia il mondo intero.<\/strong><\/ul>\n<p>Giovanni don<\/p>\n","protected":false},"excerpt":{"rendered":"<p>domenica 4 settembre 2011 In quel tempo, Ges\u00f9 disse ai suoi discepoli: \u00abSe il tuo fratello commetter\u00e0\u00a0 una colpa contro di te, va&#8217; e ammoniscilo fra te e lui solo; se ti ascolter\u00e0\u00a0, avrai guadagnato il tuo fratello; se non ascolter\u00e0\u00a0, prendi ancora con te una o due persone, perch\u00e8 ogni cosa sia risolta sulla parola di due o tre testimoni. Se poi non ascolter\u00e0\u00a0 costoro, dillo alla comunit\u00e0\u00a0; e se non ascolter\u00e0\u00a0 neanche la comunit\u00e0\u00a0, sia per te come il pagano e il pubblicano. In verit\u00e0\u00a0 io vi dico: tutto quello che legherete sulla terra sar\u00e0\u00a0 legato in cielo,<\/p>\n","protected":false},"author":1,"featured_media":0,"comment_status":"open","ping_status":"open","sticky":false,"template":"","format":"standard","meta":{"footnotes":""},"categories":[],"tags":[],"class_list":["post-1256","post","type-post","status-publish","format-standard","hentry"],"_links":{"self":[{"href":"https:\/\/www.gioba.it\/sito\/wp-json\/wp\/v2\/posts\/1256","targetHints":{"allow":["GET"]}}],"collection":[{"href":"https:\/\/www.gioba.it\/sito\/wp-json\/wp\/v2\/posts"}],"about":[{"href":"https:\/\/www.gioba.it\/sito\/wp-json\/wp\/v2\/types\/post"}],"author":[{"embeddable":true,"href":"https:\/\/www.gioba.it\/sito\/wp-json\/wp\/v2\/users\/1"}],"replies":[{"embeddable":true,"href":"https:\/\/www.gioba.it\/sito\/wp-json\/wp\/v2\/comments?post=1256"}],"version-history":[{"count":9,"href":"https:\/\/www.gioba.it\/sito\/wp-json\/wp\/v2\/posts\/1256\/revisions"}],"predecessor-version":[{"id":1268,"href":"https:\/\/www.gioba.it\/sito\/wp-json\/wp\/v2\/posts\/1256\/revisions\/1268"}],"wp:attachment":[{"href":"https:\/\/www.gioba.it\/sito\/wp-json\/wp\/v2\/media?parent=1256"}],"wp:term":[{"taxonomy":"category","embeddable":true,"href":"https:\/\/www.gioba.it\/sito\/wp-json\/wp\/v2\/categories?post=1256"},{"taxonomy":"post_tag","embeddable":true,"href":"https:\/\/www.gioba.it\/sito\/wp-json\/wp\/v2\/tags?post=1256"}],"curies":[{"name":"wp","href":"https:\/\/api.w.org\/{rel}","templated":true}]}}