{"id":1344,"date":"2011-10-31T16:33:08","date_gmt":"2011-10-31T16:33:08","guid":{"rendered":"http:\/\/www.gioba.it\/?p=1344"},"modified":"2011-10-31T16:33:08","modified_gmt":"2011-10-31T16:33:08","slug":"santi-e-indignati","status":"publish","type":"post","link":"https:\/\/www.gioba.it\/sito\/2011\/10\/31\/santi-e-indignati\/","title":{"rendered":"santi&#8230; e indignati!"},"content":{"rendered":"<p><a href=\"http:\/\/www.gioba.it\/?attachment_id=1345\" rel=\"attachment wp-att-1345\"><img loading=\"lazy\" decoding=\"async\" src=\"http:\/\/www.gioba.it\/sito\/wp-content\/uploads\/2011\/10\/halloween2011-colored.jpg\" alt=\"\" title=\"halloween2011 (colored)\" width=\"590\" height=\"408\" class=\"alignleft size-full wp-image-1345\" \/><\/a><\/p>\n<p><strong>la difesa della memoria dei santi non passa dal prendersela come ogni anno con Halloween il 31 di ottobre, ma prendendo la loro strada nella vita di tutti i 365 giorni dell&#8217;anno.<br \/>\nPersonalmente l&#8217;annuale crociata anti-Halloween, supportata da studi e articoli che in tutti i modi ne vorrebbero amplificare il pericolo, \u00e8 assai lontana da come la vivono in realt\u00e0\u00a0 la maggior parte della gente e dei giovani in particolare.<br \/>\nHo visto ieri sera un rapido passaggio della trasmissione &#8220;Report&#8221; che cercava di dimostrare come l&#8217;attuale crisi economica che terrorizza (in questo caso per davvero e non per scherzo&#8230;) le famiglie \u00e8 tutta finanziaria, pilotata da forze (umane) oscure che cancellano la vera ricchezza materiale del lavoro con giochi di finanza&#8230;<br \/>\nSecondo me i santi in cielo sono indignati anche loro di tutto questo e ci spingono a non rimanere passivi e con false preoccupazioni. Ci vogliono pronti a dire la nostra e a non stare zitti&#8230; perch\u00e8 quello che sta accadendo a livello mondiale \u00e8 ben pi\u00f9 grave del &#8220;dolcetto o scherzetto&#8221; nella notte prima di Ognissanti.<\/strong><br \/>\nGiovanni don<\/p>\n","protected":false},"excerpt":{"rendered":"<p>la difesa della memoria dei santi non passa dal prendersela come ogni anno con Halloween il 31 di ottobre, ma prendendo la loro strada nella vita di tutti i 365 giorni dell&#8217;anno. Personalmente l&#8217;annuale crociata anti-Halloween, supportata da studi e articoli che in tutti i modi ne vorrebbero amplificare il pericolo, \u00e8 assai lontana da come la vivono in realt\u00e0\u00a0 la maggior parte della gente e dei giovani in particolare. Ho visto ieri sera un rapido passaggio della trasmissione &#8220;Report&#8221; che cercava di dimostrare come l&#8217;attuale crisi economica che terrorizza (in questo caso per davvero e non per scherzo&#8230;) le<\/p>\n","protected":false},"author":1,"featured_media":0,"comment_status":"open","ping_status":"open","sticky":false,"template":"","format":"standard","meta":{"footnotes":""},"categories":[],"tags":[],"class_list":["post-1344","post","type-post","status-publish","format-standard","hentry"],"_links":{"self":[{"href":"https:\/\/www.gioba.it\/sito\/wp-json\/wp\/v2\/posts\/1344","targetHints":{"allow":["GET"]}}],"collection":[{"href":"https:\/\/www.gioba.it\/sito\/wp-json\/wp\/v2\/posts"}],"about":[{"href":"https:\/\/www.gioba.it\/sito\/wp-json\/wp\/v2\/types\/post"}],"author":[{"embeddable":true,"href":"https:\/\/www.gioba.it\/sito\/wp-json\/wp\/v2\/users\/1"}],"replies":[{"embeddable":true,"href":"https:\/\/www.gioba.it\/sito\/wp-json\/wp\/v2\/comments?post=1344"}],"version-history":[{"count":2,"href":"https:\/\/www.gioba.it\/sito\/wp-json\/wp\/v2\/posts\/1344\/revisions"}],"predecessor-version":[{"id":1347,"href":"https:\/\/www.gioba.it\/sito\/wp-json\/wp\/v2\/posts\/1344\/revisions\/1347"}],"wp:attachment":[{"href":"https:\/\/www.gioba.it\/sito\/wp-json\/wp\/v2\/media?parent=1344"}],"wp:term":[{"taxonomy":"category","embeddable":true,"href":"https:\/\/www.gioba.it\/sito\/wp-json\/wp\/v2\/categories?post=1344"},{"taxonomy":"post_tag","embeddable":true,"href":"https:\/\/www.gioba.it\/sito\/wp-json\/wp\/v2\/tags?post=1344"}],"curies":[{"name":"wp","href":"https:\/\/api.w.org\/{rel}","templated":true}]}}