{"id":1368,"date":"2011-11-18T16:32:15","date_gmt":"2011-11-18T16:32:15","guid":{"rendered":"http:\/\/www.gioba.it\/?p=1368"},"modified":"2011-11-18T16:32:16","modified_gmt":"2011-11-18T16:32:16","slug":"l%e2%80%99x-factor-per-il-giudizio-universale","status":"publish","type":"post","link":"https:\/\/www.gioba.it\/sito\/2011\/11\/18\/l%e2%80%99x-factor-per-il-giudizio-universale\/","title":{"rendered":"L&#8217;X-factor per il Giudizio Universale"},"content":{"rendered":"<p> <a href=\"http:\/\/www.gioba.it\/?attachment_id=1369\" rel=\"attachment wp-att-1369\"><img loading=\"lazy\" decoding=\"async\" src=\"http:\/\/www.gioba.it\/sito\/wp-content\/uploads\/2011\/11\/giudizio-universale-colored.jpg\" alt=\"\" title=\"giudizio universale (colored)\" width=\"590\" height=\"412\" class=\"alignleft size-full wp-image-1369\" \/><\/a><br \/>\n<strong>DOMENICA 20 novembre 2011<\/strong><\/p>\n<blockquote><p>In quel tempo, Ges\u00f9 disse ai suoi discepoli:<br \/>\n\u00abQuando il Figlio dell&#8217;uomo verr\u00e0\u00a0 nella sua gloria, e tutti gli angeli con lui, sieder\u00e0\u00a0 sul trono della sua gloria. Davanti a lui verranno radunati tutti i popoli. Egli separer\u00e0\u00a0 gli uni dagli altri, come il pastore separa le pecore dalle capre, e porr\u00e0\u00a0 le pecore alla sua destra e le capre alla sinistra.<br \/>\nAllora il re dir\u00e0\u00a0 a quelli che saranno alla sua destra: &#8220;Venite, benedetti del Padre mio, ricevete in eredit\u00e0\u00a0 il regno preparato per voi fin dalla creazione del mondo, perch\u00e8 ho avuto fame e mi avete dato da mangiare, ho avuto sete e mi avete dato da bere, ero straniero e mi avete accolto, nudo e mi avete vestito, malato e mi avete visitato, ero in carcere e siete venuti a trovarmi&#8221;.<br \/>\nAllora i giusti gli risponderanno: &#8220;Signore, quando ti abbiamo visto affamato e ti abbiamo dato da mangiare, o assetato e ti abbiamo dato da bere? Quando mai ti abbiamo visto straniero e ti abbiamo accolto, o nudo e ti abbiamo vestito? Quando mai ti abbiamo visto malato o in carcere e siamo venuti a visitarti?&#8221;. E il re risponder\u00e0\u00a0 loro: &#8220;In verit\u00e0\u00a0 io vi dico: tutto quello che avete fatto a uno solo di questi miei fratelli pi\u00f9 piccoli, l&#8217;avete fatto a me&#8221;.<br \/>\nPoi dir\u00e0\u00a0 anche a quelli che saranno alla sinistra: &#8220;Via, lontano da me, maledetti, nel fuoco eterno, preparato per il diavolo e per i suoi angeli, perch\u00e8 ho avuto fame e non mi avete dato da mangiare, ho avuto sete e non mi avete dato da bere, ero straniero e non mi avete accolto, nudo e non mi avete vestito, malato e in carcere e non mi avete visitato&#8221;.<br \/>\nAnch&#8217;essi allora risponderanno: &#8220;Signore, quando ti abbiamo visto affamato o assetato o straniero o nudo o malato o in carcere, e non ti abbiamo servito?&#8221;. Allora egli risponder\u00e0\u00a0 loro: &#8220;In verit\u00e0\u00a0 io vi dico: tutto quello che non avete fatto a uno solo di questi pi\u00f9 piccoli, non l&#8217;avete fatto a me&#8221;.<br \/>\nE se ne andranno: questi al supplizio eterno, i giusti invece alla vita eterna\u00bb<br \/>\n(dal Vangelo di Matteo 25,31-46)<\/p><\/blockquote>\n<p><strong>A quanto pare alla fine dei tempi non saremo giudicati in base alle messe partecipate, alle offerte date in Chiesa e alle confessioni sacramentali fatte davanti al prete&#8230; E non saremo nemmeno giudicati in base alla razza, alla nazione e nemmeno in base alla religione professata! Sembra proprio che non ci sar\u00e0\u00a0 una selezione divina tra sposati e divorziati, tra eterosessuali e omosessuali, tra quelli di destra e quelli di sinistra&#8230;<br \/>\nSembra proprio che le divisioni classiche tra &#8220;buoni&#8221; e &#8220;cattivi&#8221; che siamo abituati a fare non corrispondono a quelle che si fanno presso Dio&#8230;<br \/>\nNon ho mai seguito in maniera fedele la trasmissione televisiva &#8220;X-factor&#8221;. So che un gruppo di giudici nel corso delle settimane del programma televisivo, seleziona dei cantanti, arrivando alla fine a coronare uno di loro come vincitore, che secondo la &#8220;filosofia&#8221; del programma possiede proprio quel &#8220;fattore X&#8221; che lo rende pi\u00f9 bravo degli altri nelle capacit\u00e0\u00a0 canore.<br \/>\nSecondo la parabola che Ges\u00f9 racconta il fattore &#8220;X&#8221; che ci fa &#8220;vincere&#8221; il Paradiso \u00e8 la misericordia.<br \/>\nPossiamo essere di qualsiasi religione, cultura, situazione di vita, capacit\u00e0\u00a0 e lavoro&#8230; ma quello che ci rende speciali agli occhi di Dio \u00e8 la capacit\u00e0\u00a0 di amare e prenderci cura concretamente del prossimo.<br \/>\n&#8220;&#8230;tutto quello che avete fatto a uno solo di questi miei fratelli pi\u00f9 piccoli, l&#8217;avete fatto a me&#8221;. E&#8217; questo il fattore &#8220;X&#8221; dell&#8217;uomo che apre le porte del Paradiso non solo alla fine del mondo e della nostra vita, ma gi\u00e0\u00a0 ora.<br \/>\nE&#8217; questa la seconda cosa che vorrei sottolineare e che ogni volta mi apre il cuore: Dio non \u00e8 cos\u00ec distante nel tempo e nello spazio da non poterlo incontrare adesso. Non devo aspettare la fine del mondo per venire realmente a contatto con il Signore, e nemmeno pensare che solo in particolarissime esperienze mistiche, che sembrano capitare solo a pochissimi fortunati, avvenga questo.<br \/>\nOgni volta che metto in moto la mia capacit\u00e0\u00a0 di amare verso chi \u00e8 senza cibo e vestito, verso chi \u00e8 solo, straniero, ammalato e privo di libert\u00e0\u00a0, l\u00ec realmente tocco Dio.<br \/>\nNon serve nulla allora andare a messa e pregare? Se per incontrare Dio basta fare del bene concreto a che serve diventare cristiani?<br \/>\nMa la preghiera non \u00e8 un merito, e la fede cristiana non \u00e8 un privilegio.<br \/>\nIo ringrazio ogni giorno per la fede che mi \u00e8 stata data e il Vangelo che mi \u00e8 stato trasmesso, perch\u00e8 proprio da li ho capito che Dio non \u00e8 distante. Proprio nell&#8217;ascolto di queste parole di Ges\u00f9 comprendo che la via di Dio non \u00e8 chiusa a nessuno, perch\u00e8 a nessuno \u00e8 impossibile amare&#8230; concretamente.<\/strong><br \/>\nGiovanni don<\/p>\n","protected":false},"excerpt":{"rendered":"<p>DOMENICA 20 novembre 2011 In quel tempo, Ges\u00f9 disse ai suoi discepoli: \u00abQuando il Figlio dell&#8217;uomo verr\u00e0\u00a0 nella sua gloria, e tutti gli angeli con lui, sieder\u00e0\u00a0 sul trono della sua gloria. Davanti a lui verranno radunati tutti i popoli. Egli separer\u00e0\u00a0 gli uni dagli altri, come il pastore separa le pecore dalle capre, e porr\u00e0\u00a0 le pecore alla sua destra e le capre alla sinistra. Allora il re dir\u00e0\u00a0 a quelli che saranno alla sua destra: &#8220;Venite, benedetti del Padre mio, ricevete in eredit\u00e0\u00a0 il regno preparato per voi fin dalla creazione del mondo, perch\u00e8 ho avuto fame e<\/p>\n","protected":false},"author":1,"featured_media":0,"comment_status":"open","ping_status":"open","sticky":false,"template":"","format":"standard","meta":{"footnotes":""},"categories":[],"tags":[],"class_list":["post-1368","post","type-post","status-publish","format-standard","hentry"],"_links":{"self":[{"href":"https:\/\/www.gioba.it\/sito\/wp-json\/wp\/v2\/posts\/1368","targetHints":{"allow":["GET"]}}],"collection":[{"href":"https:\/\/www.gioba.it\/sito\/wp-json\/wp\/v2\/posts"}],"about":[{"href":"https:\/\/www.gioba.it\/sito\/wp-json\/wp\/v2\/types\/post"}],"author":[{"embeddable":true,"href":"https:\/\/www.gioba.it\/sito\/wp-json\/wp\/v2\/users\/1"}],"replies":[{"embeddable":true,"href":"https:\/\/www.gioba.it\/sito\/wp-json\/wp\/v2\/comments?post=1368"}],"version-history":[{"count":2,"href":"https:\/\/www.gioba.it\/sito\/wp-json\/wp\/v2\/posts\/1368\/revisions"}],"predecessor-version":[{"id":1371,"href":"https:\/\/www.gioba.it\/sito\/wp-json\/wp\/v2\/posts\/1368\/revisions\/1371"}],"wp:attachment":[{"href":"https:\/\/www.gioba.it\/sito\/wp-json\/wp\/v2\/media?parent=1368"}],"wp:term":[{"taxonomy":"category","embeddable":true,"href":"https:\/\/www.gioba.it\/sito\/wp-json\/wp\/v2\/categories?post=1368"},{"taxonomy":"post_tag","embeddable":true,"href":"https:\/\/www.gioba.it\/sito\/wp-json\/wp\/v2\/tags?post=1368"}],"curies":[{"name":"wp","href":"https:\/\/api.w.org\/{rel}","templated":true}]}}