{"id":1401,"date":"2011-12-23T17:35:23","date_gmt":"2011-12-23T17:35:23","guid":{"rendered":"http:\/\/www.gioba.it\/?p=1401"},"modified":"2011-12-23T23:18:30","modified_gmt":"2011-12-23T23:18:30","slug":"dio-con-la-%e2%80%9cd%e2%80%9c-piccola%e2%80%a6","status":"publish","type":"post","link":"https:\/\/www.gioba.it\/sito\/2011\/12\/23\/dio-con-la-%e2%80%9cd%e2%80%9c-piccola%e2%80%a6\/","title":{"rendered":"il nostro \u00e8 un piccolo Dio&#8230;"},"content":{"rendered":"<p><a href=\"http:\/\/www.gioba.it\/?attachment_id=1402\" rel=\"attachment wp-att-1402\"><img loading=\"lazy\" decoding=\"async\" src=\"http:\/\/www.gioba.it\/sito\/wp-content\/uploads\/2011\/12\/Natale-povero-2011-colored.jpg\" alt=\"\" title=\"Natale povero 2011 (colored)\" width=\"590\" height=\"433\" class=\"alignleft size-full wp-image-1402\" \/><\/a><br \/>\n<strong>Domenica 25 dicembre 2011<br \/>\nNATALE del Signore<\/strong><\/p>\n<blockquote><p>Appena gli angeli si furono allontanati da loro, verso il cielo, i pastori dicevano l&#8217;un l&#8217;altro: \u00abAndiamo dunque fino a Betlemme, vediamo questo avvenimento che il Signore ci ha fatto conoscere\u00bb.<br \/>\nAndarono, senza indugio, e trovarono Maria e Giuseppe e il bambino, adagiato nella mangiatoia. E dopo averlo visto, riferirono ci\u00f2 che del bambino era stato detto loro.<br \/>\nTutti quelli che udivano si stupirono delle cose dette loro dai pastori. Maria, da parte sua, custodiva tutte queste cose, meditandole nel suo cuore.<br \/>\nI pastori se ne tornarono, glorificando e lodando Dio per tutto quello che avevano udito e visto, com&#8217;era stato detto loro.<br \/>\n(dal Vangelo di Luca 2,15-20)<\/p><\/blockquote>\n<p><strong>Qualche giorno fa una ragazza scout mi ha raccontato di un fatto che le \u00e8 capitato a scuola. Frequenta il liceo, e per un compito di filosofia si \u00e8 trovata a scrivere una relazione sul rapporto tra fede e pensiero moderno.<br \/>\nL&#8217;insegnate di filosofia al momento della consegna del compito corretto, ha fatto notare a questa ragazza che aveva scritto la parola &#8220;dio&#8221; sempre con la &#8220;d&#8221; minuscola, e questo, secondo la professoressa, era molto scorretto e poco rispettoso per la nostra fede. La studente ha motivato all&#8217;insegnante la scelta di utilizzare la &#8220;d&#8221; minuscola con il fatto che non \u00e8 credente, e che quindi non voleva utilizzare una modalit\u00e0\u00a0 che indicasse una fede che lei non si sente di professare.<br \/>\nRicordo che il dialogo successivo questo piccolo episodio \u00e8 stato davvero molto bello&#8230; Questa scout dice di non essere credente, ma la sua curiosit\u00e0\u00a0 sincera nei riguardi della fede la mettono nella condizione, secondo me, di trovare molte pi\u00f9 risposte di chi, pur professandosi molto credente, non cerca nulla e accetta tutto senza pensarci&#8230;<br \/>\nI pastori chiamati dall&#8217;angelo ad essere i primi testimoni dell&#8217;incarnazione di Dio, non potremmo certo definirli &#8220;credenti&#8221; con la &#8220;c&#8221; maiuscola. Dal punto di vista della gerarchia umana religiosa del loro tempo non occupano sicuramente i primi posti, che sono invece occupati da farisei, scribi, dottori della legge e sacerdoti, tutti esperti di religione e Scritture.<br \/>\nI pastori non sono li in attesa di trovare il Messia sulla loro strada e nel mezzo della veglia notturna. Sono li per lavoro, senza particolari attese e preghiere.<br \/>\nEppure a loro \u00e8 fatto il dono di vedere per primi Dio in terra, il Dio-con-noi (cos\u00ec come \u00e8 chiamato Ges\u00f9).<br \/>\nE vedranno Dio che ha scelto di togliersi la &#8220;d&#8221; maiuscola per vestirsi di piccolezza. Vedono un bambino in una mangiatoia per animali, l&#8217;esatto opposto della magnificenza, della potenza, della ricchezza, della grandezza che ci si aspetterebbe dalla divinit\u00e0\u00a0 scesa in terra&#8230;<br \/>\nVedono anche Maria e Giuseppe, che stanno facendo la loro stessa esperienza. Infatti questi due genitori sono piccoli e poveri come la gran parte dei loro contemporanei, non si aspettavano nulla nella loro normalissima vita. Invece proprio a loro Dio ha scelto di manifestarsi, e attraverso la loro disponibilit\u00e0\u00a0, Dio si \u00e8 fatto piccolo piccolo, togliendosi tutto pur di passare dalla strettissima porta dell&#8217;umanit\u00e0\u00a0, infintamente pi\u00f9 piccola dei cieli.<br \/>\nSan Paolo infatti scrive:<\/p>\n<blockquote><p>&#8220;Cristo Ges\u00f9, pur essendo nella condizione di Dio,<br \/>\nnon ritenne un privilegio<br \/>\nl&#8217;essere come Dio,<br \/>\nma svuot\u00f2 se stesso<br \/>\nassumendo una condizione di servo,<br \/>\ndiventando simile agli uomini.&#8221;<br \/>\n<em>(lettera ai Filippesi, capitolo 2)<\/em><\/p><\/blockquote>\n<p>La scelta di scrivere Dio con la &#8220;d&#8221; piccola da parte di questa ragazza nel suo compito di filosofia, mi ha davvero colpito. Forse \u00e8 la maniera giusta per capire il Natale.<br \/>\nNoi facciamo a gara per avere titoli e riconoscimenti. Anche all&#8217;interno della Chiesa spesso si fa a gara per avere il posto pi\u00f9 importante, e passare da un semplice &#8220;don&#8221; a &#8220;monsignore&#8221; o &#8220;eccellenza&#8221;, appare come un riconoscimento delle proprie capacit\u00e0\u00a0 e del valore.<br \/>\nDavanti al presepe vedo che invece Dio \u00e8 diventato &#8220;dio&#8221;, anzi ancora meno&#8230;<br \/>\nSi \u00e8 tolto tutto, fino a diventare debolissimo proprio come un fragile bambino.<br \/>\nIl modo pi\u00f9 giusto per adorare Ges\u00f9 \u00e8 quindi quello di spogliarmi anch&#8217;io di pretese, di onori e obiettivi di ricchezza e potere. Il modo pi\u00f9 giusto per vivere il Natale \u00e8 percorrere le strade dove gli uomini sono piccoli e segnati da piccolezze.<br \/>\nForse questa crisi economica che spegne le insegne, blocca le vendite, fa perdere posti di lavoro e pian piano impoverisce i pi\u00f9 poveri, \u00e8 una buona occasione per conoscere chi \u00e8 veramente Ges\u00f9 e incontrarlo nella vita, in chi \u00e8 diventato ancor pi\u00f9 piccolo perch\u00e8 povero, in chi ha perso privilegi, sicurezze e certezze&#8230;<br \/>\nIl Natale ci fa incontrare Dio-con-noi, dio come noi&#8230;.<\/strong><br \/>\nGiovanni don<\/p>\n","protected":false},"excerpt":{"rendered":"<p>Domenica 25 dicembre 2011 NATALE del Signore Appena gli angeli si furono allontanati da loro, verso il cielo, i pastori dicevano l&#8217;un l&#8217;altro: \u00abAndiamo dunque fino a Betlemme, vediamo questo avvenimento che il Signore ci ha fatto conoscere\u00bb. Andarono, senza indugio, e trovarono Maria e Giuseppe e il bambino, adagiato nella mangiatoia. E dopo averlo visto, riferirono ci\u00f2 che del bambino era stato detto loro. Tutti quelli che udivano si stupirono delle cose dette loro dai pastori. Maria, da parte sua, custodiva tutte queste cose, meditandole nel suo cuore. I pastori se ne tornarono, glorificando e lodando Dio per tutto<\/p>\n","protected":false},"author":1,"featured_media":0,"comment_status":"open","ping_status":"open","sticky":false,"template":"","format":"standard","meta":{"footnotes":""},"categories":[],"tags":[],"class_list":["post-1401","post","type-post","status-publish","format-standard","hentry"],"_links":{"self":[{"href":"https:\/\/www.gioba.it\/sito\/wp-json\/wp\/v2\/posts\/1401","targetHints":{"allow":["GET"]}}],"collection":[{"href":"https:\/\/www.gioba.it\/sito\/wp-json\/wp\/v2\/posts"}],"about":[{"href":"https:\/\/www.gioba.it\/sito\/wp-json\/wp\/v2\/types\/post"}],"author":[{"embeddable":true,"href":"https:\/\/www.gioba.it\/sito\/wp-json\/wp\/v2\/users\/1"}],"replies":[{"embeddable":true,"href":"https:\/\/www.gioba.it\/sito\/wp-json\/wp\/v2\/comments?post=1401"}],"version-history":[{"count":13,"href":"https:\/\/www.gioba.it\/sito\/wp-json\/wp\/v2\/posts\/1401\/revisions"}],"predecessor-version":[{"id":1416,"href":"https:\/\/www.gioba.it\/sito\/wp-json\/wp\/v2\/posts\/1401\/revisions\/1416"}],"wp:attachment":[{"href":"https:\/\/www.gioba.it\/sito\/wp-json\/wp\/v2\/media?parent=1401"}],"wp:term":[{"taxonomy":"category","embeddable":true,"href":"https:\/\/www.gioba.it\/sito\/wp-json\/wp\/v2\/categories?post=1401"},{"taxonomy":"post_tag","embeddable":true,"href":"https:\/\/www.gioba.it\/sito\/wp-json\/wp\/v2\/tags?post=1401"}],"curies":[{"name":"wp","href":"https:\/\/api.w.org\/{rel}","templated":true}]}}