{"id":1597,"date":"2012-09-07T17:14:11","date_gmt":"2012-09-07T17:14:11","guid":{"rendered":"http:\/\/www.gioba.it\/?p=1597"},"modified":"2012-09-07T17:18:45","modified_gmt":"2012-09-07T17:18:45","slug":"anche-noi-sordomuti-da-guarire-2","status":"publish","type":"post","link":"https:\/\/www.gioba.it\/sito\/2012\/09\/07\/anche-noi-sordomuti-da-guarire-2\/","title":{"rendered":"anche noi sordomuti da guarire"},"content":{"rendered":"<p><a href=\"http:\/\/www.gioba.it\/?attachment_id=1598\" rel=\"attachment wp-att-1598\"><img loading=\"lazy\" decoding=\"async\" src=\"http:\/\/www.gioba.it\/sito\/wp-content\/uploads\/2012\/09\/Martini-in-cielo-colored.jpg\" alt=\"\" title=\"Martini in cielo (colored)\" width=\"590\" height=\"422\" class=\"alignleft size-full wp-image-1598\" \/><\/a><br \/>\n<strong>DOMENICA 9 settembre 2012<\/strong><\/p>\n<blockquote><p>In quel tempo, Ges\u00f9, uscito dalla regione di Tiro, passando per Sid\u00f2ne, venne verso il mare di Galilea in pieno territorio della Dec\u00e0\u00a0poli.<br \/>\nGli portarono un sordomuto e lo pregarono di imporgli la mano. Lo prese in disparte, lontano dalla folla, gli pose le dita negli orecchi e con la saliva gli tocc\u00f2 la lingua; guardando quindi verso il cielo, emise un sospiro e gli disse: \u00abEffat\u00e0\u00a0\u00bb, cio\u00e8: \u00abApriti!\u00bb. E subito gli si aprirono gli orecchi, si sciolse il nodo della sua lingua e parlava correttamente.<br \/>\nE comand\u00f2 loro di non dirlo a nessuno. Ma pi\u00f9 egli lo proibiva, pi\u00f9 essi lo proclamavano e, pieni di stupore, dicevano: \u00abHa fatto bene ogni cosa: fa udire i sordi e fa parlare i muti!\u00bb.<br \/>\n(dal Vangelo di Marco 7,31-37)<\/p><\/blockquote>\n<p><strong>Il rito dell&#8217;Effet\u00e0\u00a0 nella liturgia del Battesimo \u00e8 messo come segno finale, dopo gli altri riti che seguono il gesto dell&#8217;acqua. Dopo l&#8217;unzione con l&#8217;olio del Crisma, la consegna della veste bianca e del cero acceso, il sacerdote tocca le orecchie e la bocca del battezzato con queste parole: &#8220;Il Signore Ges\u00f9, che fece udire i sordi e parlare i muti, ti conceda di ascoltare presto la sua parola, e di professare la tua fede, a lode e gloria di Dio Padre&#8230;&#8221;<br \/>\nCome tanti altri segni nella liturgia, che se non andiamo al loro vero significato, rischiamo di viverli come segni magici, anche questo pu\u00f2 apparire strano e &#8220;magico&#8221;&#8230; e alla fine irrilevante per la vita.<br \/>\nA me piace questo gesto che affonda nella storia evangelica e che lo stesso Ges\u00f9 ha compiuto.<br \/>\nGes\u00f9 non faceva magie, ma lanciava segnali. La guarigione di questo sordomuto \u00e8 il segno che \u00e8 venuto tempo per aprirsi all&#8217;ascolto di Dio e che \u00e8 possibile comunicare con lui!<br \/>\n&#8220;Apriti&#8221;, grida Ges\u00f9 al sordomuto, che non solo \u00e8 guarito dalla sordit\u00e0\u00a0 e dall&#8217;incapacit\u00e0\u00a0 fisica di emettere suoni, ma diventa un comunicatore di quello che gli \u00e8 avvenuto, rompendo persino la barriera del silenzio imposta da Ges\u00f9&#8230;<br \/>\nQuando compio questo rito dell&#8217;Effet\u00e0\u00a0 sui bambini che ho appena battezzato, sento che il gesto \u00e8 anche per me e per tutta la Chiesa.<br \/>\nAnch&#8217;io ho bisogno di guarire dalle mie sordit\u00e0\u00a0 nei confronti di Dio e nei confronti dei miei fratelli, attraverso i quali molto spesso Dio stesso mi interpella. Sono sordo anche quando fisicamente le orecchie mi funzionano bene. E sono muto, anche quando non ho impedimenti fisici a parlare. Sono muto quando con le parole e con la vita non comunico la mia fede. Sono muto quando a chi cerca una parola di bene e una testimonianza di fede, io in realt\u00e0\u00a0 &#8220;non dico niente&#8221; con quel che faccio e quello che sono.<br \/>\nNon solamente il bambino battezzato deve iniziare ad ascoltare da solo la Parola di Dio e a professare la fede, ma anche noi tutti come cristiani siamo chiamati a ritornare all&#8217;ascolto del Vangelo (ascolto vero e non rapida e superficiale lettura&#8230;) e a far si che con tutto quel che siamo e viviamo, diamo lode e gloria a Dio. Il mondo nel quale siamo, e nel quale anche Dio ha camminato con i piedi di Ges\u00f9, ha bisogno di una presenza viva di persone che ascoltano e comunicano realmente la Parola di Dio.<br \/>\nIn questi giorni la Chiesa ha reso l&#8217;ultimo omaggio a un cristiano che ha dedicato la vita alla Parola, testimoniando un ascolto vero e profondo e dimostrando una capacit\u00e0\u00a0 straordinaria di comunicare la fede. E&#8217; il Cardinal Carlo Maria Martini. Personalmente l&#8217;ho conosciuto prima nei suoi innumerevoli scritti che hanno guidato la mia formazione cristiana e umana nel solco del Vangelo, e poi l&#8217;ho conosciuto dal vivo qualche anno fa durante un corso di esercizi spirituali per sacerdoti vicino a Roma. Era il 2008 e gi\u00e0\u00a0 allora Martini era segnato dalla malattia che gli impediva di parlare a lungo e lo indeboliva nei movimenti. Ricordo che nonostante le premesse della sua salute facessero immaginare ad una predicazione stanca, ha saputo riaccendere in me un desiderio profondo di ascoltare la Parola di Dio e un grande entusiasmo nel cercare di attuarla nella mia vita. La malattia non \u00e8 riuscita a spegnere la sua capacit\u00e0\u00a0 di aprire all&#8217;ascolto del Vangelo e la capacit\u00e0\u00a0 di stimolare la testimonianza.<br \/>\n<a href=\"http:\/\/www.gioba.it\/?attachment_id=1601\" rel=\"attachment wp-att-1601\"><img loading=\"lazy\" decoding=\"async\" src=\"http:\/\/www.gioba.it\/sito\/wp-content\/uploads\/2012\/09\/martini-20081.jpg\" alt=\"\" title=\"martini 2008\" width=\"300\" height=\"385\" class=\"alignleft size-full wp-image-1601\" \/><\/a><br \/>\n<a href=\"http:\/\/www.gioba.it\/?attachment_id=1603\" rel=\"attachment wp-att-1603\"><img loading=\"lazy\" decoding=\"async\" src=\"http:\/\/www.gioba.it\/sito\/wp-content\/uploads\/2012\/09\/martini-e-io-2008.jpg\" alt=\"\" title=\"martini e io 2008\" width=\"150\" height=\"98\" class=\"alignright size-full wp-image-1603\" \/><\/a><br \/>\nVorrei anch&#8217;io essere come lui, e penso che la Chiesa intera debba raccogliere la sua testimonianza. La Chiesa guarisca dalla sordit\u00e0\u00a0 che spesso la rende incapace di ascoltare realmente Dio e l&#8217;umanit\u00e0\u00a0, e diventi capace di comunicare non con parole e gesti &#8220;muti&#8221;, ma con parole e gesti che parlano di Dio e lo fanno sentire presente e parlante nel mondo di oggi.<\/strong><br \/>\nGiovanni don<\/p>\n","protected":false},"excerpt":{"rendered":"<p>DOMENICA 9 settembre 2012 In quel tempo, Ges\u00f9, uscito dalla regione di Tiro, passando per Sid\u00f2ne, venne verso il mare di Galilea in pieno territorio della Dec\u00e0\u00a0poli. Gli portarono un sordomuto e lo pregarono di imporgli la mano. Lo prese in disparte, lontano dalla folla, gli pose le dita negli orecchi e con la saliva gli tocc\u00f2 la lingua; guardando quindi verso il cielo, emise un sospiro e gli disse: \u00abEffat\u00e0\u00a0\u00bb, cio\u00e8: \u00abApriti!\u00bb. E subito gli si aprirono gli orecchi, si sciolse il nodo della sua lingua e parlava correttamente. E comand\u00f2 loro di non dirlo a nessuno. Ma pi\u00f9<\/p>\n","protected":false},"author":1,"featured_media":0,"comment_status":"open","ping_status":"open","sticky":false,"template":"","format":"standard","meta":{"footnotes":""},"categories":[],"tags":[],"class_list":["post-1597","post","type-post","status-publish","format-standard","hentry"],"_links":{"self":[{"href":"https:\/\/www.gioba.it\/sito\/wp-json\/wp\/v2\/posts\/1597","targetHints":{"allow":["GET"]}}],"collection":[{"href":"https:\/\/www.gioba.it\/sito\/wp-json\/wp\/v2\/posts"}],"about":[{"href":"https:\/\/www.gioba.it\/sito\/wp-json\/wp\/v2\/types\/post"}],"author":[{"embeddable":true,"href":"https:\/\/www.gioba.it\/sito\/wp-json\/wp\/v2\/users\/1"}],"replies":[{"embeddable":true,"href":"https:\/\/www.gioba.it\/sito\/wp-json\/wp\/v2\/comments?post=1597"}],"version-history":[{"count":3,"href":"https:\/\/www.gioba.it\/sito\/wp-json\/wp\/v2\/posts\/1597\/revisions"}],"predecessor-version":[{"id":1604,"href":"https:\/\/www.gioba.it\/sito\/wp-json\/wp\/v2\/posts\/1597\/revisions\/1604"}],"wp:attachment":[{"href":"https:\/\/www.gioba.it\/sito\/wp-json\/wp\/v2\/media?parent=1597"}],"wp:term":[{"taxonomy":"category","embeddable":true,"href":"https:\/\/www.gioba.it\/sito\/wp-json\/wp\/v2\/categories?post=1597"},{"taxonomy":"post_tag","embeddable":true,"href":"https:\/\/www.gioba.it\/sito\/wp-json\/wp\/v2\/tags?post=1597"}],"curies":[{"name":"wp","href":"https:\/\/api.w.org\/{rel}","templated":true}]}}