{"id":1614,"date":"2012-09-28T14:45:39","date_gmt":"2012-09-28T14:45:39","guid":{"rendered":"http:\/\/www.gioba.it\/?p=1614"},"modified":"2012-09-28T14:45:39","modified_gmt":"2012-09-28T14:45:39","slug":"i-tagli-salutari-del-vangelo","status":"publish","type":"post","link":"https:\/\/www.gioba.it\/sito\/2012\/09\/28\/i-tagli-salutari-del-vangelo\/","title":{"rendered":"i tagli salutari del Vangelo"},"content":{"rendered":"<p><a href=\"http:\/\/www.gioba.it\/?attachment_id=1615\" rel=\"attachment wp-att-1615\"><img loading=\"lazy\" decoding=\"async\" src=\"http:\/\/www.gioba.it\/sito\/wp-content\/uploads\/2012\/09\/politici-e-tagli-colored.jpg\" alt=\"\" title=\"politici e tagli (colored)\" width=\"590\" height=\"411\" class=\"alignright size-full wp-image-1615\" \/><\/a><br \/>\n<strong>DOMENICA 30 settembre 2012<\/strong><\/p>\n<blockquote><p>In quel tempo, Giovanni disse a Ges\u00f9: \u00abMaestro, abbiamo visto uno che scacciava dem\u00f2ni nel tuo nome e volevamo impedirglielo, perch\u00e8 non ci seguiva\u00bb. Ma Ges\u00f9 disse: \u00abNon glielo impedite, perch\u00e8 non c&#8217;\u00e8 nessuno che faccia un miracolo nel mio nome e subito possa parlare male di me: chi non \u00e8 contro di noi \u00e8 per noi.<br \/>\nChiunque infatti vi dar\u00e0\u00a0 da bere un bicchiere d&#8217;acqua nel mio nome perch\u00e8 siete di Cristo, in verit\u00e0\u00a0 io vi dico, non perder\u00e0\u00a0 la sua ricompensa.<br \/>\nChi scandalizzer\u00e0\u00a0 uno solo di questi piccoli che credono in me, \u00e8 molto meglio per lui che gli venga messa al collo una macina da mulino e sia gettato nel mare. Se la tua mano ti \u00e8 motivo di scandalo, tagliala: \u00e8 meglio per te entrare nella vita con una mano sola, anzich\u00e8 con le due mani andare nella Ge\u00e8nna, nel fuoco inestinguibile. E se il tuo piede ti \u00e8 motivo di scandalo, taglialo: \u00e8 meglio per te entrare nella vita con un piede solo, anzich\u00e8 con i due piedi essere gettato nella Ge\u00e8nna. E se il tuo occhio ti \u00e8 motivo di scandalo, gettalo via: \u00e8 meglio per te entrare nel regno di Dio con un occhio solo, anzich\u00e8 con due occhi essere gettato nella Ge\u00e8nna, dove il loro verme non muore e il fuoco non si estingue\u00bb.<br \/>\n(dal Vangelo di Marco 9,38-48)<\/p><\/blockquote>\n<p><a href=\"http:\/\/www.gioba.it\/?attachment_id=1616\" rel=\"attachment wp-att-1616\"><img loading=\"lazy\" decoding=\"async\" src=\"http:\/\/www.gioba.it\/sito\/wp-content\/uploads\/2012\/09\/concilio-vaticano-ii.jpg\" alt=\"\" title=\"concilio-vaticano-ii\" width=\"350\" height=\"350\" class=\"alignright size-full wp-image-1616\" \/><\/a><br \/>\n<strong>Tra una decina di giorni la Chiesa celebrer\u00e0\u00a0 i 50 anni dall&#8217;apertura solenne del Concilio Vaticano Secondo, che per 3 anni, dal 1962 al 1965, radun\u00f2 i vescovi di tutta la terra con lo scopo di ridisegnare la vita dentro la Chiesa e il suo rapporto con il mondo moderno. Fu un evento grandioso, non solo per la solennit\u00e0\u00a0 con cui si svolse, portando nella Basilica di San Pietro migliaia di Vescovi, ma lo fu soprattutto per il coraggio con il quale si ripresero in mano molti aspetti della vita ecclesiale che sentivano ormai il peso del tempo e andavano rivisitati e cambiati. Pochi giorni fa ho avuto il dono di incontrare ad un convegno per gli insegnanti di religione di Verona, uno degli ultimi vescovi ancora in vita che parteciparono attivamente al Concilio: monsignor Luigi Bettazzi, ex vescovo di Ivrea. Questo pastore, nonostante l&#8217;et\u00e0\u00a0 (89 anni), conserva intatta una carica di fede e un entusiasmo che fanno sentire questo evento conciliare ancora vivo.<br \/>\n<a href=\"http:\/\/www.gioba.it\/?attachment_id=1617\" rel=\"attachment wp-att-1617\"><img loading=\"lazy\" decoding=\"async\" src=\"http:\/\/www.gioba.it\/sito\/wp-content\/uploads\/2012\/09\/1.jpg\" alt=\"\" title=\"1\" width=\"180\" height=\"241\" class=\"alignright size-full wp-image-1617\" \/><\/a><br \/>\nBettazzi ha esortato i presenti a credere ancora a questo cambiamento profondo che non \u00e8 ancora del tutto avvenuto dentro la Chiesa<br \/>\nUno dei punti pi\u00f9 innovativi del Concilio \u00e8 stata proprio l&#8217;apertura al mondo, con le sue differenti visioni religiose e filosofiche, spesso in contrasto con i dogmi della Chiesa. Il mondo, per i padri conciliari, non va pi\u00f9 visto come &#8220;nemico&#8221;, ma al contrario va ricercato in esso quello che c&#8217;\u00e8 di buono e che \u00e8 segno della presenza di Cristo, anche senza avere l&#8217;etichetta esplicita cristiano cattolica.<br \/>\n&#8220;Chi non \u00e8 contro di noi \u00e8 per noi&#8221; dice Ges\u00f9 ai suoi zelanti apostoli che vorrebbero che tutti facessero parte strettamente del loro gruppo (&#8220;&#8230;abbiamo visto uno che scacciava dem\u00f2ni nel tuo nome e volevamo impedirglielo, perch\u00e8 non ci seguiva&#8221;). Ges\u00f9 riconosce, con una semplice espressione che \u00e8 sintesi del suo stile, che ogni uomo e donna di buona volont\u00e0\u00a0 che ricerca la pace, il bene comune, il progresso della convivenza umana non \u00e8 mai contro il Vangelo e contro la Chiesa. Anzi in qualche modo ne fa parte!<br \/>\nIl Concilio ha riconosciuto questo e ha iniziato un processo di apertura e dialogo con il mondo che non si \u00e8 interrotto.<br \/>\nOggi forse questa apertura e dialogo sembrano un po&#8217; lenti e insufficienti. E mi spiace che molti, che sono fuori dai nostri ambienti parrocchiali ed ecclesiali, sentano la Chiesa come nemica della modernit\u00e0\u00a0 e sempre troppo critica riguardo le visioni diverse della vita umana.<br \/>\nForse la critica di immobilismo fatta ai cristiani \u00e8 un campanello d&#8217;allarme per andare a recuperare lo spirito del Concilio, e far si che questo anniversario non sia solo uno sguardo al passato, ma un rilancio verso il futuro.<br \/>\nGes\u00f9 lo dice in modo molto chiaro e &#8220;tagliente&#8221;: quello che scandalizza i piccoli va tagliato. Cosa scandalizza i piccoli, cio\u00e8 coloro che sono poveri nella fede e ancora &#8220;piccoli&#8221; nella comprensione dell&#8217;insegnamento del Vangelo? Cosa del mio e nostro comportamento non aiuta chi \u00e8 lontano ad avvicinarsi?<br \/>\nSe il nostro modo di fare \u00e8 scandaloso (cio\u00e8 letteralmente &#8220;fa inciampare) quelli che cercano Dio e Cristo&#8230; allora qualcosa va tagliato. Tagliare costa ed \u00e8 doloroso, ma alla fine porta frutto.<br \/>\nIl Concilio ha tagliato molto nelle tradizioni e consuetudini secolari della Chiesa. Il taglio non \u00e8 stato indolore e ancora oggi c&#8217;\u00e8 chi si oppone a questo Concilio ritenendolo nefasto per la Chiesa. Ma penso che sta proprio in questi tagli il coraggio evangelico che \u00e8 profondamente sanante per la Chiesa.<br \/>\n Cosa c&#8217;\u00e8 da tagliare oggi in me, nel mio modo di vivere e testimoniare la fede? Quali sono i tagli che la Chiesa deve ancora operare per essere fedele al Vangelo?<\/strong><br \/>\n Giovanni don<\/p>\n","protected":false},"excerpt":{"rendered":"<p>DOMENICA 30 settembre 2012 In quel tempo, Giovanni disse a Ges\u00f9: \u00abMaestro, abbiamo visto uno che scacciava dem\u00f2ni nel tuo nome e volevamo impedirglielo, perch\u00e8 non ci seguiva\u00bb. Ma Ges\u00f9 disse: \u00abNon glielo impedite, perch\u00e8 non c&#8217;\u00e8 nessuno che faccia un miracolo nel mio nome e subito possa parlare male di me: chi non \u00e8 contro di noi \u00e8 per noi. Chiunque infatti vi dar\u00e0\u00a0 da bere un bicchiere d&#8217;acqua nel mio nome perch\u00e8 siete di Cristo, in verit\u00e0\u00a0 io vi dico, non perder\u00e0\u00a0 la sua ricompensa. Chi scandalizzer\u00e0\u00a0 uno solo di questi piccoli che credono in me, \u00e8 molto<\/p>\n","protected":false},"author":1,"featured_media":0,"comment_status":"open","ping_status":"open","sticky":false,"template":"","format":"standard","meta":{"footnotes":""},"categories":[],"tags":[],"class_list":["post-1614","post","type-post","status-publish","format-standard","hentry"],"_links":{"self":[{"href":"https:\/\/www.gioba.it\/sito\/wp-json\/wp\/v2\/posts\/1614","targetHints":{"allow":["GET"]}}],"collection":[{"href":"https:\/\/www.gioba.it\/sito\/wp-json\/wp\/v2\/posts"}],"about":[{"href":"https:\/\/www.gioba.it\/sito\/wp-json\/wp\/v2\/types\/post"}],"author":[{"embeddable":true,"href":"https:\/\/www.gioba.it\/sito\/wp-json\/wp\/v2\/users\/1"}],"replies":[{"embeddable":true,"href":"https:\/\/www.gioba.it\/sito\/wp-json\/wp\/v2\/comments?post=1614"}],"version-history":[{"count":1,"href":"https:\/\/www.gioba.it\/sito\/wp-json\/wp\/v2\/posts\/1614\/revisions"}],"predecessor-version":[{"id":1618,"href":"https:\/\/www.gioba.it\/sito\/wp-json\/wp\/v2\/posts\/1614\/revisions\/1618"}],"wp:attachment":[{"href":"https:\/\/www.gioba.it\/sito\/wp-json\/wp\/v2\/media?parent=1614"}],"wp:term":[{"taxonomy":"category","embeddable":true,"href":"https:\/\/www.gioba.it\/sito\/wp-json\/wp\/v2\/categories?post=1614"},{"taxonomy":"post_tag","embeddable":true,"href":"https:\/\/www.gioba.it\/sito\/wp-json\/wp\/v2\/tags?post=1614"}],"curies":[{"name":"wp","href":"https:\/\/api.w.org\/{rel}","templated":true}]}}