{"id":1635,"date":"2012-10-26T15:45:42","date_gmt":"2012-10-26T15:45:42","guid":{"rendered":"http:\/\/www.gioba.it\/?p=1635"},"modified":"2012-10-26T15:45:42","modified_gmt":"2012-10-26T15:45:42","slug":"un-cieco-dalla-fede-cieca","status":"publish","type":"post","link":"https:\/\/www.gioba.it\/sito\/2012\/10\/26\/un-cieco-dalla-fede-cieca\/","title":{"rendered":"un cieco dalla fede cieca"},"content":{"rendered":"<p><a href=\"http:\/\/www.gioba.it\/?attachment_id=1636\" rel=\"attachment wp-att-1636\"><img loading=\"lazy\" decoding=\"async\" src=\"http:\/\/www.gioba.it\/sito\/wp-content\/uploads\/2012\/10\/guarito-per-strada-colored.jpg\" alt=\"\" title=\"guarito per strada (colored)\" width=\"590\" height=\"420\" class=\"alignright size-full wp-image-1636\" \/><\/a><br \/>\n<strong>DOMENICA 28 ottobre 2012<\/strong><\/p>\n<blockquote><p>In quel tempo, mentre Ges\u00f9 partiva da G\u00e8rico insieme ai suoi discepoli e a molta folla, il figlio di Tim\u00e8o, Bartim\u00e8o, che era cieco, sedeva lungo la strada a mendicare. Sentendo che era Ges\u00f9 Nazareno, cominci\u00f2 a gridare e a dire: \u00abFiglio di Davide, Ges\u00f9, abbi piet\u00e0\u00a0 di me!\u00bb.<br \/>\nMolti lo rimproveravano perch\u00e8 tacesse, ma egli gridava ancora pi\u00f9 forte: \u00abFiglio di Davide, abbi piet\u00e0\u00a0 di me!\u00bb.<br \/>\nGes\u00f9 si ferm\u00f2 e disse: \u00abChiamatelo!\u00bb. Chiamarono il cieco, dicendogli: \u00abCoraggio! \u00e0lzati, ti chiama!\u00bb. Egli, gettato via il suo mantello, balz\u00f2 in piedi e venne da Ges\u00f9.<br \/>\nAllora Ges\u00f9 gli disse: \u00abChe cosa vuoi che io faccia per te?\u00bb. E il cieco gli rispose: \u00abRabbun\u00ec, che io veda di nuovo!\u00bb. E Ges\u00f9 gli disse: \u00abVa&#8217;, la tua fede ti ha salvato\u00bb. E subito vide di nuovo e lo seguiva lungo la strada.<br \/>\n(dal Vangelo di Marco 10,46-52)<\/p><\/blockquote>\n<p><strong>Sono stato a Gerico questa estate. Nel pellegrinaggio organizzato con i giovani della parrocchia, abbiamo previsto un cammino di 3 ore nel deserto, partendo da un punto in mezzo alle colline rocciose e aride della Giudea, fino alla citt\u00e0\u00a0 di Gerico, o almeno quella che oggi porta lo stesso nome, e  che conserva ancora qualche resto della citt\u00e0\u00a0 dei tempi di Ges\u00f9.<br \/>\nPer vedere Gerico bisogna quindi farsi questo viaggio in Israele, ma per vedere Bartimeo, il cieco che sta lungo il cammino e che incontra Ges\u00f9, non si deve fare cos\u00ec tanta strada.<br \/>\nLa prima cosa infatti che ho pensato leggendo questo racconto \u00e8 che Marco spende pi\u00f9 di una parola per dirci qualcosa di questo personaggio che non rimane anonimo. Capita spesso che alcuni personaggi del vangelo sono quasi privi di descrizione e privi anche del nome. Qui invece ci viene detto chi \u00e8 e di chi \u00e8 figlio. Al contrario la folla che sta attorno Ges\u00f9, rimane senza un nome.<br \/>\nQuesto povero sappiamo quindi dove trovarlo e conosciamo anche il nome e anche di chi \u00e8 figlio. Non possiamo quindi rimanere ciechi e non vederlo, facendo finta di nulla.<br \/>\nI poveri attorno a noi sono spesso invisibili, non perch\u00e8 non ci sono, ma perch\u00e8 noi non li vediamo. Sembra che abbiamo una specie di filtro agli occhi per non vedere le povert\u00e0\u00a0 e sofferenze che incontriamo. Questo Bartimeo \u00e8 visto solamente come una gran seccatura. Le sue grida a Ges\u00f9 (&#8220;Figlio di Davide, abbi piet\u00e0\u00a0 di me!&#8221;) sono smorzate dai rimproveri della folla che non lo vuole vedere, e vorrebbe passare pi\u00f9 avanti, impedendo l&#8217;incontro con Ges\u00f9.<br \/>\nIn questa folla di personaggi che non hanno nome, forse possiamo vedere proprio noi stessi, noi come singoli cristiani e anche l&#8217;intera comunit\u00e0\u00a0 cristiana.<br \/>\nMa il desiderio di Bartimeo di incontrare Ges\u00f9 buca la barriera, e arriva all&#8217;orecchio attento di Ges\u00f9, che toglie cos\u00ec dall&#8217;ombra questo non vedente che nessuno vuole vedere.<br \/>\nPensiamo che il miracolo della vista fisica ridonata sia l&#8217;unica guarigione di questo racconto. In realt\u00e0\u00a0 Ges\u00f9 dona luce non solo agli occhi del cieco, ma dona nuova vista anche a questa folla, nella quale si mescolano anche i suoi discepoli. Ges\u00f9 con quell&#8217;ordine (&#8220;Chiamatelo!&#8221;) guarisce la folla dalla cecit\u00e0\u00a0 e la trasforma da&#8221; barriera&#8221; a &#8220;ponte&#8221;. E&#8217; infatti attraverso le persone che stanno attorno a Ges\u00f9 che il cieco pu\u00f2 venire al Signore, e dal margine della strada a mendicare si ritrova ora al centro.<\/p>\n<ul>\nLa folla cieca diventa vedente, e capace di accogliere un nuovo fratello al quale non rimprovera pi\u00f9 le grida, ma al contrario fa coraggio! Questa \u00e8 la comunit\u00e0\u00a0 cristiana!<br \/>\nSe Bartimeo \u00e8 l&#8217;immagine dell&#8217;uomo che cerca Dio in ogni situazione di vita, specialmente quando \u00e8 pi\u00f9 difficile e disumana, la folla \u00e8 la Chiesa, siamo noi. Anche per noi \u00e8 necessaria una guarigione dalla cecit\u00e0\u00a0 che ci rende incapaci di vedere i poveri e le nostre stesse povert\u00e0\u00a0. L&#8217;ordine di Ges\u00f9 a chiamare il cieco \u00e8 traducibile oggi nella nostra continua missione, che \u00e8 quella di essere &#8220;ponte&#8221; verso Ges\u00f9, verso il Vangelo per tutti coloro che cercano una luce nelle tenebre della loro vita. Non possiamo mai, per nessun motivo, smorzare le domande degli uomini che cercano di risollevarsi dai bordi delle strade della vita. Al contrario dobbiamo fare coraggio e indicare la strada.<br \/>\nGes\u00f9 opera il miracolo dopo aver messo in luce il coraggio e la fede di questo cieco. Per andare da Ges\u00f9 Bartimeo ha persino lasciato a terra il suo mantello, l&#8217;unica copertura e difesa per un povero mendicante. Ha quindi ragione Ges\u00f9 a dire &#8220;&#8230;la tua fede ti ha salvato&#8221;. Questo Bartimeo \u00e8 il vero credente che si fida ciecamente di Ges\u00f9 ancor prima di ricevere quel che chiede. E con la vista riceve anche una nuova prospettiva per la vita, un nuovo modo di vedere se stesso e gli altri: diventa discepolo.<\/strong><\/ul>\n<p>Giovanni don<\/p>\n","protected":false},"excerpt":{"rendered":"<p>DOMENICA 28 ottobre 2012 In quel tempo, mentre Ges\u00f9 partiva da G\u00e8rico insieme ai suoi discepoli e a molta folla, il figlio di Tim\u00e8o, Bartim\u00e8o, che era cieco, sedeva lungo la strada a mendicare. Sentendo che era Ges\u00f9 Nazareno, cominci\u00f2 a gridare e a dire: \u00abFiglio di Davide, Ges\u00f9, abbi piet\u00e0\u00a0 di me!\u00bb. Molti lo rimproveravano perch\u00e8 tacesse, ma egli gridava ancora pi\u00f9 forte: \u00abFiglio di Davide, abbi piet\u00e0\u00a0 di me!\u00bb. Ges\u00f9 si ferm\u00f2 e disse: \u00abChiamatelo!\u00bb. Chiamarono il cieco, dicendogli: \u00abCoraggio! \u00e0lzati, ti chiama!\u00bb. Egli, gettato via il suo mantello, balz\u00f2 in piedi e venne da Ges\u00f9. Allora Ges\u00f9<\/p>\n","protected":false},"author":1,"featured_media":0,"comment_status":"open","ping_status":"open","sticky":false,"template":"","format":"standard","meta":{"footnotes":""},"categories":[],"tags":[],"class_list":["post-1635","post","type-post","status-publish","format-standard","hentry"],"_links":{"self":[{"href":"https:\/\/www.gioba.it\/sito\/wp-json\/wp\/v2\/posts\/1635","targetHints":{"allow":["GET"]}}],"collection":[{"href":"https:\/\/www.gioba.it\/sito\/wp-json\/wp\/v2\/posts"}],"about":[{"href":"https:\/\/www.gioba.it\/sito\/wp-json\/wp\/v2\/types\/post"}],"author":[{"embeddable":true,"href":"https:\/\/www.gioba.it\/sito\/wp-json\/wp\/v2\/users\/1"}],"replies":[{"embeddable":true,"href":"https:\/\/www.gioba.it\/sito\/wp-json\/wp\/v2\/comments?post=1635"}],"version-history":[{"count":1,"href":"https:\/\/www.gioba.it\/sito\/wp-json\/wp\/v2\/posts\/1635\/revisions"}],"predecessor-version":[{"id":1637,"href":"https:\/\/www.gioba.it\/sito\/wp-json\/wp\/v2\/posts\/1635\/revisions\/1637"}],"wp:attachment":[{"href":"https:\/\/www.gioba.it\/sito\/wp-json\/wp\/v2\/media?parent=1635"}],"wp:term":[{"taxonomy":"category","embeddable":true,"href":"https:\/\/www.gioba.it\/sito\/wp-json\/wp\/v2\/categories?post=1635"},{"taxonomy":"post_tag","embeddable":true,"href":"https:\/\/www.gioba.it\/sito\/wp-json\/wp\/v2\/tags?post=1635"}],"curies":[{"name":"wp","href":"https:\/\/api.w.org\/{rel}","templated":true}]}}