{"id":2125,"date":"2015-02-27T15:08:09","date_gmt":"2015-02-27T15:08:09","guid":{"rendered":"http:\/\/www.gioba.it\/?p=2125"},"modified":"2015-02-27T15:08:09","modified_gmt":"2015-02-27T15:08:09","slug":"avvolti-dalla-preghiera-di-gesu","status":"publish","type":"post","link":"https:\/\/www.gioba.it\/sito\/2015\/02\/27\/avvolti-dalla-preghiera-di-gesu\/","title":{"rendered":"Avvolti dalla preghiera di Ges\u00f9"},"content":{"rendered":"<p><a href=\"http:\/\/www.gioba.it\/sito\/wp-content\/uploads\/2015\/02\/grigio-a-messa-colored.jpg\"><img loading=\"lazy\" decoding=\"async\" src=\"http:\/\/www.gioba.it\/sito\/wp-content\/uploads\/2015\/02\/grigio-a-messa-colored.jpg\" alt=\"grigio a messa (colored)\" width=\"590\" height=\"452\" class=\"alignleft size-full wp-image-2126\" \/><\/a><br \/>\n<strong>DOMENICA 1 marzo 2015<br \/>\nSeconda di Quaresima<br \/>\n<\/strong><\/p>\n<blockquote><p>In quel tempo, Ges\u00f9 prese con s\u00e8 Pietro, Giacomo e Giovanni e li condusse su un alto monte, in disparte, loro soli.<br \/>\nFu trasfigurato davanti a loro e le sue vesti divennero splendenti, bianchissime: nessun lavandaio sulla terra potrebbe renderle cos\u00ec bianche. E apparve loro Elia con Mos\u00e8 e conversavano con Ges\u00f9. Prendendo la parola, Pietro disse a Ges\u00f9: \u00abRabb\u00ec, \u00e8 bello per noi essere qui; facciamo tre capanne, una per te, una per Mos\u00e8 e una per Elia\u00bb. Non sapeva infatti che cosa dire, perch\u00e8 erano spaventati. Venne una nube che li copr\u00ec con la sua ombra e dalla nube usc\u00ec una voce: \u00abQuesti \u00e8 il Figlio mio, l&#8217;amato: ascoltatelo!\u00bb. E improvvisamente, guardandosi attorno, non videro pi\u00f9 nessuno, se non Ges\u00f9 solo, con loro.<br \/>\nMentre scendevano dal monte, ordin\u00f2 loro di non raccontare ad alcuno ci\u00f2 che avevano visto, se non dopo che il Figlio dell&#8217;uomo fosse risorto dai morti. Ed essi tennero fra loro la cosa, chiedendosi che cosa volesse dire risorgere dai morti.<br \/>\n(dal Vangelo di Marco 9,2-10)<\/p><\/blockquote>\n<p><strong>Chi \u00e8 Ges\u00f9?<br \/>\nL&#8217;amato da Dio&#8230;<br \/>\nChi siamo noi?<br \/>\nGli amati da Dio&#8230;<br \/>\nQual \u00e8 la nostra missione?<br \/>\nAmare come Ges\u00f9&#8230;<br \/>\nQuesto amore che avvolge l&#8217;esistenza umana \u00e8 come quella luce che avvolge Ges\u00f9 e i suoi discepoli, che in una frazione di tempo, comprendono la vera identit\u00e0\u00a0 di Ges\u00f9, e sentono una sensazione profonda di bellezza (che va oltre gli occhi e arriva all&#8217;anima) che vorrebbero fissare e trattenere come un fuoco sacro attorno al quale costruire un tempio perch\u00e8 lo custodisca in eterno. &#8220;E&#8217; bello per noi stare qui&#8230;&#8221; \u00e8 detto da Pietro, e interpreta sicuramente la sensazione di pace totale che coinvolge anche gli altri suoi due amici presenti con lui sul monte della Trasfigurazione di Ges\u00f9.<br \/>\nIeri sera con gli adolescenti e giovani abbiamo vissuto un incontro di preghiera, che prevedeva un iniziale momento di riflessione sul Vangelo e poi un tempo di adorazione eucaristica in chiesa, curata dal nostro coro giovanile parrocchiale. Tutto \u00e8 stato preparato con cura sia nei testi che nell&#8217;ambientazione in chiesa e nei canti. Ci siamo trovati in un luogo esterno alla chiesa, un&#8217;aula parrocchiale per il primo momento di lettura e condivisione del brano di Vangelo.<br \/>\nPoco prima di iniziare, aspettando gli ultimi ritardatari, mi sono guardato attorno e anche dentro di me. Avevo il desiderio che fosse un momento &#8220;bello&#8221; per i ragazzi, e che sentissero questa esperienza particolare di preghiera come qualcosa che alla fine li rappacificasse profondamente con se stessi e con Dio. Volevo davvero che la loro sensazione finale fosse come quella di Pietro nel Vangelo &#8220;che bello per noi stare qui&#8230;&#8221;.<br \/>\nAbbiamo veramente bisogno di momenti come questi, di pace, di armonia con Dio e con la nostra vita, perch\u00e8 sembrano essere di pi\u00f9 le occasioni in cui diciamo &#8220;\u00e8 brutto per me stare qui&#8230;&#8221; quando affrontiamo le difficolt\u00e0\u00a0 delle relazioni, quando sentiamo la fragilit\u00e0\u00a0 del corpo, quando siamo delusi nelle aspettative, quando affrontiamo lutti e distacchi dolorosi&#8230;. Sono davvero tante le occasioni in cui sentiamo che &#8220;non \u00e8 bello stare qui&#8221; anche nell&#8217;ambiente religioso, quando lo sentiamo lontano dalla vita, quando ci scontriamo con testimonianze contraddittorie e quando Dio ci viene testimoniato come &#8220;nemico&#8221; delle nostre libert\u00e0\u00a0 e delle nostre aspettative.<br \/>\nGes\u00f9 porta sul monte i 3 discepoli anche per noi; e loro, che avranno bisogno ancora di un lungo cammino per capire quel che succede, lo fanno arrivare a noi nel racconto del Vangelo e nella testimonianza della loro vita.<br \/>\nGuardando i ragazzi attorno al tavolo prima di iniziare la preghiera, ho avuto la sensazione di una distanza enorme tra le mie aspettative e le loro, tra quello che avevo in mente io per quella preghiera e quello che loro pensano del pregare e delle varie occasioni di preghiera che facciamo di solito in parrocchia, messa compresa. Era quasi tentato di lasciar perdere, anche perch\u00e8 erano tante le assenze e non tutte per impedimenti davvero insormontabili.<br \/>\nAlla fine l&#8217;incontro di preghiera lo abbiamo fatto, ed \u00e8 durato quasi un paio d&#8217;ore. L&#8217;abbiamo fatto perch\u00e8 \u00e8 stata una provocazione anche per me, che forse vivo la preghiera e in particolare la messa, con il rischio dell&#8217;automatismo sterile o solo per un obbligo che non arriva al cuore. Ho voluto scommettere con gli adolescenti e giovani che quel che avremmo vissuto avrebbe fatto sicuramente breccia almeno un po&#8217; nella loro corazza che in fondo \u00e8 anche la mia, per farci sperimentare quella bellezza spirituale profonda che ci fa conoscere Ges\u00f9 come l&#8217;amato che ci ama, che ci fa sentire amati a nostra volta, e chiamati ad amare chiunque abbiamo accanto.<br \/>\nNel cammino della Quaresima, con l&#8217;invito ad una preghiera pi\u00f9 attenta e vera, ancora una volta siamo provocati a non guardare a quello che dobbiamo togliere e rinunciare, ma a quello che possiamo sperimentare di bello e guadagnare: l&#8217;amore avvolgente e luminoso di Dio per me e il prossimo.<\/strong><br \/>\nGiovanni don<\/p>\n","protected":false},"excerpt":{"rendered":"<p>DOMENICA 1 marzo 2015 Seconda di Quaresima In quel tempo, Ges\u00f9 prese con s\u00e8 Pietro, Giacomo e Giovanni e li condusse su un alto monte, in disparte, loro soli. Fu trasfigurato davanti a loro e le sue vesti divennero splendenti, bianchissime: nessun lavandaio sulla terra potrebbe renderle cos\u00ec bianche. E apparve loro Elia con Mos\u00e8 e conversavano con Ges\u00f9. Prendendo la parola, Pietro disse a Ges\u00f9: \u00abRabb\u00ec, \u00e8 bello per noi essere qui; facciamo tre capanne, una per te, una per Mos\u00e8 e una per Elia\u00bb. Non sapeva infatti che cosa dire, perch\u00e8 erano spaventati. Venne una nube che li<\/p>\n","protected":false},"author":1,"featured_media":0,"comment_status":"open","ping_status":"open","sticky":false,"template":"","format":"standard","meta":{"footnotes":""},"categories":[],"tags":[],"class_list":["post-2125","post","type-post","status-publish","format-standard","hentry"],"_links":{"self":[{"href":"https:\/\/www.gioba.it\/sito\/wp-json\/wp\/v2\/posts\/2125","targetHints":{"allow":["GET"]}}],"collection":[{"href":"https:\/\/www.gioba.it\/sito\/wp-json\/wp\/v2\/posts"}],"about":[{"href":"https:\/\/www.gioba.it\/sito\/wp-json\/wp\/v2\/types\/post"}],"author":[{"embeddable":true,"href":"https:\/\/www.gioba.it\/sito\/wp-json\/wp\/v2\/users\/1"}],"replies":[{"embeddable":true,"href":"https:\/\/www.gioba.it\/sito\/wp-json\/wp\/v2\/comments?post=2125"}],"version-history":[{"count":1,"href":"https:\/\/www.gioba.it\/sito\/wp-json\/wp\/v2\/posts\/2125\/revisions"}],"predecessor-version":[{"id":2127,"href":"https:\/\/www.gioba.it\/sito\/wp-json\/wp\/v2\/posts\/2125\/revisions\/2127"}],"wp:attachment":[{"href":"https:\/\/www.gioba.it\/sito\/wp-json\/wp\/v2\/media?parent=2125"}],"wp:term":[{"taxonomy":"category","embeddable":true,"href":"https:\/\/www.gioba.it\/sito\/wp-json\/wp\/v2\/categories?post=2125"},{"taxonomy":"post_tag","embeddable":true,"href":"https:\/\/www.gioba.it\/sito\/wp-json\/wp\/v2\/tags?post=2125"}],"curies":[{"name":"wp","href":"https:\/\/api.w.org\/{rel}","templated":true}]}}