{"id":2132,"date":"2015-03-14T15:10:16","date_gmt":"2015-03-14T15:10:16","guid":{"rendered":"http:\/\/www.gioba.it\/?p=2132"},"modified":"2015-03-14T15:10:16","modified_gmt":"2015-03-14T15:10:16","slug":"il-sole-di-notte","status":"publish","type":"post","link":"https:\/\/www.gioba.it\/sito\/2015\/03\/14\/il-sole-di-notte\/","title":{"rendered":"Il sole di notte"},"content":{"rendered":"<p><a href=\"http:\/\/www.gioba.it\/sito\/wp-content\/uploads\/2015\/03\/giubileo-e-porte-colored.jpg\"><img loading=\"lazy\" decoding=\"async\" src=\"http:\/\/www.gioba.it\/sito\/wp-content\/uploads\/2015\/03\/giubileo-e-porte-colored.jpg\" alt=\"giubileo e porte (colored)\" width=\"590\" height=\"446\" class=\"alignleft size-full wp-image-2133\" \/><\/a><br \/>\n<strong>DOMENICA 15 marzo 2015<br \/>\nQuarta di quaresima<\/strong> <\/p>\n<blockquote><p>In quel tempo, Ges\u00f9 disse a Nicod\u00e8mo:<br \/>\n\u00abCome Mos\u00e8 innalz\u00f2 il serpente nel deserto, cos\u00ec bisogna che sia innalzato il Figlio dell&#8217;uomo, perch\u00e8 chiunque crede in lui abbia la vita eterna.<br \/>\nDio infatti ha tanto amato il mondo da dare il Figlio unigenito perch\u00e8 chiunque crede in lui non vada perduto, ma abbia la vita eterna. Dio, infatti, non ha mandato il Figlio nel mondo per condannare il mondo, ma perch\u00e8 il mondo sia salvato per mezzo di lui. Chi crede in lui non \u00e8 condannato; ma chi non crede \u00e8 gi\u00e0\u00a0 stato condannato, perch\u00e8 non ha creduto nel nome dell&#8217;unigenito Figlio di Dio.<br \/>\nE il giudizio \u00e8 questo: la luce \u00e8 venuta nel mondo, ma gli uomini hanno amato pi\u00f9 le tenebre che la luce, perch\u00e8 le loro opere erano malvagie. Chiunque infatti fa il male, odia la luce, e non viene alla luce perch\u00e8 le sue opere non vengano riprovate. Invece chi fa la verit\u00e0\u00a0 viene verso la luce, perch\u00e8 appaia chiaramente che le sue opere sono state fatte in Dio\u00bb.<br \/>\n(dal Vangelo di Giovanni 3,14-21)<\/p><\/blockquote>\n<p><strong>La notte scorsa ho vissuto anche io come gli altri preti del mio vicariato l&#8217;iniziativa lanciata dal papa di &#8220;24 ore per il Signore&#8221;, che prevede che per 24 ore ininterrotte una chiesa della zona rimanga aperta per la preghiera e il sacramento della riconciliazione.<br \/>\nIo ho scelto il turno tra le 2 e 3 di notte, e mi sono messo a disposizione di chiunque volesse pregare o confessarsi. Devo ammettere che non c&#8217;\u00e8 stato molto giro di persone in un&#8217;ora cos\u00ec notturna, ma questo ha permesso a me di vivere in maniera pi\u00f9 intensa questa occasione spirituale.<br \/>\nE&#8217; stato bello meditare il Vangelo di domenica proprio in una vera veglia notturna. Nel Vangelo di Giovanni al capitolo 3 si parla di un dialogo profondo tra Nicodemo, un fariseo, e Ges\u00f9. Questo dialogo si svolge proprio di notte, come racconta l&#8217;evangelista, esattamente come questa mia notte in chiesa, dove ci sono io e c&#8217;\u00e8 il Signore nel segno del pane eucaristico sull&#8217;altare e nel segno della sua parola del Vangelo tra le mie mani.<br \/>\nLe tante domande di Nicodemo a Ges\u00f9 e la sua fatica a capire quello che Ges\u00f9 gli dice le sento in sintonia con le mie tante domande e le mie fatiche di capire e vivere il Vangelo. E stando dentro questo confessionale mi pare di percepire anche le tante domande, dubbi e fatiche di altri che spesso qui entrano in cerca di luce, conforto e risposte&#8230;<br \/>\nLa fede \u00e8 fare, vivere&#8230;<br \/>\nCredere in Ges\u00f9 \u00e8 credere che nel vivere secondo i suoi insegnamenti abbiamo la vita eterna&#8230;<br \/>\nNon c&#8217;\u00e8 fede senza amore, senza opere di amore. Non sono le opere a salvarci, ma \u00e8 il non-amore che mi toglie la salvezza gi\u00e0\u00a0 offerta e donata.<br \/>\nPapa Francesco in un suo intervento in una parrocchia romana, alla domanda di un ragazzo sull&#8217;esistenza o meno dell&#8217;Inferno ha risposto che l&#8217;inferno prima di essere un luogo \u00e8 una dimensione spirituale che si vive gi\u00e0\u00a0 qui adesso. Inferno \u00e8 tagliare con Dio, non fidarsi delle sue parole e del suo dono. L&#8217;inferno \u00e8 un mondo senza amore e senza speranza, regolato solo da egoismi e violenze.<br \/>\nLa notte che avvolge Nicodemo e Ges\u00f9 nel loro dialogo \u00e8 come la nostra notte di vita,  la notte di ogni uomo. Cerchiamo risposte proprio di notte perch\u00e8 anche la pi\u00f9 piccola luce aiuta, come la luce di una pagina di vangelo, la luce di un pezzo di pane sull&#8217;altare, la luce di una preghiera semplice&#8230;<br \/>\nLeggevo in questi giorni che la Siria a causa dei tanti anni di guerra civile \u00e8 ormai quasi totalmente immersa nella notte reale senza luce elettrica, che diventa simbolo di una tenebra di violenza che la avvolge e la oscura. Ma le nostre luci occidentali sono davvero pi\u00f9 luminose? O la luce artificiale oscura quella vera?<br \/>\nFede, luce, amore&#8230;<br \/>\nQuanto bisogno c&#8217;\u00e8 di luce vera! Anche in chi sembra immerso nelle luci.<br \/>\nC&#8217;\u00e8 bisogno di una Luce che innalza e ridona la speranza che la vita ha significato non per quel che si produce ma per quanto si \u00e8 capaci di amare.<br \/>\nLa fede \u00e8 credere che la nostra vita dipende dall&#8217;amore che mettiamo dentro in tutti i gesti anche pi\u00f9 quotidiani.<br \/>\nFede \u00e8 credere non tanto che Dio esiste ma che mi ama.<br \/>\nFede \u00e8 credere che la mia vita si illumina e diventa luminosa grazie all&#8217;amore.<br \/>\nGes\u00f9 \u00e8 venuto a mostrare tutto questo proprio dall&#8217;alto della croce, che \u00e8 segno luminoso per la storia umana! La croce \u00e8 innalzamento e non abbassamento! La morte come dono diventa vita e resurrezione.<br \/>\nSono stato in chiesa per l&#8217;adorazione un po&#8217; pi\u00f9 della mia ora prefissata, e alla fine sono uscito che erano le 5 per tornare in canonica. Posso dire che se anche il sole non era ancora sorto fisicamente, stando con il Signore e la sua Parola, il sole della fede mi ha illuminato con i suoi raggi, e ho imparato che davvero il sole di Ges\u00f9 sorge anche di notte&#8230; in ogni notte.<\/strong><br \/>\nGiovanni don<\/p>\n","protected":false},"excerpt":{"rendered":"<p>DOMENICA 15 marzo 2015 Quarta di quaresima In quel tempo, Ges\u00f9 disse a Nicod\u00e8mo: \u00abCome Mos\u00e8 innalz\u00f2 il serpente nel deserto, cos\u00ec bisogna che sia innalzato il Figlio dell&#8217;uomo, perch\u00e8 chiunque crede in lui abbia la vita eterna. Dio infatti ha tanto amato il mondo da dare il Figlio unigenito perch\u00e8 chiunque crede in lui non vada perduto, ma abbia la vita eterna. Dio, infatti, non ha mandato il Figlio nel mondo per condannare il mondo, ma perch\u00e8 il mondo sia salvato per mezzo di lui. Chi crede in lui non \u00e8 condannato; ma chi non crede \u00e8 gi\u00e0\u00a0 stato<\/p>\n","protected":false},"author":1,"featured_media":0,"comment_status":"open","ping_status":"open","sticky":false,"template":"","format":"standard","meta":{"footnotes":""},"categories":[],"tags":[],"class_list":["post-2132","post","type-post","status-publish","format-standard","hentry"],"_links":{"self":[{"href":"https:\/\/www.gioba.it\/sito\/wp-json\/wp\/v2\/posts\/2132","targetHints":{"allow":["GET"]}}],"collection":[{"href":"https:\/\/www.gioba.it\/sito\/wp-json\/wp\/v2\/posts"}],"about":[{"href":"https:\/\/www.gioba.it\/sito\/wp-json\/wp\/v2\/types\/post"}],"author":[{"embeddable":true,"href":"https:\/\/www.gioba.it\/sito\/wp-json\/wp\/v2\/users\/1"}],"replies":[{"embeddable":true,"href":"https:\/\/www.gioba.it\/sito\/wp-json\/wp\/v2\/comments?post=2132"}],"version-history":[{"count":1,"href":"https:\/\/www.gioba.it\/sito\/wp-json\/wp\/v2\/posts\/2132\/revisions"}],"predecessor-version":[{"id":2134,"href":"https:\/\/www.gioba.it\/sito\/wp-json\/wp\/v2\/posts\/2132\/revisions\/2134"}],"wp:attachment":[{"href":"https:\/\/www.gioba.it\/sito\/wp-json\/wp\/v2\/media?parent=2132"}],"wp:term":[{"taxonomy":"category","embeddable":true,"href":"https:\/\/www.gioba.it\/sito\/wp-json\/wp\/v2\/categories?post=2132"},{"taxonomy":"post_tag","embeddable":true,"href":"https:\/\/www.gioba.it\/sito\/wp-json\/wp\/v2\/tags?post=2132"}],"curies":[{"name":"wp","href":"https:\/\/api.w.org\/{rel}","templated":true}]}}