{"id":2164,"date":"2015-05-02T16:34:55","date_gmt":"2015-05-02T16:34:55","guid":{"rendered":"http:\/\/www.gioba.it\/?p=2164"},"modified":"2015-05-02T16:34:55","modified_gmt":"2015-05-02T16:34:55","slug":"tagliare-per-vivere","status":"publish","type":"post","link":"https:\/\/www.gioba.it\/sito\/2015\/05\/02\/tagliare-per-vivere\/","title":{"rendered":"tagliare per vivere"},"content":{"rendered":"<p><a href=\"http:\/\/www.gioba.it\/sito\/wp-content\/uploads\/2015\/05\/EXPO-vaticano-colored.jpg\"><img loading=\"lazy\" decoding=\"async\" src=\"http:\/\/www.gioba.it\/sito\/wp-content\/uploads\/2015\/05\/EXPO-vaticano-colored.jpg\" alt=\"EXPO vaticano (colored)\" width=\"590\" height=\"415\" class=\"alignleft size-full wp-image-2165\" \/><\/a><br \/>\n<strong>DOMENICA 3 maggio 2015<\/strong><br \/>\n<strong>Quinta di Pasqua<\/strong><\/p>\n<blockquote><p>In quel tempo, Ges\u00f9 disse ai suoi discepoli: \u00abIo sono la vite vera e il Padre mio \u00e8 l&#8217;agricoltore. Ogni tralcio che in me non porta frutto, lo taglia, e ogni tralcio che porta frutto, lo pota perch\u00e8 porti pi\u00f9 frutto. Voi siete gi\u00e0\u00a0 puri, a causa della parola che vi ho annunciato.<br \/>\nRimanete in me e io in voi. Come il tralcio non pu\u00f2 portare frutto da se stesso se non rimane nella vite, cos\u00ec neanche voi se non rimanete in me. Io sono la vite, voi i tralci. Chi rimane in me, e io in lui, porta molto frutto, perch\u00e8 senza di me non potete far nulla. Chi non rimane in me viene gettato via come il tralcio e secca; poi lo raccolgono, lo gettano nel fuoco e lo bruciano.<br \/>\nSe rimanete in me e le mie parole rimangono in voi, chiedete quello che volete e vi sar\u00e0\u00a0 fatto. In questo \u00e8 glorificato il Padre mio: che portiate molto frutto e diventiate miei discepoli\u00bb.<br \/>\n(dal Vangelo di Giovanni 15,1-8)<\/p><\/blockquote>\n<p><strong>In questo tempo di profonda crisi economica, nella quale siamo ancora immersi nonostante gli annunci di un miglioramento, la ricetta pi\u00f9 usata per risollevare i conti sia a livello statale che locale \u00e8 stata senza dubbio quella dei tagli. Tagliare risorse, sovvenzioni e investimenti per risparmiare e poter far fronte ai debiti. Non entro nel merito, perch\u00e8 la mia competenza in campo economico \u00e8 minima, ma da pi\u00f9 parti \u00e8 stato detto che non sempre il tagliare \u00e8 positivo, specialmente quando colpisce le fasce pi\u00f9 deboli della popolazione e anche quando colpisce ricerca, scuola e investimenti&#8230; Se per risparmiare si taglia indiscriminatamente, alla fine si taglia anche il futuro di giovani e famiglie.<br \/>\nNella crisi della storia a livello umano, anche Dio opera dei taglia, e Ges\u00f9 ci parla di Lui come di uno con la forbice in mano. E&#8217; il coltivatore della vigna che con il suo strumento tagliente si aggira per il vigneto ma con un occhio sapiente e con intenzioni buone e non per praticare tagli indiscriminati. Dio guarda l&#8217;umanit\u00e0\u00a0 con la piena fiducia che essa pu\u00f2 portare un ottimo frutto, perch\u00e8 nel buon frutto dell&#8217;umanit\u00e0\u00a0 Dio trova la propria gloria. Lui non taglia in modo indiscriminato e per capriccio, ma pratica una &#8220;purificazione&#8221; (questo \u00e8 il termine esatto quando Ges\u00f9 dice &#8220;lo pota perch\u00e8 porti pi\u00f9 frutto&#8221;) che ha lo scopo di esaltare il prodotto e non deprimerlo.<br \/>\nE&#8217; un&#8217;immagine molto bella questa della vigna, perch\u00e8 ci d\u00e0\u00a0 una immagine efficacemente immediata di cosa significa essere uniti a Cristo e quale vantaggio abbiamo nel sperimentare questa unione.<br \/>\nGes\u00f9 sta parlando ai suoi discepoli non per metterli in guardia in modo minaccioso, ma prima di tutto per rivelare la loro condizione positiva nell&#8217;avere un profondo legame con lui, un legame che \u00e8 stato loro donato perch\u00e8 la loro vita di uomini e credenti non rimanga infruttuosa.<br \/>\nNoi come discepoli abbiamo un legame speciale con Cristo, e attraverso di lui Dio ci guarda in modo buono e speranzoso, forse di pi\u00f9 di come noi guardiamo noi stessi e tra di noi.<br \/>\nSpesso come uomini, e anche come cristiani, siamo tentati di guardarci gli uni gli altri in modo negativo, pronti a giudicarci e &#8220;tagliarci&#8221; gli uni dagli altri. E invece Ges\u00f9 ci ricorda che l&#8217;unico che ha potere di tagliare e separare \u00e8 Dio. E&#8217; lui che ha la forbice in mano, e il suo desiderio non \u00e8 far morire l&#8217;umanit\u00e0\u00a0, ma farla fruttare con quell&#8217;amore che Lui ha messo dentro di noi, e che scorre come linfa dentro ogni singolo tralcio. E ogni singolo tralcio, che \u00e8 ogni singolo uomo, ha un legame profondo con la pianta centrale piantata nella storia, Ges\u00f9 Cristo.<br \/>\nDio non taglia, ma purifica, cio\u00e8 ci suggerisce di togliere e levare dalla nostra vita tutto quello che ci impedisce di portare frutti di amore. E in questa opera di potatura\/purificazione la Parola di Ges\u00f9 diventa lo strumento pi\u00f9 efficace: &#8220;Voi siete gi\u00e0\u00a0 puri, a causa della parola che vi ho annunciato&#8221;<br \/>\nQuindi anche Dio, come ricetta alla crisi della nostra umanit\u00e0\u00a0, cos\u00ec evidente quando ci sono violenze, guerre e sopraffazioni, ci invita ad operare dei tagli, ma secondo la sua logica e non la nostra. Ci invita ad operare tagli a tutto ci\u00f2 che non \u00e8 amore, a tutto ci\u00f2 che significa giudizio e separazione tra gli uomini. Ci invita a operare tagli a tutto quello che ci rende ciechi di fronte alla sofferenze dell&#8217;umanit\u00e0\u00a0. Ci invita a tagliare sicuramente le tante inutili ricchezze personali e comunitarie che impoveriscono il prossimo e lo abbandonano alla sua povert\u00e0\u00a0. Ci invita a tagliare come ha fatto Ges\u00f9, quando per amore del povero che aveva davanti era disposto anche a rimetterci la faccia e il buon nome.<br \/>\nTutte queste sono potature benefiche per l&#8217;umanit\u00e0\u00a0, affinch\u00e8 porti quel frutto abbondante e buono per il quale \u00e8 stata piantata nel terreno del mondo e della storia da un vignaiolo straordinario, Dio, che crede profondamente nella sua pianta ed \u00e8 disposto a tutto per lei.<\/strong><br \/>\nGiovanni don<\/p>\n","protected":false},"excerpt":{"rendered":"<p>DOMENICA 3 maggio 2015 Quinta di Pasqua In quel tempo, Ges\u00f9 disse ai suoi discepoli: \u00abIo sono la vite vera e il Padre mio \u00e8 l&#8217;agricoltore. Ogni tralcio che in me non porta frutto, lo taglia, e ogni tralcio che porta frutto, lo pota perch\u00e8 porti pi\u00f9 frutto. Voi siete gi\u00e0\u00a0 puri, a causa della parola che vi ho annunciato. Rimanete in me e io in voi. Come il tralcio non pu\u00f2 portare frutto da se stesso se non rimane nella vite, cos\u00ec neanche voi se non rimanete in me. Io sono la vite, voi i tralci. Chi rimane in<\/p>\n","protected":false},"author":1,"featured_media":0,"comment_status":"open","ping_status":"open","sticky":false,"template":"","format":"standard","meta":{"footnotes":""},"categories":[],"tags":[],"class_list":["post-2164","post","type-post","status-publish","format-standard","hentry"],"_links":{"self":[{"href":"https:\/\/www.gioba.it\/sito\/wp-json\/wp\/v2\/posts\/2164","targetHints":{"allow":["GET"]}}],"collection":[{"href":"https:\/\/www.gioba.it\/sito\/wp-json\/wp\/v2\/posts"}],"about":[{"href":"https:\/\/www.gioba.it\/sito\/wp-json\/wp\/v2\/types\/post"}],"author":[{"embeddable":true,"href":"https:\/\/www.gioba.it\/sito\/wp-json\/wp\/v2\/users\/1"}],"replies":[{"embeddable":true,"href":"https:\/\/www.gioba.it\/sito\/wp-json\/wp\/v2\/comments?post=2164"}],"version-history":[{"count":1,"href":"https:\/\/www.gioba.it\/sito\/wp-json\/wp\/v2\/posts\/2164\/revisions"}],"predecessor-version":[{"id":2166,"href":"https:\/\/www.gioba.it\/sito\/wp-json\/wp\/v2\/posts\/2164\/revisions\/2166"}],"wp:attachment":[{"href":"https:\/\/www.gioba.it\/sito\/wp-json\/wp\/v2\/media?parent=2164"}],"wp:term":[{"taxonomy":"category","embeddable":true,"href":"https:\/\/www.gioba.it\/sito\/wp-json\/wp\/v2\/categories?post=2164"},{"taxonomy":"post_tag","embeddable":true,"href":"https:\/\/www.gioba.it\/sito\/wp-json\/wp\/v2\/tags?post=2164"}],"curies":[{"name":"wp","href":"https:\/\/api.w.org\/{rel}","templated":true}]}}