{"id":2580,"date":"2017-03-24T13:35:11","date_gmt":"2017-03-24T13:35:11","guid":{"rendered":"http:\/\/www.gioba.it\/?p=2580"},"modified":"2017-03-24T13:35:11","modified_gmt":"2017-03-24T13:35:11","slug":"dal-fango-alla-luce","status":"publish","type":"post","link":"https:\/\/www.gioba.it\/sito\/2017\/03\/24\/dal-fango-alla-luce\/","title":{"rendered":"Dal fango alla luce"},"content":{"rendered":"<p style=\"text-align: justify;\"><a href=\"http:\/\/www.gioba.it\/sito\/wp-content\/uploads\/2017\/03\/vedere-Dio-colored.jpg\"><img loading=\"lazy\" decoding=\"async\" class=\"alignleft  wp-image-2581\" src=\"http:\/\/www.gioba.it\/sito\/wp-content\/uploads\/2017\/03\/vedere-Dio-colored.jpg\" alt=\"vedere Dio (colored)\" width=\"591\" height=\"408\" \/><\/a><\/p>\n<p style=\"text-align: justify;\"><strong><span style=\"font-family: arial, helvetica, sans-serif;\">DOMENICA 26 marzo 2017<\/span><\/strong><\/p>\n<p style=\"text-align: justify;\"><strong><span style=\"font-family: arial, helvetica, sans-serif;\">Quarta di Quaresima<\/span><\/strong><\/p>\n<p style=\"text-align: justify;\">\n<blockquote>\n<p style=\"text-align: justify;\"><span style=\"font-family: arial, helvetica, sans-serif;\">In quel tempo, Ges\u00f9 passando vide un uomo cieco dalla nascita; sput\u00f2 per terra, fece del fango con la saliva, spalm\u00f2 il fango sugli occhi del cieco e gli disse: \u00abVa&#8217; a lavarti nella piscina di S\u00ecloe\u00bb, che significa &#8220;Inviato&#8221;. Quegli and\u00f2, si lav\u00f2 e torn\u00f2 che ci vedeva. Allora i vicini e quelli che lo avevano visto prima, perch\u00e8 era un mendicante, dicevano: \u00abNon \u00e8 lui quello che stava seduto a chiedere l&#8217;elemosina?\u00bb. Alcuni dicevano: \u00abE&#8217; lui\u00bb; altri dicevano: \u00abNo, ma \u00e8 uno che gli assomiglia\u00bb. Ed egli diceva: \u00abSono io!\u00bb.<\/span><\/p>\n<p style=\"text-align: justify;\"><span style=\"font-family: arial, helvetica, sans-serif;\">Condussero dai farisei quello che era stato cieco: era un sabato, il giorno in cui Ges\u00f9 aveva fatto del fango e gli aveva aperto gli occhi. Anche i farisei dunque gli chiesero di nuovo come aveva acquistato la vista. Ed egli disse loro: \u00abMi ha messo del fango sugli occhi, mi sono lavato e ci vedo\u00bb. Allora alcuni dei farisei dicevano: \u00abQuest&#8217;uomo non viene da Dio, perch\u00e8 non osserva il sabato\u00bb. Altri invece dicevano: \u00abCome pu\u00f2 un peccatore compiere segni di questo genere?\u00bb. E c&#8217;era dissenso tra loro. Allora dissero di nuovo al cieco: \u00abTu, che cosa dici di lui, dal momento che ti ha aperto gli occhi?\u00bb. Egli rispose: \u00abE&#8217; un profeta!\u00bb. Gli replicarono: \u00abSei nato tutto nei peccati e insegni a noi?\u00bb. E lo cacciarono fuori.<\/span><\/p>\n<p style=\"text-align: justify;\"><span style=\"font-family: arial, helvetica, sans-serif;\">Ges\u00f9 seppe che l&#8217;avevano cacciato fuori; quando lo trov\u00f2, gli disse: \u00abTu, credi nel Figlio dell&#8217;uomo?\u00bb. Egli rispose: \u00abE chi \u00e8, Signore, perch\u00e8 io creda in lui?\u00bb. Gli disse Ges\u00f9: \u00abLo hai visto: \u00e8 colui che parla con te\u00bb. Ed egli disse: \u00abCredo, Signore!\u00bb. E si prostr\u00f2 dinanzi a lui.<\/span><\/p>\n<p style=\"text-align: justify;\"><span style=\"font-family: arial, helvetica, sans-serif;\">(dal Vangelo di Giovanni 9, 1.6-9.13-17.34-38)<\/span><\/p>\n<\/blockquote>\n<p style=\"text-align: justify;\">\n<p style=\"text-align: justify;\"><strong><span style=\"font-family: arial, helvetica, sans-serif;\">&#8220;Non si vede bene che col cuore. L&#8217;essenziale \u00e8 invisibile agli occhi&#8221; dice la volpe al piccolo principe nel famoso romanzo di Antoine de Saint Exup\u00e8ry.<\/span><\/strong><\/p>\n<p style=\"text-align: justify;\"><strong><span style=\"font-family: arial, helvetica, sans-serif;\">Sembra proprio che sia questa la &#8220;morale&#8221; del racconto dell&#8217;evangelista Giovanni in questa domenica.<\/span><\/strong><\/p>\n<p style=\"text-align: justify;\"><strong><span style=\"font-family: arial, helvetica, sans-serif;\">Ges\u00f9 dona la vista ad un cieco, e questa guarigione mette in luce la grande cecit\u00e0\u00a0 spirituale dei capi religiosi del suo tempo, incapaci di vedere oltre i loro interessi, quindi incapaci di vedere la verit\u00e0\u00a0 delle persone e tanto meno Dio.<\/span><\/strong><\/p>\n<p style=\"text-align: justify;\"><strong><span style=\"font-family: arial, helvetica, sans-serif;\">Cosa vedono i farisei? Dal loro punto di vista Ges\u00f9 non viene da Dio e questo cieco guarito rimane tutto nei peccati. Sono davvero accecati dal pregiudizio e non colgono l&#8217;essenziale, che \u00e8 Dio.<\/span><\/strong><\/p>\n<p style=\"text-align: justify;\"><strong><span style=\"font-family: arial, helvetica, sans-serif;\">Mi colpisce il gesto di guarigione di Ges\u00f9 che usa del fango messo sugli occhi per sanare la vista del cieco, che \u00e8 poi invitato a bagnarsi nella piscina di Siloe il cui nome significa &#8220;inviato&#8221;.<\/span><\/strong><\/p>\n<p style=\"text-align: justify;\"><strong><span style=\"font-family: arial, helvetica, sans-serif;\">E&#8217; chiaro che questi gesti di guarigione sono un atto simbolico che ai primi cristiani e anche a noi richiama il battesimo che abbiamo ricevuto. Nell&#8217;acqua che ci ha immersi (battezzati) in Dio abbiamo ricevuto prima di tutto un dono, cio\u00e8 quello di vedere non tanto con gli occhi ma con il cuore. Quel fango sugli occhi bene rappresenta tutto quello che noi stessi mettiamo e anche gli altri ci mettono davanti per non vedere bene Dio e il prossimo. Abbiamo del fango che &#8220;sporca&#8221; la nostra vista, e sono quei pregiudizi che ci accecano, e il dono della fede ci d\u00e0\u00a0 la possibilit\u00e0\u00a0 di vedere pi\u00f9 chiaramente noi stessi e gli altri e alla fine Dio stesso.<\/span><\/strong><\/p>\n<p style=\"text-align: justify;\"><strong><span style=\"font-family: arial, helvetica, sans-serif;\">Dove \u00e8 Dio?, Perch\u00e8 non si mostra nella nostra vita cos\u00ec piena di problemi, chiusure, paure, violenze&#8230;?<\/span><\/strong><br \/>\n<strong><span style=\"font-family: arial, helvetica, sans-serif;\"> Forse \u00e8 proprio perch\u00e8 non siamo capaci di vedere con il cuore, cio\u00e8 con un atteggiamento di amore, di pazienza, di fiducia e di perdono, e allora non vediamo Dio.<\/span><\/strong><\/p>\n<p style=\"text-align: justify;\"><strong><span style=\"font-family: arial, helvetica, sans-serif;\">Il cieco che \u00e8 guarito &#8220;a sua insaputa&#8221;, perch\u00e8 all&#8217;inizio non \u00e8 lui a chiedere la guarigione e nemmeno conosce Ges\u00f9 personalmente. Ma pian piano il cieco che ha ricevuto il dono della vista diventa con la sua umanit\u00e0\u00a0 e il suo coraggio, un vero credente.<\/span><\/strong><\/p>\n<p style=\"text-align: justify;\"><strong><span style=\"font-family: arial, helvetica, sans-serif;\">Solo alla fine ha piena visione del suo guaritore e salvatore, Ges\u00f9. Solo alla fine dice con le labbra la sua fede &#8220;Credo, Signore!&#8221; dopo averla per\u00f2 manifestata in un dialogo coraggioso con quelli che dicono di credere in Dio ma in realt\u00e0\u00a0 sono incapaci di vederlo e riconoscerlo.<\/span><\/strong><\/p>\n<p style=\"text-align: justify;\"><strong><span style=\"font-family: arial, helvetica, sans-serif;\">Riconosciamo dunque anche noi il fango che ci acceca, cio\u00e8 tutto quello che accorcia o spegne il nostro sguardo spirituale, facendoci diventare giudici del prossimo e incapaci di amare.<\/span><\/strong><\/p>\n<p style=\"text-align: justify;\"><strong><span style=\"font-family: arial, helvetica, sans-serif;\">Nella preghiera di questa Quaresima, laviamo i nostri occhi con la parola di Dio che pian piano ci apre orizzonti nuovi e allarga il cuore e ci rende capaci di vedere la vita con lo sguardo d&#8217;amore di Dio.<\/span><\/strong><\/p>\n<p style=\"text-align: justify;\"><span style=\"font-family: arial, helvetica, sans-serif;\">Giovanni don<\/span><\/p>\n","protected":false},"excerpt":{"rendered":"<p>DOMENICA 26 marzo 2017 Quarta di Quaresima In quel tempo, Ges\u00f9 passando vide un uomo cieco dalla nascita; sput\u00f2 per terra, fece del fango con la saliva, spalm\u00f2 il fango sugli occhi del cieco e gli disse: \u00abVa&#8217; a lavarti nella piscina di S\u00ecloe\u00bb, che significa &#8220;Inviato&#8221;. Quegli and\u00f2, si lav\u00f2 e torn\u00f2 che ci vedeva. Allora i vicini e quelli che lo avevano visto prima, perch\u00e8 era un mendicante, dicevano: \u00abNon \u00e8 lui quello che stava seduto a chiedere l&#8217;elemosina?\u00bb. Alcuni dicevano: \u00abE&#8217; lui\u00bb; altri dicevano: \u00abNo, ma \u00e8 uno che gli assomiglia\u00bb. Ed egli diceva: \u00abSono io!\u00bb. Condussero<\/p>\n","protected":false},"author":1,"featured_media":0,"comment_status":"open","ping_status":"open","sticky":false,"template":"","format":"standard","meta":{"footnotes":""},"categories":[],"tags":[],"class_list":["post-2580","post","type-post","status-publish","format-standard","hentry"],"_links":{"self":[{"href":"https:\/\/www.gioba.it\/sito\/wp-json\/wp\/v2\/posts\/2580","targetHints":{"allow":["GET"]}}],"collection":[{"href":"https:\/\/www.gioba.it\/sito\/wp-json\/wp\/v2\/posts"}],"about":[{"href":"https:\/\/www.gioba.it\/sito\/wp-json\/wp\/v2\/types\/post"}],"author":[{"embeddable":true,"href":"https:\/\/www.gioba.it\/sito\/wp-json\/wp\/v2\/users\/1"}],"replies":[{"embeddable":true,"href":"https:\/\/www.gioba.it\/sito\/wp-json\/wp\/v2\/comments?post=2580"}],"version-history":[{"count":1,"href":"https:\/\/www.gioba.it\/sito\/wp-json\/wp\/v2\/posts\/2580\/revisions"}],"predecessor-version":[{"id":2582,"href":"https:\/\/www.gioba.it\/sito\/wp-json\/wp\/v2\/posts\/2580\/revisions\/2582"}],"wp:attachment":[{"href":"https:\/\/www.gioba.it\/sito\/wp-json\/wp\/v2\/media?parent=2580"}],"wp:term":[{"taxonomy":"category","embeddable":true,"href":"https:\/\/www.gioba.it\/sito\/wp-json\/wp\/v2\/categories?post=2580"},{"taxonomy":"post_tag","embeddable":true,"href":"https:\/\/www.gioba.it\/sito\/wp-json\/wp\/v2\/tags?post=2580"}],"curies":[{"name":"wp","href":"https:\/\/api.w.org\/{rel}","templated":true}]}}