{"id":2594,"date":"2017-04-21T15:09:34","date_gmt":"2017-04-21T15:09:34","guid":{"rendered":"http:\/\/www.gioba.it\/?p=2594"},"modified":"2017-04-21T17:06:04","modified_gmt":"2017-04-21T17:06:04","slug":"gemelli-di-gesu","status":"publish","type":"post","link":"https:\/\/www.gioba.it\/sito\/2017\/04\/21\/gemelli-di-gesu\/","title":{"rendered":"gemelli di Tommaso"},"content":{"rendered":"<p style=\"text-align: justify;\"><a href=\"http:\/\/www.gioba.it\/sito\/wp-content\/uploads\/2017\/04\/apparizioni-risorto-in-sicurezza-colored.jpg\"><img loading=\"lazy\" decoding=\"async\" class=\"alignleft wp-image-2595\" src=\"http:\/\/www.gioba.it\/sito\/wp-content\/uploads\/2017\/04\/apparizioni-risorto-in-sicurezza-colored.jpg\" alt=\"apparizioni risorto in sicurezza (colored)\" width=\"590\" height=\"417\" \/><\/a><\/p>\n<p style=\"text-align: justify;\"><strong><span style=\"font-family: arial, helvetica, sans-serif;\">DOMENICA 23 aprile 2017<\/span><\/strong><\/p>\n<p style=\"text-align: justify;\"><strong><span style=\"font-family: arial, helvetica, sans-serif;\">Seconda domenica di Pasqua<\/span><\/strong><\/p>\n<blockquote>\n<p style=\"text-align: justify;\"><span style=\"font-family: arial, helvetica, sans-serif;\">La sera di quel giorno, il primo della settimana, mentre erano chiuse le porte del luogo dove si trovavano i discepoli per timore dei Giudei, venne Ges\u00f9, stette in mezzo e disse loro: \u00abPace a voi!\u00bb. Detto questo, mostr\u00f2 loro le mani e il fianco. E i discepoli gioirono al vedere il Signore. \u00a0<\/span><br \/>\n<span style=\"font-family: arial, helvetica, sans-serif;\"> Ges\u00f9 disse loro di nuovo: \u00abPace a voi! Come il Padre ha mandato me, anche io mando voi\u00bb. Detto questo, soffi\u00f2 e disse loro: \u00abRicevete lo Spirito Santo. A coloro a cui perdonerete i peccati, saranno perdonati; a coloro a cui non perdonerete, non saranno perdonati\u00bb.<\/span><br \/>\n<span style=\"font-family: arial, helvetica, sans-serif;\"> Tommaso, uno dei Dodici, chiamato D\u00ecdimo, non era con loro quando venne Ges\u00f9. Gli dicevano gli altri discepoli: \u00abAbbiamo visto il Signore!\u00bb. Ma egli disse loro: \u00abSe non vedo nelle sue mani il segno dei chiodi e non metto il mio dito nel segno dei chiodi e non metto la mia mano nel suo fianco, io non credo\u00bb.<\/span><br \/>\n<span style=\"font-family: arial, helvetica, sans-serif;\"> Otto giorni dopo i discepoli erano di nuovo in casa e c&#8217;era con loro anche Tommaso. Venne Ges\u00f9, a porte chiuse, stette in mezzo e disse: \u00abPace a voi!\u00bb. Poi disse a Tommaso: \u00abMetti qui il tuo dito e guarda le mie mani; tendi la tua mano e mettila nel mio fianco; e non essere incredulo, ma credente!\u00bb. Gli rispose Tommaso: \u00abMio Signore e mio Dio!\u00bb. Ges\u00f9 gli disse: \u00abPerch\u00e8 mi hai veduto, tu hai creduto; beati quelli che non hanno visto e hanno creduto!\u00bb.<\/span><br \/>\n<span style=\"font-family: arial, helvetica, sans-serif;\"> Ges\u00f9, in presenza dei suoi discepoli, fece molti altri segni che non sono stati scritti in questo libro. Ma questi sono stati scritti perch\u00e8 crediate che Ges\u00f9 \u00e8 il Cristo, il Figlio di Dio, e perch\u00e8, credendo, abbiate la vita nel suo nome. \u00a0<\/span><\/p>\n<p style=\"text-align: justify;\"><span style=\"font-family: arial, helvetica, sans-serif;\">(Dal Vangelo di Giovanni 20,19-31)<\/span><\/p>\n<\/blockquote>\n<p style=\"text-align: justify;\"><span style=\"font-family: arial, helvetica, sans-serif;\"> \u00a0<\/span><\/p>\n<p style=\"text-align: justify;\"><span style=\"font-family: arial, helvetica, sans-serif;\"> \u00a0<\/span><\/p>\n<p style=\"text-align: justify;\"><strong><span style=\"font-family: arial, helvetica, sans-serif;\">Sono contento delle mie tre sorelle, ma ammetto che mi sarebbe tanto piaciuto avere un fratello e anche gemello. Non so come mai, ma i gemelli mi hanno sempre affascinato. Hanno un legame tra loro che li porta ad essere cos\u00ec vicini e simili non solo nell&#8217;aspetto fisico (gi\u00e0\u00a0 di per s\u00e8 incredibile) ma nelle esperienze di vita, arrivando persino ad avere un sesto senso l&#8217;uno rispetto all&#8217;altro, cos\u00ec che si capiscono al volo e spesso anche a distanza.<\/span><\/strong><\/p>\n<p style=\"text-align: justify;\"><strong><span style=\"font-family: arial, helvetica, sans-serif;\">Tommaso, uno dei dodici discepoli e amici di Ges\u00f9, ci viene presentato come &#8220;detto Didimo&#8221;, cio\u00e8 Gemello.<\/span><\/strong><\/p>\n<p style=\"text-align: justify;\"><strong><span style=\"font-family: arial, helvetica, sans-serif;\">Gemello di chi? Nel racconto non viene detto nulla del motivo di questo soprannome.<\/span><\/strong><\/p>\n<p style=\"text-align: justify;\"><strong><span style=\"font-family: arial, helvetica, sans-serif;\">Allora ho pensato che forse \u00e8 un appellativo che richiama me e ogni credente a &#8220;specchiarsi&#8221; in questo discepolo.<\/span><\/strong><\/p>\n<p style=\"text-align: justify;\"><strong><span style=\"font-family: arial, helvetica, sans-serif;\">In Tommaso possiamo trovare un &#8220;gemello&#8221; della nostra esperienza di fede e del rapporto con Ges\u00f9.<\/span><\/strong><\/p>\n<p style=\"text-align: justify;\"><strong><span style=\"font-family: arial, helvetica, sans-serif;\">Se leggiamo bene il racconto delle apparizioni di Ges\u00f9 risorto ai suoi amici, Tommaso non nega questo evento che gli viene raccontato dagli altri suoi amici. Il fatto che non sia con gli altri quando Ges\u00f9 appare la prima volta, lo porta a manifestare naturalmente tutto il suo stupore e la fatica nel credere ad un evento cos\u00ec incredibile. Non \u00e8 che non creda nell&#8217;amico Ges\u00f9 e non lo voglia rivedere, ma fa fatica a credere che sia risorto perch\u00e8 \u00e8 cos\u00ec fuori dalla portata della ragione e dell&#8217;esperienza umana, che anche noi diremmo con lui: &#8220;se non vedo non ci credo&#8221;.<\/span><\/strong><\/p>\n<p style=\"text-align: justify;\"><strong><span style=\"font-family: arial, helvetica, sans-serif;\">Ecco allora in cosa Tommaso \u00e8 mio gemello nella fede. Anche io so che non mi bastano 4 nozioni di catechismo per convincermi che Ges\u00f9 \u00e8 morto e risorto e che \u00e8 il Signore della mia vita e del mondo. La fede non si &#8220;accende&#8221; con le sole parole, ma hanno bisogno di esperienza diretta personale. Tommaso con il suo dubbio umano \u00e8 davvero gemello di ogni credente e di ogni uomo difronte agli eventi di Dio. E se ci pensiamo bene Dio stesso per uscire dalla dimensione astratta della fede in Lui, spesso relegata solamente in riti e tradizioni liturgiche, \u00e8 uscito dalla dimensione divina e con l&#8217;uomo Ges\u00f9 si \u00e8 fatto &#8220;gemello&#8221; di ogni essere umano. Ges\u00f9 era vero uomo, in tutto simile a noi. Ed \u00e8 stato cos\u00ec che ha parlato di Dio e ha ripresentato il Regno di Dio per ogni essere umano.<\/span><\/strong><\/p>\n<p style=\"text-align: justify;\"><strong><span style=\"font-family: arial, helvetica, sans-serif;\">Ora che \u00e8 Risorto, anche Tommaso vuole essere aiutato nella sua fede e ha bisogno di una esperienza.<\/span><\/strong><\/p>\n<p style=\"text-align: justify;\"><strong><span style=\"font-family: arial, helvetica, sans-serif;\">Questa accade di nuovo otto giorni dopo la prima. L&#8217;ottavo giorno \u00e8 il giorno dei cristiani, il giorno della resurrezione che si ripete ogni settimana, \u00e8 la domenica! Tommaso sperimenta Ges\u00f9 nella comunit\u00e0\u00a0 che si ritrova nel giorno del Signore. E&#8217; l\u00ec che lui vede l&#8217;amico e maestro vivo, e anche senza toccare (il racconto del vangelo si guarda bene di dire che Tommaso tocca le piaghe&#8230;) arriva a fare la pi\u00f9 alta affermazione di fede contenuta nel Vangelo: &#8220;Mio Signore e mio Dio!&#8221;. Non solo crede nella resurrezione ma crede nell&#8217;identit\u00e0\u00a0 profonda di Ges\u00f9, cos\u00ec come lui si \u00e8 manifestato.<\/span><\/strong><\/p>\n<p style=\"text-align: justify;\"><strong><span style=\"font-family: arial, helvetica, sans-serif;\">Anche in questo Tommaso \u00e8 mio gemello, con la sua fede che ha bisogno di esperienza, di incontro, di comunit\u00e0\u00a0 per arrivare a credere. Anche io a volte dico &#8220;Ges\u00f9 mio Signore e mio Dio&#8221; anche se magari poco dopo rinasce il dubbio e sento ancora l&#8217;esigenza di sperimentare la sua presenza. Io non ho visto Ges\u00f9 risorto come in quel tempo \u00e8 successo ai suoi amici e a Tommaso, ma sono tra quei &#8220;beati quelli che non hanno visto e hanno creduto&#8221;, e che possono &#8220;vedere&#8221; Ges\u00f9 vivente nella sua comunit\u00e0\u00a0 di amici di oggi che \u00e8 la Chiesa.<\/span><\/strong><\/p>\n<p style=\"text-align: justify;\"><strong><span style=\"font-family: arial, helvetica, sans-serif;\">Ecco quindi il compito della Chiesa: essere segno di Ges\u00f9 vivente e che sta in mezzo al mondo.<\/span><\/strong><\/p>\n<p style=\"text-align: justify;\"><strong><span style=\"font-family: arial, helvetica, sans-serif;\">Ges\u00f9 risorto quando appare sta in mezzo ai suoi, non sopra o sotto, non pi\u00f9 vicino ad uno e pi\u00f9 lontano da un altro.<\/span><\/strong><\/p>\n<p style=\"text-align: justify;\"><strong><span style=\"font-family: arial, helvetica, sans-serif;\">Ges\u00f9 vivente sta in mezzo ai suoi e dona a loro la cosa pi\u00f9 grande che \u00e8 la &#8220;pace&#8221;!<\/span><\/strong><\/p>\n<p style=\"text-align: justify;\"><strong><span style=\"font-family: arial, helvetica, sans-serif;\">La Chiesa, comunit\u00e0\u00a0 formata degli amici di Ges\u00f9 della quale fa parte ogni battezzato, \u00e8 gemella di Tommaso e anche degli altri primi discepoli. Come Tommaso la Chiesa fa esperienza della ricerca del Signore, non si accontenta del &#8220;sentito dire&#8221; ma vuole sperimentare Ges\u00f9 vivente, per poterlo comunicare al mondo intero, che attende la sua pace.<\/span><\/strong><\/p>\n<p style=\"text-align: justify;\"><strong><span style=\"font-family: arial, helvetica, sans-serif;\">La Chiesa quando opera la pace, quando vive nell&#8217;amore, quando rende concreta la misericordia di Ges\u00f9, allora lo mostra vivente anche in questo nostro mondo che sembra privo di pace, affamato di amore e spesso senza misericordia.<\/span><\/strong><\/p>\n<p style=\"text-align: justify;\"><strong><span style=\"font-family: arial, helvetica, sans-serif;\">Quando la Chiesa (quindi anche io che ci sono dentro per il battesimo) opera come Ges\u00f9, allora la resurrezione non rimane un concetto astratto incredibile, ma diventa esperienza che rende possibile per tutti dire &#8220;Mio Signore e mio Dio&#8221;.<\/span><\/strong><\/p>\n<p style=\"text-align: justify;\"><span style=\"font-family: arial, helvetica, sans-serif;\">Giovanni don<\/span><\/p>\n<p>&nbsp;<\/p>\n","protected":false},"excerpt":{"rendered":"<p>DOMENICA 23 aprile 2017 Seconda domenica di Pasqua La sera di quel giorno, il primo della settimana, mentre erano chiuse le porte del luogo dove si trovavano i discepoli per timore dei Giudei, venne Ges\u00f9, stette in mezzo e disse loro: \u00abPace a voi!\u00bb. Detto questo, mostr\u00f2 loro le mani e il fianco. E i discepoli gioirono al vedere il Signore. \u00a0 Ges\u00f9 disse loro di nuovo: \u00abPace a voi! Come il Padre ha mandato me, anche io mando voi\u00bb. Detto questo, soffi\u00f2 e disse loro: \u00abRicevete lo Spirito Santo. A coloro a cui perdonerete i peccati, saranno perdonati; a<\/p>\n","protected":false},"author":1,"featured_media":0,"comment_status":"open","ping_status":"open","sticky":false,"template":"","format":"standard","meta":{"footnotes":""},"categories":[],"tags":[],"class_list":["post-2594","post","type-post","status-publish","format-standard","hentry"],"_links":{"self":[{"href":"https:\/\/www.gioba.it\/sito\/wp-json\/wp\/v2\/posts\/2594","targetHints":{"allow":["GET"]}}],"collection":[{"href":"https:\/\/www.gioba.it\/sito\/wp-json\/wp\/v2\/posts"}],"about":[{"href":"https:\/\/www.gioba.it\/sito\/wp-json\/wp\/v2\/types\/post"}],"author":[{"embeddable":true,"href":"https:\/\/www.gioba.it\/sito\/wp-json\/wp\/v2\/users\/1"}],"replies":[{"embeddable":true,"href":"https:\/\/www.gioba.it\/sito\/wp-json\/wp\/v2\/comments?post=2594"}],"version-history":[{"count":2,"href":"https:\/\/www.gioba.it\/sito\/wp-json\/wp\/v2\/posts\/2594\/revisions"}],"predecessor-version":[{"id":2597,"href":"https:\/\/www.gioba.it\/sito\/wp-json\/wp\/v2\/posts\/2594\/revisions\/2597"}],"wp:attachment":[{"href":"https:\/\/www.gioba.it\/sito\/wp-json\/wp\/v2\/media?parent=2594"}],"wp:term":[{"taxonomy":"category","embeddable":true,"href":"https:\/\/www.gioba.it\/sito\/wp-json\/wp\/v2\/categories?post=2594"},{"taxonomy":"post_tag","embeddable":true,"href":"https:\/\/www.gioba.it\/sito\/wp-json\/wp\/v2\/tags?post=2594"}],"curies":[{"name":"wp","href":"https:\/\/api.w.org\/{rel}","templated":true}]}}