{"id":2603,"date":"2017-05-05T17:00:25","date_gmt":"2017-05-05T17:00:25","guid":{"rendered":"http:\/\/www.gioba.it\/?p=2603"},"modified":"2017-05-05T17:39:36","modified_gmt":"2017-05-05T17:39:36","slug":"una-porta-da-tenere-aperta","status":"publish","type":"post","link":"https:\/\/www.gioba.it\/sito\/2017\/05\/05\/una-porta-da-tenere-aperta\/","title":{"rendered":"Una porta da tenere aperta"},"content":{"rendered":"<p style=\"text-align: justify;\"><a href=\"http:\/\/www.gioba.it\/sito\/wp-content\/uploads\/2017\/05\/Ges\u00f9-porta-colored.jpg\"><img loading=\"lazy\" decoding=\"async\" class=\"alignleft wp-image-2604\" src=\"http:\/\/www.gioba.it\/sito\/wp-content\/uploads\/2017\/05\/Ges\u00f9-porta-colored.jpg\" alt=\"Ges\u00f9 porta (colored)\" width=\"590\" height=\"439\" \/><\/a><\/p>\n<p style=\"text-align: justify;\"><strong><span style=\"font-family: arial, helvetica, sans-serif;\">DOMENICA 7 maggio 2017<\/span><\/strong><\/p>\n<p style=\"text-align: justify;\"><strong><span style=\"font-family: arial, helvetica, sans-serif;\">Quarta di Pasqua<\/span><\/strong><\/p>\n<blockquote>\n<p style=\"text-align: justify;\"><span style=\"font-family: arial, helvetica, sans-serif;\"> In quel tempo, Ges\u00f9 disse: \u00a0<\/span><br \/>\n<span style=\"font-family: arial, helvetica, sans-serif;\"> \u00abIn verit\u00e0\u00a0, in verit\u00e0\u00a0 io vi dico: chi non entra nel recinto delle pecore dalla porta, ma vi sale da un&#8217;altra parte, \u00e8 un ladro e un brigante. Chi invece entra dalla porta, \u00e8 pastore delle pecore. \u00a0<\/span><br \/>\n<span style=\"font-family: arial, helvetica, sans-serif;\"> Il guardiano gli apre e le pecore ascoltano la sua voce: egli chiama le sue pecore, ciascuna per nome, e le conduce fuori. E quando ha spinto fuori tutte le sue pecore, cammina davanti a esse, e le pecore lo seguono perch\u00e8 conoscono la sua voce. Un estraneo invece non lo seguiranno, ma fuggiranno via da lui, perch\u00e8 non conoscono la voce degli estranei\u00bb. \u00a0<\/span><br \/>\n<span style=\"font-family: arial, helvetica, sans-serif;\"> Ges\u00f9 disse loro questa similitudine, ma essi non capirono di che cosa parlava loro.<\/span><br \/>\n<span style=\"font-family: arial, helvetica, sans-serif;\"> Allora Ges\u00f9 disse loro di nuovo: \u00abIn verit\u00e0\u00a0, in verit\u00e0\u00a0 io vi dico: io sono la porta delle pecore. Tutti coloro che sono venuti prima di me, sono ladri e briganti; ma le pecore non li hanno ascoltati. Io sono la porta: se uno entra attraverso di me, sar\u00e0\u00a0 salvato; entrer\u00e0\u00a0 e uscir\u00e0\u00a0 e trover\u00e0\u00a0 pascolo. \u00a0<\/span><br \/>\n<span style=\"font-family: arial, helvetica, sans-serif;\"> Il ladro non viene se non per rubare, uccidere e distruggere; io sono venuto perch\u00e8 abbiano la vita e l&#8217;abbiano in abbondanza\u00bb.<\/span><\/p>\n<p style=\"text-align: justify;\"><span style=\"font-family: arial, helvetica, sans-serif;\">(dal Vangelo di Giovanni 10,1-10)<\/span><\/p>\n<\/blockquote>\n<p style=\"text-align: justify;\"><strong><span style=\"font-family: arial, helvetica, sans-serif;\">Mi ha colpito molto la storia di un amico frate di nome Antonio, che qualche giorno fa \u00e8 stato ad una trasmissione di TV2000 a raccontare la sua storia di conversione di vita e di fede.<\/span><\/strong><\/p>\n<figure id=\"attachment_2606\" aria-describedby=\"caption-attachment-2606\" style=\"width: 300px\" class=\"wp-caption alignleft\"><a href=\"http:\/\/www.gioba.it\/sito\/wp-content\/uploads\/2017\/05\/18118885_10210948023528322_5464106435327666910_n-e1494004489171.jpg\"><img loading=\"lazy\" decoding=\"async\" class=\"size-full wp-image-2606\" src=\"http:\/\/www.gioba.it\/sito\/wp-content\/uploads\/2017\/05\/18118885_10210948023528322_5464106435327666910_n-e1494004489171.jpg\" alt=\"fra Vito Antonio Salinaro\" width=\"300\" height=\"297\" \/><\/a><figcaption id=\"caption-attachment-2606\" class=\"wp-caption-text\">fra Vito Antonio Salinaro<\/figcaption><\/figure>\n<p style=\"text-align: left;\"><span style=\"font-family: arial, helvetica, sans-serif;\"><strong>Conoscevo qualche dettaglio della sua esperienza ma \u00e8 stato bello sentirlo parlare davanti alle telecamere con un sorriso pieno e allegro, incorniciato da una capigliatura riccia folta che era in piena sintonia con la serenit\u00e0\u00a0 del resto del volto e soprattutto del cuore. Antonio ha raccontato la sua difficile esperienza personale a partire dalla crescita senza il padre, fuggito dopo che sua madre era rimasta giovanissima incinta. Cresciuto alla ricerca continua di una serenit\u00e0\u00a0 interiore che non riusciva a trovare, si \u00e8 trovato con il tempo immerso nella dipendenza dalle sostanze stupefacenti che pian piano gli rubavano gioia, dignit\u00e0\u00a0 e voglia di vivere. Non ha nascosto nel suo racconto il fatto che si sentiva davvero ad un passo dal nulla pi\u00f9 assoluto, con le porte della felicit\u00e0\u00a0 sempre pi\u00f9 sbarrate e inaccessibili. Ci\u00f2 che gli ha cambiato la vita \u00e8 stato un incontro, quello avvenuto attraverso la porta del confessionale. E&#8217; stato l&#8217;incontro con il sorriso e l&#8217;amorevolezza di un giovane prete a fargli ritrovare quella dignit\u00e0\u00a0 personale che pensava di non avere pi\u00f9. Antonio racconta che per la prima volta dopo tanti anni e nonostante tutti i suoi errori, si sentiva amato, e amato da Dio in persona. Da l\u00ec \u00e8 iniziato un cammino di ritorno alla vita, alla fede e a Dio. E ora si ritrova frate e parroco di una grande parrocchia in Puglia, dove sente di doversi occupare proprio di coloro che per i problemi della vita hanno smesso di sognare in grande e si chiudono in se stessi. Gli \u00e8 stata aperta una porta di gioia, ora deve lui stesso tenere aperta questa porta per altri.<\/strong><\/span><\/p>\n<p style=\"text-align: justify;\"><strong><span style=\"font-family: arial, helvetica, sans-serif;\">Ges\u00f9 paragona se stesso ad una porta, quella del recinto delle pecore. E&#8217; la porta che si apre e chiude per far entrare, uscire e stare al sicuro le pecore. E&#8217; una porta di vita e non un muro di separazione di morte. Non \u00e8 un buco stretto scavato dal ladro per rubare e fare del male, ma \u00e8 la porta bella che dona sicurezza a chi la vede, sapendola mai sbarrata e invalicabile per chi ne ha bisogno.<\/span><\/strong><\/p>\n<p style=\"text-align: justify;\"><strong><span style=\"font-family: arial, helvetica, sans-serif;\">Mi viene proprio da dire che frate Antonio, nel momento della sua vita in cui ha sentito tutte le porte chiuse, compresa quella di Dio, ha provato a bussare e qualcuno dall&#8217;altra parte, il prete che l&#8217;ha accolto, gli ha fatto vedere che la porta non \u00e8 mai chiusa per chi bussa e per chi vuole ricominciare a vivere e sognare in modo positivo.<\/span><\/strong><\/p>\n<p style=\"text-align: justify;\"><strong><span style=\"font-family: arial, helvetica, sans-serif;\">Ges\u00f9 si era presentato cos\u00ec ai suoi contemporanei, come la porta aperta di Dio specialmente per gli ultimi, gli esclusi, i peccatori e i lontani. Anche se molti &#8220;custodi della fede&#8221; del suo tempo (farisei, scribi e dottori della Legge) insieme alle autorit\u00e0\u00a0 politiche hanno fatto di tutto per chiudere quella porta mettendo sulla croce Ges\u00f9, alla fine la resurrezione ha reso questa porta eternamente aperta.<\/span><\/strong><\/p>\n<p style=\"text-align: justify;\"><strong><span style=\"font-family: arial, helvetica, sans-serif;\">&#8220;Io sono la porta: se uno entra attraverso di me, sar\u00e0\u00a0 salvato&#8230;&#8221;. Questa promessa di Ges\u00f9 \u00e8 valida ancora oggi per me e per ognuno di noi che come frate Antonio potrebbe nei momenti pi\u00f9 difficili, arrivare a pensare che la vita \u00e8 fatta solamente di porte chiuse e inaccessibili. Ges\u00f9 \u00e8 una porta aperta per me, e anche attraverso di me vuole rimanere aperta a chiunque mi avvicina e vuole entrare in Dio.<\/span><\/strong><\/p>\n<p style=\"text-align: justify;\"><span style=\"font-family: arial, helvetica, sans-serif;\">Giovanni don<\/span><\/p>\n<p><iframe loading=\"lazy\" src=\"https:\/\/www.youtube.com\/embed\/zwhjmCIOG2g?rel=0\" width=\"560\" height=\"315\" frameborder=\"0\" allowfullscreen=\"allowfullscreen\"><\/iframe><\/p>\n","protected":false},"excerpt":{"rendered":"<p>DOMENICA 7 maggio 2017 Quarta di Pasqua In quel tempo, Ges\u00f9 disse: \u00a0 \u00abIn verit\u00e0\u00a0, in verit\u00e0\u00a0 io vi dico: chi non entra nel recinto delle pecore dalla porta, ma vi sale da un&#8217;altra parte, \u00e8 un ladro e un brigante. Chi invece entra dalla porta, \u00e8 pastore delle pecore. \u00a0 Il guardiano gli apre e le pecore ascoltano la sua voce: egli chiama le sue pecore, ciascuna per nome, e le conduce fuori. E quando ha spinto fuori tutte le sue pecore, cammina davanti a esse, e le pecore lo seguono perch\u00e8 conoscono la sua voce. Un estraneo invece<\/p>\n","protected":false},"author":1,"featured_media":0,"comment_status":"open","ping_status":"open","sticky":false,"template":"","format":"standard","meta":{"footnotes":""},"categories":[],"tags":[],"class_list":["post-2603","post","type-post","status-publish","format-standard","hentry"],"_links":{"self":[{"href":"https:\/\/www.gioba.it\/sito\/wp-json\/wp\/v2\/posts\/2603","targetHints":{"allow":["GET"]}}],"collection":[{"href":"https:\/\/www.gioba.it\/sito\/wp-json\/wp\/v2\/posts"}],"about":[{"href":"https:\/\/www.gioba.it\/sito\/wp-json\/wp\/v2\/types\/post"}],"author":[{"embeddable":true,"href":"https:\/\/www.gioba.it\/sito\/wp-json\/wp\/v2\/users\/1"}],"replies":[{"embeddable":true,"href":"https:\/\/www.gioba.it\/sito\/wp-json\/wp\/v2\/comments?post=2603"}],"version-history":[{"count":11,"href":"https:\/\/www.gioba.it\/sito\/wp-json\/wp\/v2\/posts\/2603\/revisions"}],"predecessor-version":[{"id":2616,"href":"https:\/\/www.gioba.it\/sito\/wp-json\/wp\/v2\/posts\/2603\/revisions\/2616"}],"wp:attachment":[{"href":"https:\/\/www.gioba.it\/sito\/wp-json\/wp\/v2\/media?parent=2603"}],"wp:term":[{"taxonomy":"category","embeddable":true,"href":"https:\/\/www.gioba.it\/sito\/wp-json\/wp\/v2\/categories?post=2603"},{"taxonomy":"post_tag","embeddable":true,"href":"https:\/\/www.gioba.it\/sito\/wp-json\/wp\/v2\/tags?post=2603"}],"curies":[{"name":"wp","href":"https:\/\/api.w.org\/{rel}","templated":true}]}}