{"id":2618,"date":"2017-05-13T07:38:28","date_gmt":"2017-05-13T07:38:28","guid":{"rendered":"http:\/\/www.gioba.it\/?p=2618"},"modified":"2017-05-13T07:41:43","modified_gmt":"2017-05-13T07:41:43","slug":"a-fatima-tre-piccole-dimore-di-dio","status":"publish","type":"post","link":"https:\/\/www.gioba.it\/sito\/2017\/05\/13\/a-fatima-tre-piccole-dimore-di-dio\/","title":{"rendered":"A Fatima tre piccole dimore di Dio"},"content":{"rendered":"<p style=\"text-align: justify;\"><a href=\"http:\/\/www.gioba.it\/sito\/wp-content\/uploads\/2017\/05\/Ges\u00f9-via-Maria-navigatore-colored.jpg\"><img loading=\"lazy\" decoding=\"async\" class=\"alignleft wp-image-2619\" src=\"http:\/\/www.gioba.it\/sito\/wp-content\/uploads\/2017\/05\/Ges\u00f9-via-Maria-navigatore-colored.jpg\" alt=\"Ges\u00f9 via Maria navigatore (colored)\" width=\"591\" height=\"441\" \/><\/a><\/p>\n<p style=\"text-align: justify;\"><strong><span style=\"font-family: arial, helvetica, sans-serif;\">DOMENICA 14 maggio 2017<\/span><\/strong><\/p>\n<p style=\"text-align: justify;\"><strong><span style=\"font-family: arial, helvetica, sans-serif;\">quinta di Pasqua<\/span><\/strong><\/p>\n<blockquote>\n<p style=\"text-align: justify;\"><span style=\"font-family: arial, helvetica, sans-serif;\"> In quel tempo, Ges\u00f9 disse ai suoi discepoli: \u00abNon sia turbato il vostro cuore. Abbiate fede in Dio e abbiate fede anche in me. Nella casa del Padre mio vi sono molte dimore. Se no, vi avrei mai detto: &#8220;Vado a prepararvi un posto&#8221;? Quando sar\u00f2 andato e vi avr\u00f2 preparato un posto, verr\u00f2 di nuovo e vi prender\u00f2 con me, perch\u00e8 dove sono io siate anche voi. E del luogo dove io vado, conoscete la via\u00bb.<\/span><br \/>\n<span style=\"font-family: arial, helvetica, sans-serif;\"> Gli disse Tommaso: \u00abSignore, non sappiamo dove vai; come possiamo conoscere la via?\u00bb. Gli disse Ges\u00f9: \u00abIo sono la via, la verit\u00e0\u00a0 e la vita. Nessuno viene al Padre se non per mezzo di me. Se avete conosciuto me, conoscerete anche il Padre mio: fin da ora lo conoscete e lo avete veduto\u00bb. \u00a0<\/span><br \/>\n<span style=\"font-family: arial, helvetica, sans-serif;\"> Gli disse Filippo: \u00abSignore, mostraci il Padre e ci basta\u00bb. Gli rispose Ges\u00f9: \u00abDa tanto tempo sono con voi e tu non mi hai conosciuto, Filippo? Chi ha visto me, ha visto il Padre. Come puoi tu dire: &#8220;Mostraci il Padre&#8221;? Non credi che io sono nel Padre e il Padre \u00e8 in me? Le parole che io vi dico, non le dico da me stesso; ma il Padre, che rimane in me, compie le sue opere. \u00a0<\/span><br \/>\n<span style=\"font-family: arial, helvetica, sans-serif;\"> Credete a me: io sono nel Padre e il Padre \u00e8 in me. Se non altro, credetelo per le opere stesse.<\/span><br \/>\n<span style=\"font-family: arial, helvetica, sans-serif;\"> In verit\u00e0\u00a0, in verit\u00e0\u00a0 io vi dico: chi crede in me, anch&#8217;egli compir\u00e0\u00a0 le opere che io compio e ne compir\u00e0\u00a0 di pi\u00f9 grandi di queste, perch\u00e8 io vado al Padre\u00bb<\/span><\/p>\n<p style=\"text-align: justify;\"><span style=\"font-family: arial, helvetica, sans-serif;\">(dal Vangelo di Giovanni 14,1-12)<\/span><\/p>\n<\/blockquote>\n<p style=\"text-align: justify;\"><strong><span style=\"font-family: arial, helvetica, sans-serif;\">Sono passati 100 anni dagli avvenimenti che hanno segnato profondamente una piccola localit\u00e0\u00a0 del Portogallo e che l&#8217;hanno fatta diventare in seguito uno dei santuari pi\u00f9 visitati dai cristiani cattolici di tutto il mondo. Parlo di Fatima, dove tre piccoli poveri pastori raccontano di aver avuto delle visioni di Maria, la mamma di Ges\u00f9. Le apparizioni iniziano in Cova d&#8217;Iria il 13 maggio 1917, con cadenza mensile fino all&#8217;ultima pi\u00f9 spettacolare del 13 ottobre dello stesso anno, nella quale uno straordinario miracolo del sole, che &#8220;danza&#8221; in cielo, viene visto da migliaia di persone.<\/span><\/strong><\/p>\n<p style=\"text-align: justify;\"><strong><span style=\"font-family: arial, helvetica, sans-serif;\">Di questa storia cosi particolare, ancor prima delle visioni, dei messaggi e anche dello stesso miracolo del sole, mi ha colpito non poco la figura di questi tre piccoli pastori: Lucia, Francesco e Giacinta.<\/span><\/strong><\/p>\n<p style=\"text-align: justify;\"><strong><span style=\"font-family: arial, helvetica, sans-serif;\">Nelle foto che li raffigura al tempo degli avvenimenti appaiono come tre piccoli monumenti di solidit\u00e0\u00a0 e forza, pur essendo piccoli e poveri. Come usava allora, non sorridono nelle foto, ma hanno una espressione dura, quasi innaturale per bambini di 10, 9 e 7 anni. La storia ci racconta che i due pi\u00f9 piccoli, Francesco e Giacinta non sopravvivranno di molto alle apparizioni, e moriranno tra il 1919 e il 1920, mentre Lucia la pi\u00f9 grande, dopo essersi ritirata in convento, muore invece a 98 anni.<\/span><\/strong><\/p>\n<figure id=\"attachment_2620\" aria-describedby=\"caption-attachment-2620\" style=\"width: 362px\" class=\"wp-caption alignright\"><a href=\"http:\/\/www.gioba.it\/sito\/wp-content\/uploads\/2017\/05\/ChildrensofFatima.jpg\"><img loading=\"lazy\" decoding=\"async\" class=\"wp-image-2620\" src=\"http:\/\/www.gioba.it\/sito\/wp-content\/uploads\/2017\/05\/ChildrensofFatima.jpg\" alt=\"I tre pastorelli nel 1917. Da destra: Giacinta Marto, Francisco Marto e Lucia dos Santos\" width=\"362\" height=\"579\" \/><\/a><figcaption id=\"caption-attachment-2620\" class=\"wp-caption-text\">I tre pastorelli nel 1917. Da destra: Giacinta Marto, Francisco Marto e Lucia dos Santos<\/figcaption><\/figure>\n<p style=\"text-align: justify;\"><strong><span style=\"font-family: arial, helvetica, sans-serif;\">I tre bambini non vengono subito creduti quando raccontano di quello che hanno visto, e persino i genitori si mettono contro di loro. In seguito anche le autorit\u00e0\u00a0 arriveranno persino a metterli per qualche giorno in carcere, pur di sviarli dai loro racconti ritenuti falsi e sovversivi. Ma i tre bambini non desistono e non hanno paura di continuare a dire quella che per loro \u00e8 una esperienza vera che non possono negare.<\/span><\/strong><\/p>\n<p style=\"text-align: justify;\"><strong><span style=\"font-family: arial, helvetica, sans-serif;\">Mi vengono allora in mente proprio le parole di Ges\u00f9 quando ai discepoli, impauriti dal carico delle rivelazioni di Ges\u00f9 nell&#8217;imminenza della sua morte, dice: &#8220;Non sia turbato il vostro cuore. Abbiate fede in Dio e abbiate fede anche in me. Nella casa del Padre mio vi sono molte dimore&#8221;, e poco dopo, rispondendo alla domanda di Tommaso, dice &#8220;Io sono la via, la verit\u00e0\u00a0 e la vita. Nessuno viene al Padre se non per mezzo di me&#8221;.<\/span><\/strong><\/p>\n<p style=\"text-align: justify;\"><strong><span style=\"font-family: arial, helvetica, sans-serif;\">Sono espressioni di forte impatto non solo teologico ma anche spirituale, interiore, emotivo.<\/span><\/strong><\/p>\n<p style=\"text-align: justify;\"><strong><span style=\"font-family: arial, helvetica, sans-serif;\">Ges\u00f9, che come uomo tra poco mostrer\u00e0\u00a0 tutta la sua fragilit\u00e0\u00a0 umana, lasciandosi catturare, torturare e infine mettere in croce, rimane la via di Dio, rivela la verit\u00e0\u00a0 di Dio, dona la vita piena di Dio.<\/span><\/strong><\/p>\n<p style=\"text-align: justify;\"><strong><span style=\"font-family: arial, helvetica, sans-serif;\">Con Ges\u00f9 Dio Padre ha voluto abitare nell&#8217;umanit\u00e0\u00a0. Ecco dove &#8220;dimora&#8221; Dio: nell&#8217;uomo Ges\u00f9 e in chiunque vive come lui e si fida di lui. Le &#8220;molte dimore&#8221; di Dio non sono quelle dell&#8217;aldil\u00e0\u00a0, ma quelle che sulla terra corrispondono alle molte esperienze di vita umana, alle molte situazioni di vita in cui si trovano gli uomini e ci troviamo noi. Dio non va ricercato fuori dalla storia umana, ma proprio dentro. Questo \u00e8 il &#8220;miracolo&#8221; di Ges\u00f9 e il fondamento della sua rivelazione.<\/span><\/strong><\/p>\n<p style=\"text-align: justify;\"><strong><span style=\"font-family: arial, helvetica, sans-serif;\">Per questo l&#8217;invito di Ges\u00f9 a non turbarsi nel cuore \u00e8 rivolto anche noi, che siamo sempre tentati di pensare che nella storia umana non ci sia pi\u00f9 posto per Dio e per quello che ci insegna la fede.<\/span><\/strong><\/p>\n<p style=\"text-align: justify;\"><strong><span style=\"font-family: arial, helvetica, sans-serif;\">Avere fede \u00e8 fidarsi di Ges\u00f9, proprio a partire dall&#8217;umilt\u00e0\u00a0 della croce, nei suoi gesti umili di servizio ai poveri, nella sua capacit\u00e0\u00a0 di piegarsi verso gli ultimi. In questo sta la via di Dio, una via che conduce al cielo e dal cielo conduce alla terra.<\/span><\/strong><\/p>\n<p style=\"text-align: justify;\"><strong><span style=\"font-family: arial, helvetica, sans-serif;\">I tre pastorelli di Fatima hanno avuto questa certezza, donata da una esperienza fortissima che ha fatto loro sentire l&#8217;immensit\u00e0\u00a0 del cielo dentro la loro piccola e fragile vita.<\/span><\/strong><\/p>\n<p style=\"text-align: justify;\"><strong><span style=\"font-family: arial, helvetica, sans-serif;\">Il messaggio di Maria a Fatima parla di conversione, penitenza e preghiera. Sono tutte indicazioni di strada che ci portano a Ges\u00f9 nella nostra vita, e a sentire che Dio Padre dimora in noi.<\/span><\/strong><\/p>\n<p style=\"text-align: justify;\"><strong><span style=\"font-family: arial, helvetica, sans-serif;\">Lucia, Francesco e Giacinta, cos\u00ec piccoli, poveri e fragili sono tre dimore dell&#8217;Onnipotente Dio, che proprio dai pi\u00f9 piccoli \u00e8 partito per rivelare al mondo la verit\u00e0\u00a0 della sua misericordia.<\/span><\/strong><\/p>\n<p style=\"text-align: justify;\"><span style=\"font-family: arial, helvetica, sans-serif;\">Giovanni don<\/span><\/p>\n","protected":false},"excerpt":{"rendered":"<p>DOMENICA 14 maggio 2017 quinta di Pasqua In quel tempo, Ges\u00f9 disse ai suoi discepoli: \u00abNon sia turbato il vostro cuore. Abbiate fede in Dio e abbiate fede anche in me. Nella casa del Padre mio vi sono molte dimore. Se no, vi avrei mai detto: &#8220;Vado a prepararvi un posto&#8221;? Quando sar\u00f2 andato e vi avr\u00f2 preparato un posto, verr\u00f2 di nuovo e vi prender\u00f2 con me, perch\u00e8 dove sono io siate anche voi. E del luogo dove io vado, conoscete la via\u00bb. Gli disse Tommaso: \u00abSignore, non sappiamo dove vai; come possiamo conoscere la via?\u00bb. Gli disse Ges\u00f9:<\/p>\n","protected":false},"author":1,"featured_media":0,"comment_status":"open","ping_status":"open","sticky":false,"template":"","format":"standard","meta":{"footnotes":""},"categories":[],"tags":[],"class_list":["post-2618","post","type-post","status-publish","format-standard","hentry"],"_links":{"self":[{"href":"https:\/\/www.gioba.it\/sito\/wp-json\/wp\/v2\/posts\/2618","targetHints":{"allow":["GET"]}}],"collection":[{"href":"https:\/\/www.gioba.it\/sito\/wp-json\/wp\/v2\/posts"}],"about":[{"href":"https:\/\/www.gioba.it\/sito\/wp-json\/wp\/v2\/types\/post"}],"author":[{"embeddable":true,"href":"https:\/\/www.gioba.it\/sito\/wp-json\/wp\/v2\/users\/1"}],"replies":[{"embeddable":true,"href":"https:\/\/www.gioba.it\/sito\/wp-json\/wp\/v2\/comments?post=2618"}],"version-history":[{"count":4,"href":"https:\/\/www.gioba.it\/sito\/wp-json\/wp\/v2\/posts\/2618\/revisions"}],"predecessor-version":[{"id":2624,"href":"https:\/\/www.gioba.it\/sito\/wp-json\/wp\/v2\/posts\/2618\/revisions\/2624"}],"wp:attachment":[{"href":"https:\/\/www.gioba.it\/sito\/wp-json\/wp\/v2\/media?parent=2618"}],"wp:term":[{"taxonomy":"category","embeddable":true,"href":"https:\/\/www.gioba.it\/sito\/wp-json\/wp\/v2\/categories?post=2618"},{"taxonomy":"post_tag","embeddable":true,"href":"https:\/\/www.gioba.it\/sito\/wp-json\/wp\/v2\/tags?post=2618"}],"curies":[{"name":"wp","href":"https:\/\/api.w.org\/{rel}","templated":true}]}}