{"id":2625,"date":"2017-05-19T17:38:01","date_gmt":"2017-05-19T17:38:01","guid":{"rendered":"http:\/\/www.gioba.it\/?p=2625"},"modified":"2017-05-19T17:38:08","modified_gmt":"2017-05-19T17:38:08","slug":"quanto-pesa-lamore","status":"publish","type":"post","link":"https:\/\/www.gioba.it\/sito\/2017\/05\/19\/quanto-pesa-lamore\/","title":{"rendered":"Quanto pesa l&#8217;amore?"},"content":{"rendered":"<p style=\"text-align: justify;\"><a href=\"http:\/\/www.gioba.it\/sito\/wp-content\/uploads\/2017\/05\/Spirito-Santo-e-cuori-di-pietra-colored.jpg\"><img loading=\"lazy\" decoding=\"async\" class=\"alignleft wp-image-2626\" src=\"http:\/\/www.gioba.it\/sito\/wp-content\/uploads\/2017\/05\/Spirito-Santo-e-cuori-di-pietra-colored.jpg\" alt=\"Spirito Santo e cuori di pietra (colored)\" width=\"592\" height=\"469\" \/><\/a><\/p>\n<p style=\"text-align: justify;\"><strong><span style=\"font-family: arial, helvetica, sans-serif;\">DOMENICA 21 maggio 2017<\/span><\/strong><\/p>\n<p style=\"text-align: justify;\"><strong><span style=\"font-family: arial, helvetica, sans-serif;\">Sesta di Pasqua<\/span><\/strong><\/p>\n<blockquote>\n<p style=\"text-align: justify;\"><span style=\"font-family: arial, helvetica, sans-serif;\"> In quel tempo, Ges\u00f9 disse ai suoi discepoli: \u00abSe mi amate, osserverete i miei comandamenti; e io pregher\u00f2 il Padre ed egli vi dar\u00e0\u00a0 un altro Par\u00e0\u00a0clito perch\u00e8 rimanga con voi per sempre, lo Spirito della verit\u00e0\u00a0, che il mondo non pu\u00f2 ricevere perch\u00e8 non lo vede e non lo conosce. Voi lo conoscete perch\u00e8 egli rimane presso di voi e sar\u00e0\u00a0 in voi. \u00a0<\/span><br \/>\n<span style=\"font-family: arial, helvetica, sans-serif;\"> Non vi lascer\u00f2 orfani: verr\u00f2 da voi. Ancora un poco e il mondo non mi vedr\u00e0\u00a0 pi\u00f9; voi invece mi vedrete, perch\u00e8 io vivo e voi vivrete. In quel giorno voi saprete che io sono nel Padre mio e voi in me e io in voi.<\/span><br \/>\n<span style=\"font-family: arial, helvetica, sans-serif;\"> Chi accoglie i miei comandamenti e li osserva, questi \u00e8 colui che mi ama. Chi ama me sar\u00e0\u00a0 amato dal Padre mio e anch&#8217;io lo amer\u00f2 e mi manifester\u00f2 a lui\u00bb.<\/span><\/p>\n<p style=\"text-align: justify;\"><span style=\"font-family: arial, helvetica, sans-serif;\">(dal Vangelo di Giovanni 14,15-21)<\/span><\/p>\n<\/blockquote>\n<p style=\"text-align: justify;\"><strong><span style=\"font-family: arial, helvetica, sans-serif;\">Si pu\u00f2 pesare l&#8217;amore? Si misura con il metro? Che colore, che forma ha?<\/span><\/strong><\/p>\n<p style=\"text-align: justify;\"><strong><span style=\"font-family: arial, helvetica, sans-serif;\">Domanda stupida ci viene da pensare&#8230; perch\u00e8 l&#8217;amore non si pu\u00f2 misurare, n\u00e8 afferrare o fotografare.<\/span><\/strong><\/p>\n<p style=\"text-align: justify;\"><strong><span style=\"font-family: arial, helvetica, sans-serif;\">Ma se non si misura, non si vede e non si tocca, come si fa a dire che esiste?<\/span><\/strong><\/p>\n<p style=\"text-align: justify;\"><strong><span style=\"font-family: arial, helvetica, sans-serif;\">Eppure lo diciamo in tutti i modi, con poesie e canzoni, ed \u00e8 la convinzione pi\u00f9 profonda che abbiamo: senza amore non possiamo andare avanti. Senza amore siamo come i sassi sulla luna, immobili da secoli, nel grigiore e senza vita&#8230;<\/span><\/strong><\/p>\n<p style=\"text-align: justify;\"><strong><span style=\"font-family: arial, helvetica, sans-serif;\">E&#8217; vero che parlare di amore si rischia di dire cose cos\u00ec scontate da risultare banali, eppure sull&#8217;amore ci sono innumerevoli canzoni, libri, poesie, opere d&#8217;arte, opere di teatro e cinema.<\/span><\/strong><\/p>\n<p style=\"text-align: justify;\"><strong><span style=\"font-family: arial, helvetica, sans-serif;\">E anche il libro dei libri, la Bibbia, ne fa il suo centro.<\/span><\/strong><\/p>\n<p style=\"text-align: justify;\"><strong><span style=\"font-family: arial, helvetica, sans-serif;\">E&#8217; l&#8217;amore il punto di incontro tra Dio e l&#8217;uomo. Se \u00e8 vero che l&#8217;amore non ha forma, peso e colore, possiamo per\u00f2 affermare con certezza che per amore tutto esiste, dalla Creazione in poi. Tutta la storia della salvezza narrata fino a Ges\u00f9, \u00e8 la storia dell&#8217;amore di Dio che cerca di riallacciare la relazione con l&#8217;uomo quando quest&#8217;ultimo rompe l&#8217;amore con Dio.<\/span><\/strong><\/p>\n<p style=\"text-align: justify;\"><strong><span style=\"font-family: arial, helvetica, sans-serif;\">Possiamo comprendere l&#8217;intera storia di Ges\u00f9, le sue parole straordinarie, i suoi gesti di guarigione e vicinanza con gli ultimi, la sua consegna sulla croce e la sua vittoria sulla morte, proprio come attuazione del suo amore per l&#8217;uomo e come concretizzazione dell&#8217;amore di Dio dentro la storia umana.<\/span><\/strong><\/p>\n<p style=\"text-align: justify;\"><strong><span style=\"font-family: arial, helvetica, sans-serif;\">Ges\u00f9 stesso come uomo si sente rafforzato dall&#8217;amore di Dio Padre e questo lo rende forte e deciso anche davanti alla morte.<\/span><\/strong><\/p>\n<p style=\"text-align: justify;\"><strong><span style=\"font-family: arial, helvetica, sans-serif;\">Ed \u00e8 l&#8217;amore quello che Ges\u00f9 comanda ai suoi discepoli che lo vogliono seguire e lo vorrebbero sempre presente con loro. Per amore lo hanno seguito e sanno che sono perdonati sempre.<\/span><\/strong><\/p>\n<p style=\"text-align: justify;\"><strong><span style=\"font-family: arial, helvetica, sans-serif;\">Che forma, che colore, che peso ha questo amore?<\/span><\/strong><\/p>\n<p style=\"text-align: justify;\"><strong><span style=\"font-family: arial, helvetica, sans-serif;\">Non lo sappiamo, ma Ges\u00f9 ne ha rivelato finalmente il nome: Spirito Santo.<\/span><\/strong><\/p>\n<p style=\"text-align: justify;\"><strong><span style=\"font-family: arial, helvetica, sans-serif;\">Nel Vangelo di Giovanni viene chiamato anche &#8220;colui che difende&#8221; (Paraclito), e nel Libro degli Atti degli Apostoli verr\u00e0\u00a0 paragonato a delle &#8220;lingue di fuoco&#8221; mentre prima era stato &#8220;visto&#8221; come &#8220;una colomba&#8221; posarsi su Ges\u00f9 nel fiume Giordano.<\/span><\/strong><\/p>\n<p style=\"text-align: justify;\"><strong><span style=\"font-family: arial, helvetica, sans-serif;\">Sono tutte parole e immagini che ci aiutano a farci una vaga idea dello Spirito Santo che Ges\u00f9 promette nel cuore dei suoi discepoli e che li guider\u00e0\u00a0 per sempre.<\/span><\/strong><\/p>\n<p style=\"text-align: justify;\"><strong><span style=\"font-family: arial, helvetica, sans-serif;\">Questo Spirito Santo abita anche in me e in noi. E&#8217; un dono che non possiamo vedere e misurare, ma sappiamo che c&#8217;\u00e8, e senza di lui il mondo non sarebbe creato, noi non esisteremmo e non faremmo nulla.<\/span><\/strong><\/p>\n<p style=\"text-align: justify;\"><strong><span style=\"font-family: arial, helvetica, sans-serif;\">Non posso misurare lo Spirito di Dio, ma posso lasciarlo agire dentro di me in modo che possa vedere concretamente i miracoli che mi fa fare, le cose incredibili che succedono quando lo lascio agire. Cos\u00ec come posso vedere e misurare quanto piccolo, brutto e malsano divento non lasciandolo agire, dimenticando l&#8217;amore che ho dentro e che Dio ha posto in me.<\/span><\/strong><\/p>\n<p style=\"text-align: justify;\"><span style=\"font-family: arial, helvetica, sans-serif;\">Giovanni don<\/span><\/p>\n","protected":false},"excerpt":{"rendered":"<p>DOMENICA 21 maggio 2017 Sesta di Pasqua In quel tempo, Ges\u00f9 disse ai suoi discepoli: \u00abSe mi amate, osserverete i miei comandamenti; e io pregher\u00f2 il Padre ed egli vi dar\u00e0\u00a0 un altro Par\u00e0\u00a0clito perch\u00e8 rimanga con voi per sempre, lo Spirito della verit\u00e0\u00a0, che il mondo non pu\u00f2 ricevere perch\u00e8 non lo vede e non lo conosce. Voi lo conoscete perch\u00e8 egli rimane presso di voi e sar\u00e0\u00a0 in voi. \u00a0 Non vi lascer\u00f2 orfani: verr\u00f2 da voi. Ancora un poco e il mondo non mi vedr\u00e0\u00a0 pi\u00f9; voi invece mi vedrete, perch\u00e8 io vivo e voi vivrete. In<\/p>\n","protected":false},"author":1,"featured_media":0,"comment_status":"open","ping_status":"open","sticky":false,"template":"","format":"standard","meta":{"footnotes":""},"categories":[],"tags":[],"class_list":["post-2625","post","type-post","status-publish","format-standard","hentry"],"_links":{"self":[{"href":"https:\/\/www.gioba.it\/sito\/wp-json\/wp\/v2\/posts\/2625","targetHints":{"allow":["GET"]}}],"collection":[{"href":"https:\/\/www.gioba.it\/sito\/wp-json\/wp\/v2\/posts"}],"about":[{"href":"https:\/\/www.gioba.it\/sito\/wp-json\/wp\/v2\/types\/post"}],"author":[{"embeddable":true,"href":"https:\/\/www.gioba.it\/sito\/wp-json\/wp\/v2\/users\/1"}],"replies":[{"embeddable":true,"href":"https:\/\/www.gioba.it\/sito\/wp-json\/wp\/v2\/comments?post=2625"}],"version-history":[{"count":2,"href":"https:\/\/www.gioba.it\/sito\/wp-json\/wp\/v2\/posts\/2625\/revisions"}],"predecessor-version":[{"id":2628,"href":"https:\/\/www.gioba.it\/sito\/wp-json\/wp\/v2\/posts\/2625\/revisions\/2628"}],"wp:attachment":[{"href":"https:\/\/www.gioba.it\/sito\/wp-json\/wp\/v2\/media?parent=2625"}],"wp:term":[{"taxonomy":"category","embeddable":true,"href":"https:\/\/www.gioba.it\/sito\/wp-json\/wp\/v2\/categories?post=2625"},{"taxonomy":"post_tag","embeddable":true,"href":"https:\/\/www.gioba.it\/sito\/wp-json\/wp\/v2\/tags?post=2625"}],"curies":[{"name":"wp","href":"https:\/\/api.w.org\/{rel}","templated":true}]}}