{"id":2647,"date":"2017-06-24T11:23:25","date_gmt":"2017-06-24T11:23:25","guid":{"rendered":"http:\/\/www.gioba.it\/?p=2647"},"modified":"2017-06-24T11:23:25","modified_gmt":"2017-06-24T11:23:25","slug":"non-cade-foglia-che-dio","status":"publish","type":"post","link":"https:\/\/www.gioba.it\/sito\/2017\/06\/24\/non-cade-foglia-che-dio\/","title":{"rendered":"non cade foglia che Dio&#8230;"},"content":{"rendered":"<p style=\"text-align: justify;\"><a href=\"http:\/\/www.gioba.it\/sito\/wp-content\/uploads\/2017\/06\/caldo-in-paradiso-colored.jpg\"><img loading=\"lazy\" decoding=\"async\" class=\"alignleft  wp-image-2648\" src=\"http:\/\/www.gioba.it\/sito\/wp-content\/uploads\/2017\/06\/caldo-in-paradiso-colored.jpg\" alt=\"caldo in paradiso (colored)\" width=\"590\" height=\"427\" \/><\/a><\/p>\n<p style=\"text-align: justify;\"><strong><span style=\"font-family: arial, helvetica, sans-serif;\">DOMENICA 25 giugno 2017<\/span><\/strong><\/p>\n<blockquote>\n<p style=\"text-align: justify;\">\n<span style=\"font-family: arial, helvetica, sans-serif;\"> In quel tempo, Ges\u00f9 disse ai suoi apostoli: \u00a0<\/span><br \/>\n<span style=\"font-family: arial, helvetica, sans-serif;\"> \u00abNon abbiate paura degli uomini, poich\u00e8 nulla vi \u00e8 di nascosto che non sar\u00e0\u00a0 svelato n\u00e8 di segreto che non sar\u00e0\u00a0 conosciuto. Quello che io vi dico nelle tenebre voi ditelo nella luce, e quello che ascoltate all&#8217;orecchio voi annunciatelo dalle terrazze. \u00a0<\/span><br \/>\n<span style=\"font-family: arial, helvetica, sans-serif;\"> E non abbiate paura di quelli che uccidono il corpo, ma non hanno potere di uccidere l&#8217;anima; abbiate paura piuttosto di colui che ha il potere di far perire nella Ge\u00e8nna e l&#8217;anima e il corpo. \u00a0<\/span><br \/>\n<span style=\"font-family: arial, helvetica, sans-serif;\"> Due passeri non si vendono forse per un soldo? Eppure nemmeno uno di essi cadr\u00e0\u00a0 a terra senza il volere del Padre vostro. Perfino i capelli del vostro capo sono tutti contati. Non abbiate dunque paura: voi valete pi\u00f9 di molti passeri!<\/span><br \/>\n<span style=\"font-family: arial, helvetica, sans-serif;\"> Perci\u00f2 chiunque mi riconoscer\u00e0\u00a0 davanti agli uomini, anch&#8217;io lo riconoscer\u00f2 davanti al Padre mio che \u00e8 nei cieli; chi invece mi rinnegher\u00e0\u00a0 davanti agli uomini, anch&#8217;io lo rinnegher\u00f2 davanti al Padre mio che \u00e8 nei cieli\u00bb.<\/span><\/p>\n<p style=\"text-align: justify;\"><span style=\"font-family: arial, helvetica, sans-serif;\">(dal Vangelo di Matteo 10,26-33)<\/span><\/p>\n<\/blockquote>\n<p style=\"text-align: justify;\">\n<p style=\"text-align: justify;\"><strong><span style=\"font-family: arial, helvetica, sans-serif;\">&#8220;Non cade foglia che Dio non voglia&#8221;<\/span><\/strong><br \/>\n<strong><span style=\"font-family: arial, helvetica, sans-serif;\"> \u00e8 forse il proverbio meno cristiano che esista, eppure sembra quasi alla base di ogni nostro credo e della nostra relazione con Dio.<\/span><\/strong><\/p>\n<p style=\"text-align: justify;\"><strong><span style=\"font-family: arial, helvetica, sans-serif;\">Io che faccio vignette e quindi &#8220;gioco&#8221; un poco sul fare la &#8220;caricatura&#8221; alle persone, alle situazioni di vita e persino alla nostra religione e a Dio, sono cosciente che se disegno Dio anche in maniera buffa, lo faccio per gioco, sapendo che Lui \u00e8 infinitamente meglio e non \u00e8 come lo &#8220;riduco&#8221; io in una vignetta.<\/span><\/strong><\/p>\n<p style=\"text-align: justify;\"><strong><span style=\"font-family: arial, helvetica, sans-serif;\">Ma questa idea di Dio che esce dal proverbio, che ha il quadro dei bottoni della storia e di ogni singola creatura, uomini compresi, e che li schiaccia secondo un volere misterioso e spesso incomprensibile, davvero non mi piace. E non lo trovo nemmeno vero secondo la rivelazione che Ges\u00f9 ci ha dato di Dio.<\/span><\/strong><\/p>\n<p style=\"text-align: justify;\"><strong><span style=\"font-family: arial, helvetica, sans-serif;\">E sembra che siano proprio le parole di Ges\u00f9 ad avvalorare questo proverbio su Dio: &#8220;Due passeri non si vendono forse per un soldo? Eppure nemmeno uno di essi cadr\u00e0\u00a0 a terra senza il volere del Padre vostro&#8221;<\/span><\/strong><\/p>\n<p style=\"text-align: justify;\"><strong><span style=\"font-family: arial, helvetica, sans-serif;\">Come accade anche con le persone, se prendiamo una frase e la isoliamo dal suo contesto rischiamo non solo di non capire bene, ma di capire il contrario della verit\u00e0\u00a0.<\/span><\/strong><\/p>\n<p style=\"text-align: justify;\"><strong><span style=\"font-family: arial, helvetica, sans-serif;\">Ges\u00f9 sta invitando i suoi discepoli a non aver paura perch\u00e8 Dio \u00e8 un Padre che guarda anche la parte pi\u00f9 piccola e insignificante della realt\u00e0\u00a0. I passeri nella bibbia solo gli animali pi\u00f9 inutili e di scarso valore&#8230;. Dio guarda i passeri! Contare i capelli \u00e8 una cosa stupida, soprattutto per chi come noi anche oggi pensiamo sia pi\u00f9 utile contare i soldi, i voti ricevuti, i torti subiti, i beni accumulati&#8230; Dio conta i capelli, anche quelli pochi rimasti sulla mia testa.<\/span><\/strong><\/p>\n<p style=\"text-align: justify;\"><strong><span style=\"font-family: arial, helvetica, sans-serif;\">Questo \u00e8 Dio Padre! Questo \u00e8 Dio che conta i nostri pensieri, si prende cura delle nostre piccolezze e povert\u00e0\u00a0.<\/span><\/strong><\/p>\n<p style=\"text-align: justify;\"><strong><span style=\"font-family: arial, helvetica, sans-serif;\">Non dobbiamo temere Dio, ma piuttosto dobbiamo temere tutto quello che ci fa dimenticare chi \u00e8 Lui e ci porta ad accogliere la sua &#8220;caricatura&#8221; che lo fa diventare un despota celeste che schiaccia l&#8217;uomo con leggi, imposizioni, paure, castighi. Dobbiamo avere paura di chi spegne in noi la speranza e la gioia di vivere, facendoci pensare che solo contando tanti soldi in tasca e tanto potere nelle mani noi valiamo, in caso contrario non valiamo e contiamo nulla.<\/span><\/strong><\/p>\n<p style=\"text-align: justify;\"><strong><span style=\"font-family: arial, helvetica, sans-serif;\">Questo \u00e8 quello di cui avere paura: dimenticare il vero volto di Dio come Padre, arrivando a non riconoscere pi\u00f9 Ges\u00f9 negli uomini. Questo ci allontana da Dio.<\/span><\/strong><\/p>\n<p style=\"text-align: justify;\"><strong><span style=\"font-family: arial, helvetica, sans-serif;\">Se non riesco pi\u00f9 a vedere l&#8217;uomo Ges\u00f9 nell&#8217;umanit\u00e0\u00a0 delle persone che ho davanti (chiunque esse siano&#8230; non solo i cristiani e gli amici, ma tutti) allora non sono pi\u00f9 in grado di riconoscere Dio in modo vero. E allora s\u00ec che c&#8217;\u00e8 da temere&#8230;<\/span><\/strong><\/p>\n<p style=\"text-align: justify;\"><strong><span style=\"font-family: arial, helvetica, sans-serif;\">Chi \u00e8 in fondo Ges\u00f9? E&#8217; Dio che si \u00e8 totalmente coinvolto nell&#8217;umanit\u00e0\u00a0. Dove c&#8217;\u00e8 un essere umano, piccolo, anziano, povero, emarginato, lontano&#8230; l\u00ec c&#8217;\u00e8 Ges\u00f9, l\u00ec c&#8217;\u00e8 Dio.<\/span><\/strong><\/p>\n<p style=\"text-align: justify;\"><strong><span style=\"font-family: arial, helvetica, sans-serif;\">Mi viene da correggere &#8220;evangelicamente&#8221; il proverbio: &#8220;non cade foglia che Dio non sia li&#8230; a cadere con lei, per prenderla in mano, e darle miracolosamente nuova vita&#8221;<\/span><\/strong><br \/>\n<strong><span style=\"font-family: arial, helvetica, sans-serif;\"> Lo so, il proverbio non fa pi\u00f9 la rima&#8230; ma \u00e8 molto pi\u00f9 evangelico!<\/span><\/strong><\/p>\n<p style=\"text-align: justify;\"><span style=\"font-family: arial, helvetica, sans-serif;\">Giovanni do<\/span>n<\/p>\n","protected":false},"excerpt":{"rendered":"<p>DOMENICA 25 giugno 2017 In quel tempo, Ges\u00f9 disse ai suoi apostoli: \u00a0 \u00abNon abbiate paura degli uomini, poich\u00e8 nulla vi \u00e8 di nascosto che non sar\u00e0\u00a0 svelato n\u00e8 di segreto che non sar\u00e0\u00a0 conosciuto. Quello che io vi dico nelle tenebre voi ditelo nella luce, e quello che ascoltate all&#8217;orecchio voi annunciatelo dalle terrazze. \u00a0 E non abbiate paura di quelli che uccidono il corpo, ma non hanno potere di uccidere l&#8217;anima; abbiate paura piuttosto di colui che ha il potere di far perire nella Ge\u00e8nna e l&#8217;anima e il corpo. \u00a0 Due passeri non si vendono forse per<\/p>\n","protected":false},"author":1,"featured_media":0,"comment_status":"open","ping_status":"open","sticky":false,"template":"","format":"standard","meta":{"footnotes":""},"categories":[],"tags":[],"class_list":["post-2647","post","type-post","status-publish","format-standard","hentry"],"_links":{"self":[{"href":"https:\/\/www.gioba.it\/sito\/wp-json\/wp\/v2\/posts\/2647","targetHints":{"allow":["GET"]}}],"collection":[{"href":"https:\/\/www.gioba.it\/sito\/wp-json\/wp\/v2\/posts"}],"about":[{"href":"https:\/\/www.gioba.it\/sito\/wp-json\/wp\/v2\/types\/post"}],"author":[{"embeddable":true,"href":"https:\/\/www.gioba.it\/sito\/wp-json\/wp\/v2\/users\/1"}],"replies":[{"embeddable":true,"href":"https:\/\/www.gioba.it\/sito\/wp-json\/wp\/v2\/comments?post=2647"}],"version-history":[{"count":1,"href":"https:\/\/www.gioba.it\/sito\/wp-json\/wp\/v2\/posts\/2647\/revisions"}],"predecessor-version":[{"id":2649,"href":"https:\/\/www.gioba.it\/sito\/wp-json\/wp\/v2\/posts\/2647\/revisions\/2649"}],"wp:attachment":[{"href":"https:\/\/www.gioba.it\/sito\/wp-json\/wp\/v2\/media?parent=2647"}],"wp:term":[{"taxonomy":"category","embeddable":true,"href":"https:\/\/www.gioba.it\/sito\/wp-json\/wp\/v2\/categories?post=2647"},{"taxonomy":"post_tag","embeddable":true,"href":"https:\/\/www.gioba.it\/sito\/wp-json\/wp\/v2\/tags?post=2647"}],"curies":[{"name":"wp","href":"https:\/\/api.w.org\/{rel}","templated":true}]}}