{"id":2660,"date":"2017-08-05T10:58:20","date_gmt":"2017-08-05T10:58:20","guid":{"rendered":"http:\/\/www.gioba.it\/?p=2660"},"modified":"2017-08-05T10:59:44","modified_gmt":"2017-08-05T10:59:44","slug":"gesu-e-luce-ogni-giorno","status":"publish","type":"post","link":"https:\/\/www.gioba.it\/sito\/2017\/08\/05\/gesu-e-luce-ogni-giorno\/","title":{"rendered":"Ges\u00f9 \u00e8 luce ogni giorno"},"content":{"rendered":"<p style=\"text-align: justify;\"><a href=\"http:\/\/www.gioba.it\/sito\/wp-content\/uploads\/2017\/08\/trasfigurazione-estiva-colored.jpg\"><img loading=\"lazy\" decoding=\"async\" class=\"alignleft wp-image-2661\" src=\"http:\/\/www.gioba.it\/sito\/wp-content\/uploads\/2017\/08\/trasfigurazione-estiva-colored.jpg\" alt=\"trasfigurazione estiva (colored)\" width=\"590\" height=\"423\" \/><\/a><strong><span style=\"font-family: arial, helvetica, sans-serif;\"><span style=\"font-size: 12pt;\">DOMENICA 6 agosto 2017<\/span><\/span><\/strong><\/p>\n<p style=\"text-align: justify;\"><strong><span style=\"font-family: arial, helvetica, sans-serif;\">TRASFIGURAZIONE del SIGNORE<\/span><\/strong><\/p>\n<p style=\"text-align: justify;\">\n<blockquote>\n<p style=\"text-align: justify;\"><span style=\"font-family: arial, helvetica, sans-serif; font-size: 12pt;\"> In quel tempo, Ges\u00f9 prese con s\u00e8 Pietro, Giacomo e Giovanni suo fratello e li condusse in disparte, su un alto monte. E fu trasfigurato davanti a loro: il suo volto brill\u00f2 come il sole e le sue vesti divennero candide come la luce. Ed ecco apparvero loro Mos\u00e8 ed Elia, che conversavano con lui. \u00a0<\/span><br \/>\n<span style=\"font-family: arial, helvetica, sans-serif; font-size: 12pt;\"> Prendendo la parola, Pietro disse a Ges\u00f9: \u00abSignore, \u00e8 bello per noi essere qui! Se vuoi, far\u00f2 qui tre capanne, una per te, una per Mos\u00e8 e una per Elia\u00bb. Egli stava ancora parlando, quando una nube luminosa li copr\u00ec con la sua ombra. Ed ecco una voce dalla nube che diceva: \u00abQuesti \u00e8 il Figlio mio, l&#8217;amato: in lui ho posto il mio compiacimento. Ascoltatelo\u00bb. \u00a0<\/span><br \/>\n<span style=\"font-family: arial, helvetica, sans-serif; font-size: 12pt;\"> All&#8217;udire ci\u00f2, i discepoli caddero con la faccia a terra e furono presi da grande timore. Ma Ges\u00f9 si avvicin\u00f2, li tocc\u00f2 e disse: \u00abAlzatevi e non temete\u00bb. Alzando gli occhi non videro nessuno, se non Ges\u00f9 solo.<\/span><br \/>\n<span style=\"font-family: arial, helvetica, sans-serif; font-size: 12pt;\"> Mentre scendevano dal monte, Ges\u00f9 ordin\u00f2 loro: \u00abNon parlate a nessuno di questa visione, prima che il Figlio dell&#8217;uomo non sia risorto dai morti\u00bb.<\/span><\/p>\n<p style=\"text-align: justify;\"><span style=\"font-family: arial, helvetica, sans-serif; font-size: 12pt;\">(dal Vangelo di Matteo 17,1-9)<\/span><\/p>\n<\/blockquote>\n<p style=\"text-align: justify;\"><strong><span style=\"font-family: arial, helvetica, sans-serif; font-size: 12pt;\">Ges\u00f9 al centro<\/span><\/strong><\/p>\n<p style=\"text-align: justify;\"><strong><span style=\"font-family: arial, helvetica, sans-serif; font-size: 12pt;\">E&#8217; questa l&#8217;immagine che appare luminosa ai discepoli portati in disparte da Ges\u00f9 stesso. Pietro Giacomo e Giovanni sono l\u00ec anche a nome dell&#8217;intero gruppo dei discepoli per fare una esperienza di luce che \u00e8 arrivata fino a noi. Quello che loro hanno visto anche noi siamo chiamati a vederlo, attraverso la loro testimonianza.<\/span><\/strong><\/p>\n<p style=\"text-align: justify;\"><strong><span style=\"font-family: arial, helvetica, sans-serif; font-size: 12pt;\">Ges\u00f9 al centro, luminosamente al centro di tutto il sistema religioso che aveva nella Legge (Mos\u00e8) e i Profeti (Elia) i due fondamentali punti di riferimento. Ges\u00f9, il maestro delle Beatitudini, l&#8217;amico che li ha chiamati, lui che guarisce toccando i malati, colui che si sta mettendo nei guai proprio con le autorit\u00e0\u00a0 religiose, ecco, proprio lui \u00e8 al centro come sintesi dei fondamenti della fede.<\/span><\/strong><\/p>\n<p style=\"text-align: justify;\"><strong><span style=\"font-family: arial, helvetica, sans-serif; font-size: 12pt;\">La voce divina che proviene dalla nube luminosa non fa altro che ricordare agli orecchi e soprattutto al cuore dei discepoli un po&#8217; disorientati che \u00e8 Ges\u00f9 che va ascoltato prima di tutto!<\/span><\/strong><\/p>\n<p style=\"text-align: justify;\"><strong><span style=\"font-family: arial, helvetica, sans-serif; font-size: 12pt;\">Dio ama Ges\u00f9 come figlio, perch\u00e8 in questo figlio riconosce s\u00e8 stesso. Chi ascolta Ges\u00f9 ascolta Dio. Chi guarda Ges\u00f9 vede Dio.<\/span><\/strong><\/p>\n<p style=\"text-align: justify;\"><strong><span style=\"font-family: arial, helvetica, sans-serif; font-size: 12pt;\">Posso anche io vedere Dio? Che volto ha? Qual \u00e8 la sua voce?<\/span><\/strong><\/p>\n<p style=\"text-align: justify;\"><strong><span style=\"font-family: arial, helvetica, sans-serif; font-size: 12pt;\">La liturgia nei secoli, con tutte le sue trasformazioni e particolarit\u00e0\u00a0, ha sempre cercato in tutti i modi di far fare quella esperienza di Dio. Specialmente quando siamo schiacciati dal peso della nostra vita, dei problemi, delle tristezze, avremmo voglia di sentire Dio che ci soleva, ci ridona gioia e luce nel cuore. La preghiera, sia quella personale che quella comunitaria, cos\u00ec ricca di riti e segni, ha questo compito di elevare il nostro spirito e almeno per un attimo farci fare l&#8217;esperienza del monte della trasfigurazione, dove ai tre discepoli \u00e8 apparso tutto chiaro, hanno persino sentito Dio e hanno visto la luce di Ges\u00f9.<\/span><\/strong><\/p>\n<p style=\"text-align: justify;\"><strong><span style=\"font-family: arial, helvetica, sans-serif; font-size: 12pt;\">Ci sono dei gruppi, chiamati di evangelizzazione di strada, che da anni specialmente in estate si recano dove la gente passa le vacanze e dove si trova spiritualmente e fisicamente lontanissima da ogni esperienza religiosa, e la invita a fare una esperienza di preghiera. A volte montano delle tende in spiaggia e propongono di lasciare per un po&#8217; l&#8217;occupazione vacanziera per fare un po&#8217; di adorazione eucaristica. L&#8217;idea di fondo mi sembra che sia quella di fra comprendere che in ogni momento, in ogni luogo, noi abbiamo bisogno di Dio e non lo troviamo solo tra le pareti di una chiesa e nei soliti orari della messa.<\/span><\/strong><\/p>\n<p style=\"text-align: justify;\"><strong><span style=\"font-family: arial, helvetica, sans-serif; font-size: 12pt;\">Tutto questo penso sia davvero molto bello ma penso che il messaggio della Trasfigurazione sia ancora pi\u00f9 ampio.<\/span><\/strong><\/p>\n<p style=\"text-align: justify;\"><strong><span style=\"font-family: arial, helvetica, sans-serif; font-size: 12pt;\">Ges\u00f9 tocca i suoi amici impauriti da quella esperienza fuori dal comune e fuori da ogni loro abitudine religiosa e li invita a non temere. Ges\u00f9 si mostra nella sua veste normale, feriale, senza luci e senza gli &#8220;effetti speciali&#8221; di poco prima. E&#8217; il &#8220;solito&#8221; umanissimo Ges\u00f9. Ed \u00e8 soprattutto qui che vale quello che la Voce dalla nube ha detto: &#8220;Ascoltatelo!&#8221;<\/span><\/strong><\/p>\n<p style=\"text-align: justify;\"><strong><span style=\"font-family: arial, helvetica, sans-serif; font-size: 12pt;\">Il bello del Vangelo \u00e8 che proprio nella vita umana, l\u00e0\u00a0 dove si trovano segni di umanit\u00e0\u00a0 bella, aperta all&#8217;amore, nella vita di tutti i giorni vissuta con lo stile di Ges\u00f9, proprio li possiamo dire di vedere Dio!<\/span><\/strong><\/p>\n<p style=\"text-align: justify;\"><strong><span style=\"font-family: arial, helvetica, sans-serif; font-size: 12pt;\">La preghiera della domenica, quando ci raduniamo a vivere la liturgia della comunit\u00e0\u00a0 in modo speciale, ci rilancia a tutti gli altri giorni della settimana a riscoprire la presenza luminosa di Ges\u00f9 che ci tocca, ci guarisce, ci risolleva e ci coinvolge nel suo piano di salvezza.<\/span><\/strong><\/p>\n<p style=\"text-align: justify;\"><strong><span style=\"font-family: arial, helvetica, sans-serif; font-size: 12pt;\">Quell&#8217;ora settimanale passata tra le pareti della chiesa, con i suoi riti antichi, ci dona una visione particolare di Ges\u00f9, ma poi ci invita a sperimentare Ges\u00f9 e Dio Padre in tutte le altre ore e giorni vissuti in ogni posto dove siamo e viviamo.<\/span><\/strong><\/p>\n<p style=\"text-align: justify;\"><strong><span style=\"font-family: arial, helvetica, sans-serif; font-size: 12pt;\">Ges\u00f9 si trasfigura, si mostra in modo sempre nuovo in ogni istante della nostra vita. Ges\u00f9 \u00e8 luce, pace, forza, consolazione ogni giorno, ovunque siamo con chiunque siamo.<\/span><\/strong><\/p>\n<p style=\"text-align: justify;\"><em><span style=\"font-family: arial, helvetica, sans-serif; font-size: 12pt;\">Giovanni don<\/span><\/em><\/p>\n<p>&nbsp;<\/p>\n<p>&nbsp;<\/p>\n<p>&nbsp;<\/p>\n","protected":false},"excerpt":{"rendered":"<p>DOMENICA 6 agosto 2017 TRASFIGURAZIONE del SIGNORE In quel tempo, Ges\u00f9 prese con s\u00e8 Pietro, Giacomo e Giovanni suo fratello e li condusse in disparte, su un alto monte. E fu trasfigurato davanti a loro: il suo volto brill\u00f2 come il sole e le sue vesti divennero candide come la luce. Ed ecco apparvero loro Mos\u00e8 ed Elia, che conversavano con lui. \u00a0 Prendendo la parola, Pietro disse a Ges\u00f9: \u00abSignore, \u00e8 bello per noi essere qui! Se vuoi, far\u00f2 qui tre capanne, una per te, una per Mos\u00e8 e una per Elia\u00bb. Egli stava ancora parlando, quando una nube<\/p>\n","protected":false},"author":1,"featured_media":0,"comment_status":"open","ping_status":"open","sticky":false,"template":"","format":"standard","meta":{"footnotes":""},"categories":[],"tags":[],"class_list":["post-2660","post","type-post","status-publish","format-standard","hentry"],"_links":{"self":[{"href":"https:\/\/www.gioba.it\/sito\/wp-json\/wp\/v2\/posts\/2660","targetHints":{"allow":["GET"]}}],"collection":[{"href":"https:\/\/www.gioba.it\/sito\/wp-json\/wp\/v2\/posts"}],"about":[{"href":"https:\/\/www.gioba.it\/sito\/wp-json\/wp\/v2\/types\/post"}],"author":[{"embeddable":true,"href":"https:\/\/www.gioba.it\/sito\/wp-json\/wp\/v2\/users\/1"}],"replies":[{"embeddable":true,"href":"https:\/\/www.gioba.it\/sito\/wp-json\/wp\/v2\/comments?post=2660"}],"version-history":[{"count":2,"href":"https:\/\/www.gioba.it\/sito\/wp-json\/wp\/v2\/posts\/2660\/revisions"}],"predecessor-version":[{"id":2663,"href":"https:\/\/www.gioba.it\/sito\/wp-json\/wp\/v2\/posts\/2660\/revisions\/2663"}],"wp:attachment":[{"href":"https:\/\/www.gioba.it\/sito\/wp-json\/wp\/v2\/media?parent=2660"}],"wp:term":[{"taxonomy":"category","embeddable":true,"href":"https:\/\/www.gioba.it\/sito\/wp-json\/wp\/v2\/categories?post=2660"},{"taxonomy":"post_tag","embeddable":true,"href":"https:\/\/www.gioba.it\/sito\/wp-json\/wp\/v2\/tags?post=2660"}],"curies":[{"name":"wp","href":"https:\/\/api.w.org\/{rel}","templated":true}]}}