{"id":2665,"date":"2017-08-14T14:33:00","date_gmt":"2017-08-14T14:33:00","guid":{"rendered":"http:\/\/www.gioba.it\/?p=2665"},"modified":"2017-08-14T15:07:50","modified_gmt":"2017-08-14T15:07:50","slug":"il-cammino-di-maria","status":"publish","type":"post","link":"https:\/\/www.gioba.it\/sito\/2017\/08\/14\/il-cammino-di-maria\/","title":{"rendered":"il cammino di Maria"},"content":{"rendered":"<p style=\"text-align: justify;\"><strong><span style=\"font-family: arial, helvetica, sans-serif;\"> Marted\u00ec 15 agosto 2017<\/span><\/strong><br \/>\n<strong><span style=\"font-family: arial, helvetica, sans-serif;\"> Assunzione di Maria<a href=\"http:\/\/www.gioba.it\/sito\/wp-content\/uploads\/2017\/08\/Assunta-2017-colored.jpg\"><img loading=\"lazy\" decoding=\"async\" class=\"alignleft wp-image-2666\" src=\"http:\/\/www.gioba.it\/sito\/wp-content\/uploads\/2017\/08\/Assunta-2017-colored.jpg\" alt=\"Assunta 2017 (colored)\" width=\"590\" height=\"467\" \/><\/a><\/span><\/strong><\/p>\n<blockquote>\n<p style=\"text-align: justify;\"><span style=\"font-family: arial, helvetica, sans-serif;\">In quei giorni Maria si alz\u00f2 e and\u00f2 in fretta verso la regione montuosa, in una citt\u00e0\u00a0 di Giuda.<\/span><br \/>\n<span style=\"font-family: arial, helvetica, sans-serif;\"> Entrata nella casa di Zaccar\u00eca, salut\u00f2 Elisabetta. Appena Elisabetta ebbe udito il saluto di Maria, il bambino sussult\u00f2 nel suo grembo.<\/span><br \/>\n<span style=\"font-family: arial, helvetica, sans-serif;\"> Elisabetta fu colmata di Spirito Santo ed esclam\u00f2 a gran voce: \u00abBenedetta tu fra le donne e benedetto il frutto del tuo grembo! A che cosa devo che la madre del mio Signore venga da me? Ecco, appena il tuo saluto \u00e8 giunto ai miei orecchi, il bambino ha sussultato di gioia nel mio grembo. E beata colei che ha creduto nell&#8217;adempimento di ci\u00f2 che il Signore le ha detto\u00bb.<\/span><br \/>\n<span style=\"font-family: arial, helvetica, sans-serif;\"> Allora Maria disse:<\/span><br \/>\n<span style=\"font-family: arial, helvetica, sans-serif;\"> \u00abL&#8217;anima mia magnifica il Signore<\/span><br \/>\n<span style=\"font-family: arial, helvetica, sans-serif;\"> e il mio spirito esulta in Dio, mio salvatore,<\/span><br \/>\n<span style=\"font-family: arial, helvetica, sans-serif;\"> perch\u00e8 ha guardato l&#8217;umilt\u00e0\u00a0 della sua serva.<\/span><br \/>\n<span style=\"font-family: arial, helvetica, sans-serif;\"> D&#8217;ora in poi tutte le generazioni mi chiameranno beata.<\/span><br \/>\n<span style=\"font-family: arial, helvetica, sans-serif;\"> Grandi cose ha fatto per me l&#8217;Onnipotente<\/span><br \/>\n<span style=\"font-family: arial, helvetica, sans-serif;\"> e Santo \u00e8 il suo nome;<\/span><br \/>\n<span style=\"font-family: arial, helvetica, sans-serif;\"> di generazione in generazione la sua misericordia<\/span><br \/>\n<span style=\"font-family: arial, helvetica, sans-serif;\"> per quelli che lo temono.<\/span><br \/>\n<span style=\"font-family: arial, helvetica, sans-serif;\"> Ha spiegato la potenza del suo braccio,<\/span><br \/>\n<span style=\"font-family: arial, helvetica, sans-serif;\"> ha disperso i superbi nei pensieri del loro cuore;<\/span><br \/>\n<span style=\"font-family: arial, helvetica, sans-serif;\"> ha rovesciato i potenti dai troni,<\/span><br \/>\n<span style=\"font-family: arial, helvetica, sans-serif;\"> ha innalzato gli umili;<\/span><br \/>\n<span style=\"font-family: arial, helvetica, sans-serif;\"> ha ricolmato di beni gli affamati,<\/span><br \/>\n<span style=\"font-family: arial, helvetica, sans-serif;\"> ha rimandato i ricchi a mani vuote.<\/span><br \/>\n<span style=\"font-family: arial, helvetica, sans-serif;\"> Ha soccorso Israele, suo servo,<\/span><br \/>\n<span style=\"font-family: arial, helvetica, sans-serif;\"> ricordandosi della sua misericordia,<\/span><br \/>\n<span style=\"font-family: arial, helvetica, sans-serif;\"> come aveva detto ai nostri padri,<\/span><br \/>\n<span style=\"font-family: arial, helvetica, sans-serif;\"> per Abramo e la sua discendenza, per sempre\u00bb.<\/span><br \/>\n<span style=\"font-family: arial, helvetica, sans-serif;\"> Maria rimase con lei circa tre mesi, poi torn\u00f2 a casa sua.<\/span><br \/>\n<span style=\"font-family: arial, helvetica, sans-serif;\"> (dal Vangelo di Luca 1,39-56)<\/span><\/p>\n<\/blockquote>\n<p style=\"text-align: justify;\"><strong><span style=\"font-family: arial, helvetica, sans-serif;\">Il cammino di Maria verso il cielo, l\u00e0\u00a0 dove la tradizione e il dogma cristiano la vuole in anima e corpo per dono speciale di Dio, \u00e8 iniziato non tra le nuvole ma proprio con i piedi sulle polverose strade della terra di Israele.<\/span><\/strong><br \/>\n<strong><span style=\"font-family: arial, helvetica, sans-serif;\"> E&#8217; un cammino impegnativo ma bello quello della vergine di Nazareth, che dalla Galilea sale verso i monti della Giudea, in una citt\u00e0\u00a0 di cui non conosciamo il nome ma sappiamo chi vi abita: la cugina Elisabetta.<\/span><\/strong><br \/>\n<strong><span style=\"font-family: arial, helvetica, sans-serif;\"> Maria percorre in fretta quella strada lunga e in salita, spinta dal desiderio di fare esperienza concreta di Dio. La fede per davvero spinge e rende tenace il cammino di Maria, che anche in questo diventa modello di fede concreta per ogni credente e per la chiesa intera.<\/span><\/strong><br \/>\n<strong><span style=\"font-family: arial, helvetica, sans-serif;\"> E&#8217; difficile percorrere le strade della vita, specialmente quando sono lunghe e in salita, quando mettono alla prova la nostra pazienza, le nostre relazioni, le nostre sicurezze. Non \u00e8 facile stare per strada accanto ad altri che fanno la loro strada e magari incrociano la nostra.<\/span><\/strong><br \/>\n<strong><span style=\"font-family: arial, helvetica, sans-serif;\"> Eppure meglio muoversi e andare, piuttosto che rimanere fermi e chiusi nelle proprie sicurezze che diventano delle gabbie dorate ma pur sempre gabbie.<\/span><\/strong><br \/>\n<strong><span style=\"font-family: arial, helvetica, sans-serif;\"> Maria diventa modello di coraggio nell&#8217;uscire e camminare, sapendo che il nostro stare per le strade della vita ha una motivazione forte e una meta sicura. La motivazione di Maria \u00e8 quella delle parole dell&#8217;Angelo che la ha detto nell&#8217;Annunciazione che &#8220;nulla \u00e8 impossibile a Dio&#8221; e che non deve temere nulla. La meta di Maria \u00e8 la cugina Elisabetta, prova vivente (quindi non teoria) di cosa \u00e8 capace Dio nella vita delle persone. Infatti alla fine del cammino c&#8217;\u00e8 la gioia dell&#8217;incontro e il canto del &#8220;magnificat&#8221;<\/span><\/strong><br \/>\n<strong><span style=\"font-family: arial, helvetica, sans-serif;\"> In questa festa dell&#8217;Assunzione di Maria al cielo, tappa finale del lungo cammino di Maria, anche noi possiamo ricordare cosa ci spinge a metterci nella strada della vita e riavviare il cammino di fede, spesso bloccato ai primi passi se non ancora ai blocchi di partenza.<\/span><\/strong><br \/>\n<strong><span style=\"font-family: arial, helvetica, sans-serif;\"> Mettiamoci per strada anche concretamente per incontrare Dio nelle persone come noi lungo il cammino. E anche per noi la meta punto di riferimento \u00e8 la presenza di Dio, il suo amore che sperimentiamo in chi ci vuole bene e in coloro che possiamo amare e servire.<\/span><\/strong><br \/>\n<strong><span style=\"font-family: arial, helvetica, sans-serif;\"> La giovanissima comunit\u00e0\u00a0 religiosa dei &#8220;Pellegrini dell&#8217;amore misericordioso&#8221;, che si ispira a San Francesco e a Madre Teresa di Calcutta, ha una bellissima preghiera a Maria. Ogni mattina e ogni sera i frati di questa comunit\u00e0\u00a0 recitano questa invocazione mariana quando compiono le missioni di strada, cio\u00e8 quando escono nelle strade delle grandi citt\u00e0\u00a0 per incontrare i poveri e stare con loro.<\/span><\/strong><br \/>\n<strong><span style=\"font-family: arial, helvetica, sans-serif;\"> La loro preghiera pu\u00f2 diventare anche nostra, per il nostro cammino che tocca la terra con i piedi e ha come meta del cuore il cielo.<\/span><\/strong><\/p>\n<blockquote>\n<p style=\"text-align: justify;\"><strong><span style=\"font-family: arial, helvetica, sans-serif;\">&#8220;Maria, Vergine del mattino (della sera)<\/span><\/strong><br \/>\n<strong><span style=\"font-family: arial, helvetica, sans-serif;\"> Nel tuo sguardo apro (chiudo) la mia giornata<\/span><\/strong><br \/>\n<strong><span style=\"font-family: arial, helvetica, sans-serif;\"> densa di imprevisti, piena di Provvidenza.<\/span><\/strong><br \/>\n<strong><span style=\"font-family: arial, helvetica, sans-serif;\"> Donami il coraggio di passi fermi e decisi<\/span><\/strong><br \/>\n<strong><span style=\"font-family: arial, helvetica, sans-serif;\"> sulla strada che \u00e8 Ges\u00f9,<\/span><\/strong><br \/>\n<strong><span style=\"font-family: arial, helvetica, sans-serif;\"> senza soste, senza sospiri, con te accanto.<\/span><\/strong><br \/>\n<strong><span style=\"font-family: arial, helvetica, sans-serif;\"> Riempi i miei occhi di stupore<\/span><\/strong><br \/>\n<strong><span style=\"font-family: arial, helvetica, sans-serif;\"> per tutto ci\u00f2 che mi accadr\u00e0\u00a0 di bene o di male,<\/span><\/strong><br \/>\n<strong><span style=\"font-family: arial, helvetica, sans-serif;\"> di gioia o di sofferenza,<\/span><\/strong><br \/>\n<strong><span style=\"font-family: arial, helvetica, sans-serif;\"> per cogliere in tutto i doni e i passi di Dio,<\/span><\/strong><br \/>\n<strong><span style=\"font-family: arial, helvetica, sans-serif;\"> e che mai il peccato venga a togliermi la pace.<\/span><\/strong><br \/>\n<strong><span style=\"font-family: arial, helvetica, sans-serif;\"> Amen&#8221;<\/span><\/strong><\/p>\n<\/blockquote>\n","protected":false},"excerpt":{"rendered":"<p>Marted\u00ec 15 agosto 2017 Assunzione di Maria In quei giorni Maria si alz\u00f2 e and\u00f2 in fretta verso la regione montuosa, in una citt\u00e0\u00a0 di Giuda. Entrata nella casa di Zaccar\u00eca, salut\u00f2 Elisabetta. Appena Elisabetta ebbe udito il saluto di Maria, il bambino sussult\u00f2 nel suo grembo. Elisabetta fu colmata di Spirito Santo ed esclam\u00f2 a gran voce: \u00abBenedetta tu fra le donne e benedetto il frutto del tuo grembo! A che cosa devo che la madre del mio Signore venga da me? Ecco, appena il tuo saluto \u00e8 giunto ai miei orecchi, il bambino ha sussultato di gioia nel<\/p>\n","protected":false},"author":1,"featured_media":0,"comment_status":"open","ping_status":"open","sticky":false,"template":"","format":"standard","meta":{"footnotes":""},"categories":[],"tags":[],"class_list":["post-2665","post","type-post","status-publish","format-standard","hentry"],"_links":{"self":[{"href":"https:\/\/www.gioba.it\/sito\/wp-json\/wp\/v2\/posts\/2665","targetHints":{"allow":["GET"]}}],"collection":[{"href":"https:\/\/www.gioba.it\/sito\/wp-json\/wp\/v2\/posts"}],"about":[{"href":"https:\/\/www.gioba.it\/sito\/wp-json\/wp\/v2\/types\/post"}],"author":[{"embeddable":true,"href":"https:\/\/www.gioba.it\/sito\/wp-json\/wp\/v2\/users\/1"}],"replies":[{"embeddable":true,"href":"https:\/\/www.gioba.it\/sito\/wp-json\/wp\/v2\/comments?post=2665"}],"version-history":[{"count":2,"href":"https:\/\/www.gioba.it\/sito\/wp-json\/wp\/v2\/posts\/2665\/revisions"}],"predecessor-version":[{"id":2668,"href":"https:\/\/www.gioba.it\/sito\/wp-json\/wp\/v2\/posts\/2665\/revisions\/2668"}],"wp:attachment":[{"href":"https:\/\/www.gioba.it\/sito\/wp-json\/wp\/v2\/media?parent=2665"}],"wp:term":[{"taxonomy":"category","embeddable":true,"href":"https:\/\/www.gioba.it\/sito\/wp-json\/wp\/v2\/categories?post=2665"},{"taxonomy":"post_tag","embeddable":true,"href":"https:\/\/www.gioba.it\/sito\/wp-json\/wp\/v2\/tags?post=2665"}],"curies":[{"name":"wp","href":"https:\/\/api.w.org\/{rel}","templated":true}]}}