{"id":2674,"date":"2017-08-25T17:22:47","date_gmt":"2017-08-25T17:22:47","guid":{"rendered":"http:\/\/www.gioba.it\/?p=2674"},"modified":"2017-08-25T17:22:47","modified_gmt":"2017-08-25T17:22:47","slug":"chiavi-per-aprire","status":"publish","type":"post","link":"https:\/\/www.gioba.it\/sito\/2017\/08\/25\/chiavi-per-aprire\/","title":{"rendered":"Chiavi per aprire"},"content":{"rendered":"<p style=\"text-align: justify;\"><a href=\"http:\/\/www.gioba.it\/sito\/wp-content\/uploads\/2017\/08\/chiavi-e-password-colored.jpg\"><img loading=\"lazy\" decoding=\"async\" class=\"alignleft  wp-image-2675\" src=\"http:\/\/www.gioba.it\/sito\/wp-content\/uploads\/2017\/08\/chiavi-e-password-colored.jpg\" alt=\"chiavi e password (colored)\" width=\"591\" height=\"441\" \/><\/a><\/p>\n<p style=\"text-align: justify;\"><strong><span style=\"font-family: arial, helvetica, sans-serif;\">DOMENICA 27 agosto 2017<\/span><\/strong><\/p>\n<p style=\"text-align: justify;\">\n<blockquote>\n<p style=\"text-align: justify;\"><span style=\"font-family: arial, helvetica, sans-serif;\">In quel tempo, Ges\u00f9, giunto nella regione di Cesar\u00e8a di Filippo, domand\u00f2 ai suoi discepoli: \u00abLa gente, chi dice che sia il Figlio dell&#8217;uomo?\u00bb. Risposero: \u00abAlcuni dicono Giovanni il Battista, altri El\u00eca, altri Gerem\u00eca o qualcuno dei profeti\u00bb. \u00a0<\/span><br \/>\n<span style=\"font-family: arial, helvetica, sans-serif;\"> Disse loro: \u00abMa voi, chi dite che io sia?\u00bb. Rispose Simon Pietro: \u00abTu sei il Cristo, il Figlio del Dio vivente\u00bb. \u00a0<\/span><br \/>\n<span style=\"font-family: arial, helvetica, sans-serif;\"> E Ges\u00f9 gli disse: \u00abBeato sei tu, Simone, figlio di Giona, perch\u00e8 n\u00e8 carne n\u00e8 sangue te lo hanno rivelato, ma il Padre mio che \u00e8 nei cieli. E io a te dico: tu sei Pietro e su questa pietra edificher\u00f2 la mia Chiesa e le potenze degli inferi non prevarranno su di essa. A te dar\u00f2 le chiavi del regno dei cieli: tutto ci\u00f2 che legherai sulla terra sar\u00e0\u00a0 legato nei cieli, e tutto ci\u00f2 che scioglierai sulla terra sar\u00e0\u00a0 sciolto nei cieli\u00bb. \u00a0<\/span><br \/>\n<span style=\"font-family: arial, helvetica, sans-serif;\"> Allora ordin\u00f2 ai discepoli di non dire ad alcuno che egli era il Cristo.<\/span><\/p>\n<p style=\"text-align: justify;\"><span style=\"font-family: arial, helvetica, sans-serif;\">(dal Vangelo di Matteo 16,13-20)<\/span><\/p>\n<\/blockquote>\n<p style=\"text-align: justify;\">\n<p style=\"text-align: justify;\"><strong><span style=\"font-family: arial, helvetica, sans-serif;\">Le chiavi servono per aprire o per chiudere?<\/span><\/strong><\/p>\n<p style=\"text-align: justify;\"><strong><span style=\"font-family: arial, helvetica, sans-serif;\">Domanda banale?<\/span><\/strong><\/p>\n<p style=\"text-align: justify;\"><strong><span style=\"font-family: arial, helvetica, sans-serif;\">A me quando qualcuno in parrocchia chiede le chiavi non \u00e8 per chiudere qualche locale o salone ma per poter al contrario aprire le porte ed entrarci.<\/span><\/strong><\/p>\n<p style=\"text-align: justify;\"><strong><span style=\"font-family: arial, helvetica, sans-serif;\">&#8220;Don, mi puoi dare le chiavi per il salone?&#8230; Don, dove sono le chiavi per portare i pacchi in magazzino? &#8230; Don, mi lasci le chiavi del centro Caritas che vengono a portare i vestiti?&#8230; Don chi ha le chiavi del campetto per far giocare i ragazzi? &#8230;.&#8221; E cos\u00ec via.<\/span><\/strong><\/p>\n<p style=\"text-align: justify;\"><strong><span style=\"font-family: arial, helvetica, sans-serif;\">In canonica ho un bellissimo quadro di legno con tanti ganci con attaccate altrettante le chiavi o mazzi di chiavi, con etichette pi\u00f9 o meno chiare di cosa quelle chiavi aprono: porte, cancelli, lucchetti e bacheche.<\/span><\/strong><\/p>\n<p style=\"text-align: justify;\"><strong><span style=\"font-family: arial, helvetica, sans-serif;\">Il passaggio delle chiavi tra parroci, quando c&#8217;\u00e8 il cambio di parrocchia, \u00e8 uno dei pi\u00f9 delicati, e ad ogni passaggio qualche chiave viene persa, o ci si dimentica dove sia perch\u00e8 manca l&#8217;etichetta o rimane in tasca di qualcuno a cui si era prestata momentaneamente. E che &#8220;rabbia&#8221; quando non si trovano le chiavi per aprire una porta, e che giri complicati bisogna fare per rifare serratura e copie di chiavi!<\/span><\/strong><\/p>\n<p style=\"text-align: justify;\"><strong><span style=\"font-family: arial, helvetica, sans-serif;\">Ho pensato a tutto questo rileggendo questa &#8220;consegna di chiavi&#8221; che Ges\u00f9 fa con il gruppo dei suoi primi discepoli capitanati da Pietro.<\/span><\/strong><\/p>\n<p style=\"text-align: justify;\"><strong><span style=\"font-family: arial, helvetica, sans-serif;\">Ges\u00f9 con parole simboliche consegna le &#8220;chiavi del regno dei cieli&#8221; a Pietro immediatamente dopo che quest&#8217;ultimo ha manifestato la sua fede e ha compreso chi \u00e8 veramente Ges\u00f9, cio\u00e8 il Figlio di Dio e non un semplice profeta o Giovanni Battista morto tornato in vita. Ges\u00f9 si fida di Pietro, proprio quell&#8217;apostolo che pi\u00f9 volte nel vangelo manifesta la sua generosit\u00e0\u00a0 mista a durezza di comprendonio (il soprannome &#8220;Pietro&#8221; sembra indicare proprio indicare la sua durezza). Ges\u00f9 affida a Pietro e ai suoi compagni una enorme responsabilit\u00e0\u00a0, che \u00e8 quella di rendere accessibile il Regno dei cieli sulla terra. Pietro e gli altri, e di seguito tutti coloro che seguiranno la testimonianza degli Apostoli (quindi anche noi oggi) hanno il compito di custodire e aprire le porte di Dio sulla terra facendo in modo che nessuno rimanga fuori e nessuna porta rimanga sbarrata.<\/span><\/strong><\/p>\n<p style=\"text-align: justify;\"><strong><span style=\"font-family: arial, helvetica, sans-serif;\">Dio \u00e8 &#8220;accessibile&#8221; proprio attraverso l&#8217;umanit\u00e0\u00a0 di coloro ai quali Ges\u00f9 ha affidato il suo messaggio. Le &#8220;chiavi&#8221; non sono un potere ma sono una responsabilit\u00e0\u00a0, un compito preciso che non va preso alla leggera!<\/span><\/strong><\/p>\n<p style=\"text-align: justify;\"><strong><span style=\"font-family: arial, helvetica, sans-serif;\">Nel corso dei secoli tante volte molti uomini e donne sono rimasti chiusi fuori dalla comunit\u00e0\u00a0 perch\u00e8 chi stava dentro non apriva le porte ed era pi\u00f9 preoccupato di chiudere: giudizi, pregiudizi, condanne, anatemi, invidie&#8230; hanno spesso reso &#8220;il regno dei cieli&#8221; come un qualcosa per pochi eletti.<\/span><\/strong><\/p>\n<p style=\"text-align: justify;\"><strong><span style=\"font-family: arial, helvetica, sans-serif;\">Avere le chiavi quindi significa far in modo che le porte non siano mai sbarrate, custodite ma non inaccessibili.<\/span><\/strong><\/p>\n<p style=\"text-align: justify;\"><strong><span style=\"font-family: arial, helvetica, sans-serif;\">Ascolto, amore e perdono, sono il modo in cui le porte della comunit\u00e0\u00a0 cristiana non rimangono mai chiuse, sia per chi sta dentro che per quelli che sono fuori.<\/span><\/strong><\/p>\n<p style=\"text-align: justify;\"><strong><span style=\"font-family: arial, helvetica, sans-serif;\">Avere tutte le chiavi della parrocchia appese sul pannello di legno in canonica non \u00e8 semplice, e talvolta \u00e8 faticoso tenerle in ordine perch\u00e8 tutto funzioni al meglio. Ma quando le guardo mi ricordo che non sono chiavi che devono solo chiudere e sbarrare la strada, e non segnano territori e spazi separati per questo o quel gruppo, per questa o quella persona. Le chiavi custodiscono spazi per tutti e in modo che tutti si sentano accolti e responsabili. E se per capire quali porte aprono queste o quelle chiavi c&#8217;\u00e8 una indispensabile etichetta per ogni chiave, per capire cosa aprono le chiavi del Regno dei cieli affidate alla Chiesa basta leggere il Vangelo. Li troviamo ogni indicazione e ogni apertura.<\/span><\/strong><\/p>\n<p style=\"text-align: justify;\"><span style=\"font-family: arial, helvetica, sans-serif;\">Giovanni don<\/span><\/p>\n","protected":false},"excerpt":{"rendered":"<p>DOMENICA 27 agosto 2017 In quel tempo, Ges\u00f9, giunto nella regione di Cesar\u00e8a di Filippo, domand\u00f2 ai suoi discepoli: \u00abLa gente, chi dice che sia il Figlio dell&#8217;uomo?\u00bb. Risposero: \u00abAlcuni dicono Giovanni il Battista, altri El\u00eca, altri Gerem\u00eca o qualcuno dei profeti\u00bb. \u00a0 Disse loro: \u00abMa voi, chi dite che io sia?\u00bb. Rispose Simon Pietro: \u00abTu sei il Cristo, il Figlio del Dio vivente\u00bb. \u00a0 E Ges\u00f9 gli disse: \u00abBeato sei tu, Simone, figlio di Giona, perch\u00e8 n\u00e8 carne n\u00e8 sangue te lo hanno rivelato, ma il Padre mio che \u00e8 nei cieli. E io a te dico: tu sei<\/p>\n","protected":false},"author":1,"featured_media":0,"comment_status":"open","ping_status":"open","sticky":false,"template":"","format":"standard","meta":{"footnotes":""},"categories":[],"tags":[],"class_list":["post-2674","post","type-post","status-publish","format-standard","hentry"],"_links":{"self":[{"href":"https:\/\/www.gioba.it\/sito\/wp-json\/wp\/v2\/posts\/2674","targetHints":{"allow":["GET"]}}],"collection":[{"href":"https:\/\/www.gioba.it\/sito\/wp-json\/wp\/v2\/posts"}],"about":[{"href":"https:\/\/www.gioba.it\/sito\/wp-json\/wp\/v2\/types\/post"}],"author":[{"embeddable":true,"href":"https:\/\/www.gioba.it\/sito\/wp-json\/wp\/v2\/users\/1"}],"replies":[{"embeddable":true,"href":"https:\/\/www.gioba.it\/sito\/wp-json\/wp\/v2\/comments?post=2674"}],"version-history":[{"count":1,"href":"https:\/\/www.gioba.it\/sito\/wp-json\/wp\/v2\/posts\/2674\/revisions"}],"predecessor-version":[{"id":2676,"href":"https:\/\/www.gioba.it\/sito\/wp-json\/wp\/v2\/posts\/2674\/revisions\/2676"}],"wp:attachment":[{"href":"https:\/\/www.gioba.it\/sito\/wp-json\/wp\/v2\/media?parent=2674"}],"wp:term":[{"taxonomy":"category","embeddable":true,"href":"https:\/\/www.gioba.it\/sito\/wp-json\/wp\/v2\/categories?post=2674"},{"taxonomy":"post_tag","embeddable":true,"href":"https:\/\/www.gioba.it\/sito\/wp-json\/wp\/v2\/tags?post=2674"}],"curies":[{"name":"wp","href":"https:\/\/api.w.org\/{rel}","templated":true}]}}