{"id":2681,"date":"2017-09-09T08:33:48","date_gmt":"2017-09-09T08:33:48","guid":{"rendered":"http:\/\/www.gioba.it\/?p=2681"},"modified":"2017-09-09T08:33:48","modified_gmt":"2017-09-09T08:33:48","slug":"il-noi-dentro-lio","status":"publish","type":"post","link":"https:\/\/www.gioba.it\/sito\/2017\/09\/09\/il-noi-dentro-lio\/","title":{"rendered":"il noi dentro l&#8217;io"},"content":{"rendered":"<p style=\"text-align: justify;\"><a href=\"http:\/\/www.gioba.it\/sito\/wp-content\/uploads\/2017\/09\/perdono-di-Dio-colored.jpg\"><img loading=\"lazy\" decoding=\"async\" class=\"alignleft  wp-image-2682\" src=\"http:\/\/www.gioba.it\/sito\/wp-content\/uploads\/2017\/09\/perdono-di-Dio-colored.jpg\" alt=\"perdono di Dio (colored)\" width=\"590\" height=\"474\" \/><\/a><\/p>\n<p style=\"text-align: justify;\"><strong><span style=\"font-family: arial, helvetica, sans-serif;\">DOMENICA 10 settembre 2017<\/span><\/strong><\/p>\n<blockquote>\n<p style=\"text-align: justify;\"><span style=\"font-family: arial, helvetica, sans-serif;\">In quel tempo, Ges\u00f9 disse ai suoi discepoli: \u00a0<\/span><br \/>\n<span style=\"font-family: arial, helvetica, sans-serif;\"> \u00abSe il tuo fratello commetter\u00e0\u00a0 una colpa contro di te, va&#8217; e ammoniscilo fra te e lui solo; se ti ascolter\u00e0\u00a0, avrai guadagnato il tuo fratello; se non ascolter\u00e0\u00a0, prendi ancora con te una o due persone, perch\u00e8 ogni cosa sia risolta sulla parola di due o tre testimoni. Se poi non ascolter\u00e0\u00a0 costoro, dillo alla comunit\u00e0\u00a0; e se non ascolter\u00e0\u00a0 neanche la comunit\u00e0\u00a0, sia per te come il pagano e il pubblicano. \u00a0<\/span><br \/>\n<span style=\"font-family: arial, helvetica, sans-serif;\"> In verit\u00e0\u00a0 io vi dico: tutto quello che legherete sulla terra sar\u00e0\u00a0 legato in cielo, e tutto quello che scioglierete sulla terra sar\u00e0\u00a0 sciolto in cielo.<\/span><br \/>\n<span style=\"font-family: arial, helvetica, sans-serif;\"> In verit\u00e0\u00a0 io vi dico ancora: se due di voi sulla terra si metteranno d&#8217;accordo per chiedere qualunque cosa, il Padre mio che \u00e8 nei cieli gliela conceder\u00e0\u00a0. Perch\u00e8 dove sono due o tre riuniti nel mio nome, l\u00ec sono io in mezzo a loro\u00bb.<\/span><\/p>\n<p style=\"text-align: justify;\"><span style=\"font-family: arial, helvetica, sans-serif;\">(dal Vangelo di Matteo 18,15-20)<\/span><\/p>\n<\/blockquote>\n<p style=\"text-align: justify;\">\n<p style=\"text-align: justify;\"><strong><span style=\"font-family: arial, helvetica, sans-serif;\">Qualche anno fa l&#8217;associazione che nella nostra Diocesi di Verona riunisce tutti gli oratori e bar legati alle parrocchie ha cambiato nome. E&#8217; passata dall&#8217;ANSPI (Associazione Nazionale San Paolo Italia) al NOI (Nuovi Oratori Italiani). La cosa buffa \u00e8 che nonostante siano ormai tanti anni che il nome \u00e8 cambiato, pu\u00f2 succede ancora che si dica &#8220;ci vediamo al bar dell&#8217;anspi&#8230;. Devo rifare la tessera anspi&#8230; ecc&#8221; anche se non \u00e8 pi\u00f9 quello il nome. Il Noi, anche se \u00e8 ormai su tutte le tabelle, insegne e sulla tessera dell&#8217;associazione, specialmente nei pi\u00f9 anziani fa fatica a passare come sigla. Succede sempre cos\u00ec in tutte le realt\u00e0\u00a0, e i cambiamenti sono sempre fonte di fatiche, incomprensioni e resistenze.<\/span><\/strong><\/p>\n<p style=\"text-align: justify;\"><strong><span style=\"font-family: arial, helvetica, sans-serif;\">Ges\u00f9 Maestro sta insegnando ai suoi discepoli a ripensare la loro piccola comunit\u00e0\u00a0 in un&#8217;ottica nuova. In sintesi li sta aiutando ad imparare secondo la logica del &#8220;noi&#8221; e non del &#8220;io&#8221;, facendo loro capire che proprio a partire dal &#8220;noi&#8221; l&#8217;uomo ritrova s\u00e8 stesso ed \u00e8 felice.<\/span><\/strong><\/p>\n<p style=\"text-align: justify;\"><strong><span style=\"font-family: arial, helvetica, sans-serif;\">Una delle fatiche pi\u00f9 grandi \u00e8 proprio quella del perdono. Il perdono per Ges\u00f9 non \u00e8 semplicemente dimenticare e non vendicarsi, ma \u00e8 molto di pi\u00f9. E&#8217; il tentativo di ritrovare il &#8220;noi&#8221; quando un torto sub\u00ecto o fatto fa rotto la comunione.<\/span><\/strong><\/p>\n<p style=\"text-align: justify;\"><strong><span style=\"font-family: arial, helvetica, sans-serif;\">L&#8217;insegnamento di questa pagina del Vangelo \u00e8 straordinario: &#8220;Se il tuo fratello commetter\u00e0\u00a0 una colpa contro di te, va&#8217;&#8230;&#8221;. Ecco la cosa straordinaria! Andare! Non rimanere fermi nel rancore e nelle proprie ragioni. Un litigio, una ingiustizia, una incomprensione hanno rotto il &#8220;noi&#8221;, allora bisogna non rimanere fermi e bisogna far in modo di &#8220;guadagnare il fratello&#8221;. L&#8217;una o l&#8217;altra parte si devono muovere, e Ges\u00f9, sempre coraggioso e provocatorio, dice che \u00e8 proprio la parte &#8220;offesa&#8221; a doversi muovere per prima. E il fine non \u00e8 una semplice giustizia umana, ma quella divina, cio\u00e8 ritrovare quella sintonia perduta.<\/span><\/strong><\/p>\n<p style=\"text-align: justify;\"><strong><span style=\"font-family: arial, helvetica, sans-serif;\">Ges\u00f9 nell&#8217;uso delle parole (e qui bisogna andare all&#8217;originale greco per cogliere questa sfumatura) Ges\u00f9 usa la parola &#8220;sinfonia&#8221; quando dice &#8220;se due di voi sulla terra si metteranno d&#8217;accordo&#8221;. L&#8217;idea di una comunit\u00e0\u00a0 come di una sinfonia di strumenti diversi \u00e8 davvero unica. Se uno strumento suona male o fuori tempo, non si deve cacciare ma semmai correggere, perch\u00e8 per quanto piccola possa essere la sua parte nella musica, quello strumento \u00e8 fondamentale. Dio \u00e8 in questa sinfonia della comunit\u00e0\u00a0, e si mostra proprio nell&#8217;armonia continuamente cercata e custodita.<\/span><\/strong><\/p>\n<p style=\"text-align: justify;\"><strong><span style=\"font-family: arial, helvetica, sans-serif;\">Non \u00e8 facile, lo ripeto, e la tentazione di fare da solisti e agire in competizione \u00e8 sempre forte nel cuore dell&#8217;uomo e tra fratelli.<\/span><\/strong><\/p>\n<p style=\"text-align: justify;\"><strong><span style=\"font-family: arial, helvetica, sans-serif;\">Non \u00e8 facile ritrovare il &#8220;noi&#8221; specialmente quando le rotture sono profonde e talvolta irrisolvibili. Ges\u00f9 consiglia di farsi aiutare da due o tre, che come testimoni sono un aiuto non a dividere ulteriormente ma a ricucire i rapporti. Non sempre \u00e8 cos\u00ec nella comunit\u00e0\u00a0 cristiana, dove pu\u00f2 capitare che ci si aiuti reciprocamente pi\u00f9 a dividersi che ad unirsi. Ma Ges\u00f9 insiste e sente che una divisione tra due persone \u00e8 un affare di tutta la comunit\u00e0\u00a0, \u00e8 una ferita che tocca tutti. Il &#8220;noi&#8221; della vita cristiana \u00e8 prezioso e tocca il &#8220;io&#8221; di ogni singolo.<\/span><\/strong><\/p>\n<p style=\"text-align: justify;\"><strong><span style=\"font-family: arial, helvetica, sans-serif;\">E se una frattura tra due persone della comunit\u00e0\u00a0 diventa insanabile? Ges\u00f9 \u00e8 preciso nel dire che &#8220;sia per te come il pagano e il pubblicano&#8221;, e non per tutta la comunit\u00e0\u00a0. Non ci sono scomuniche e allontanamenti definitivi. Quelli spettano a Dio e al suo giudizio finale. A noi rimane l&#8217;insegnamento di Ges\u00f9 di &#8220;amate i propri nemici&#8221; come ultima spiaggia di fronte a ogni rottura. Ges\u00f9 amava tutti, la sua famiglia e i suoi amici che lo ricambiavano, ma amava anche i pi\u00f9 lontani e li amava per primo anche senza ricevere il contraccambio. Ecco cosa significa &#8220;sia per te come il pagano e il pubblicano&#8221;: se non vi amate come fratelli, almeno ama l&#8217;altro come farebbe Ges\u00f9, sempre e comunque.<\/span><\/strong><\/p>\n<p style=\"text-align: justify;\"><strong><span style=\"font-family: arial, helvetica, sans-serif;\">Se imparo sempre pi\u00f9 a pensare con il &#8220;noi&#8221; nella testa e nel cuore ritrover\u00f2 sempre pi\u00f9 la bellezza di Dio nel mio io.<\/span><\/strong><\/p>\n<p style=\"text-align: justify;\"><span style=\"font-family: arial, helvetica, sans-serif;\">Giovanni don<\/span><\/p>\n","protected":false},"excerpt":{"rendered":"<p>DOMENICA 10 settembre 2017 In quel tempo, Ges\u00f9 disse ai suoi discepoli: \u00a0 \u00abSe il tuo fratello commetter\u00e0\u00a0 una colpa contro di te, va&#8217; e ammoniscilo fra te e lui solo; se ti ascolter\u00e0\u00a0, avrai guadagnato il tuo fratello; se non ascolter\u00e0\u00a0, prendi ancora con te una o due persone, perch\u00e8 ogni cosa sia risolta sulla parola di due o tre testimoni. Se poi non ascolter\u00e0\u00a0 costoro, dillo alla comunit\u00e0\u00a0; e se non ascolter\u00e0\u00a0 neanche la comunit\u00e0\u00a0, sia per te come il pagano e il pubblicano. \u00a0 In verit\u00e0\u00a0 io vi dico: tutto quello che legherete sulla terra sar\u00e0\u00a0 legato<\/p>\n","protected":false},"author":1,"featured_media":0,"comment_status":"open","ping_status":"open","sticky":false,"template":"","format":"standard","meta":{"footnotes":""},"categories":[],"tags":[],"class_list":["post-2681","post","type-post","status-publish","format-standard","hentry"],"_links":{"self":[{"href":"https:\/\/www.gioba.it\/sito\/wp-json\/wp\/v2\/posts\/2681","targetHints":{"allow":["GET"]}}],"collection":[{"href":"https:\/\/www.gioba.it\/sito\/wp-json\/wp\/v2\/posts"}],"about":[{"href":"https:\/\/www.gioba.it\/sito\/wp-json\/wp\/v2\/types\/post"}],"author":[{"embeddable":true,"href":"https:\/\/www.gioba.it\/sito\/wp-json\/wp\/v2\/users\/1"}],"replies":[{"embeddable":true,"href":"https:\/\/www.gioba.it\/sito\/wp-json\/wp\/v2\/comments?post=2681"}],"version-history":[{"count":1,"href":"https:\/\/www.gioba.it\/sito\/wp-json\/wp\/v2\/posts\/2681\/revisions"}],"predecessor-version":[{"id":2683,"href":"https:\/\/www.gioba.it\/sito\/wp-json\/wp\/v2\/posts\/2681\/revisions\/2683"}],"wp:attachment":[{"href":"https:\/\/www.gioba.it\/sito\/wp-json\/wp\/v2\/media?parent=2681"}],"wp:term":[{"taxonomy":"category","embeddable":true,"href":"https:\/\/www.gioba.it\/sito\/wp-json\/wp\/v2\/categories?post=2681"},{"taxonomy":"post_tag","embeddable":true,"href":"https:\/\/www.gioba.it\/sito\/wp-json\/wp\/v2\/tags?post=2681"}],"curies":[{"name":"wp","href":"https:\/\/api.w.org\/{rel}","templated":true}]}}