{"id":2727,"date":"2017-12-02T11:14:48","date_gmt":"2017-12-02T11:14:48","guid":{"rendered":"http:\/\/www.gioba.it\/?p=2727"},"modified":"2017-12-02T13:35:13","modified_gmt":"2017-12-02T13:35:13","slug":"un-avvento-di-cioccolato","status":"publish","type":"post","link":"https:\/\/www.gioba.it\/sito\/2017\/12\/02\/un-avvento-di-cioccolato\/","title":{"rendered":"un avvento di cioccolato?"},"content":{"rendered":"<p style=\"text-align: justify;\"><a href=\"http:\/\/www.gioba.it\/sito\/wp-content\/uploads\/2017\/12\/vegliare-2017-coloredbis.jpg\"><img loading=\"lazy\" decoding=\"async\" class=\"alignleft wp-image-2728\" src=\"http:\/\/www.gioba.it\/sito\/wp-content\/uploads\/2017\/12\/vegliare-2017-coloredbis.jpg\" alt=\"vegliare 2017 (colored)bis\" width=\"592\" height=\"419\" \/><\/a><\/p>\n<p style=\"text-align: justify;\"><strong><span style=\"font-family: arial, helvetica, sans-serif;\">DOMENICA 3 dicembre 2017<\/span><\/strong><\/p>\n<p style=\"text-align: justify;\"><strong><span style=\"font-family: arial, helvetica, sans-serif;\">Prima di Avvento<\/span><\/strong><\/p>\n<blockquote>\n<p style=\"text-align: justify;\"><span style=\"font-family: arial, helvetica, sans-serif;\">In quel tempo, Ges\u00f9 disse ai suoi discepoli: \u00a0<\/span><br \/>\n<span style=\"font-family: arial, helvetica, sans-serif;\"> \u00abFate attenzione, vegliate, perch\u00e8 non sapete quando \u00e8 il momento. E&#8217; come un uomo, che \u00e8 partito dopo aver lasciato la propria casa e dato il potere ai suoi servi, a ciascuno il suo compito, e ha ordinato al portiere di vegliare. \u00a0<\/span><br \/>\n<span style=\"font-family: arial, helvetica, sans-serif;\"> Vegliate dunque: voi non sapete quando il padrone di casa ritorner\u00e0\u00a0, se alla sera o a mezzanotte o al canto del gallo o al mattino; fate in modo che, giungendo all&#8217;improvviso, non vi trovi addormentati. \u00a0<\/span><br \/>\n<span style=\"font-family: arial, helvetica, sans-serif;\"> Quello che dico a voi, lo dico a tutti: vegliate!\u00bb.<\/span><\/p>\n<p style=\"text-align: justify;\"><span style=\"font-family: arial, helvetica, sans-serif;\">(dal Vangelo di Marco 13,33-37)<\/span><\/p>\n<\/blockquote>\n<p style=\"text-align: justify;\"><strong><span style=\"font-family: arial, helvetica, sans-serif;\">La pubblicit\u00e0\u00a0 del dolciume di cioccolato di Avvento \u00e8 tornata! Tanti cioccolatini che scandiscono il tempo fino a&#8230;. Babbo Natale! Ma non era Ges\u00f9 il motivo del Natale?<\/span><\/strong><\/p>\n<p style=\"text-align: justify;\"><strong><span style=\"font-family: arial, helvetica, sans-serif;\">Anche quest&#8217;anno ho visto in Tv la r\u00e8clame del &#8220;calendario di Avvento&#8221; fatto di cioccolatini, che riprende la tradizione di scandire i giorni che portano al Natale in modi diversi, a volte legati alla storia di Ges\u00f9 e a volte con semplici regalini e dolciumi. Il Calendario di Avvento nasce in Germania all&#8217;inizio del XX secolo ad opera di un editore protestante, e si \u00e8 poi diffuso anche in ambienti cattolici e da noi. Pare che anche Hitler durante il nazismo lo abbia usato, ma non per scandire il tempo con le parole e le immagini della fede in Ges\u00f9 ma con le parole e le immagini della sottomissione al Reich nazista.<\/span><\/strong><\/p>\n<p style=\"text-align: justify;\"><strong><span style=\"font-family: arial, helvetica, sans-serif;\">Come sempre le tradizioni religiose si mescolano con tutto quello che di religioso non ha nulla, e questo non ci deve spaventare perch\u00e8 \u00e8 sempre successo. Ma bisogna rimanere ben svegli affinch\u00e8 il contenuto religioso della tradizione, che \u00e8 la sua origine, non sia totalmente dimenticato e pian piano spazzato via, a favore di altri contenuti che rischiano di diventare anch&#8217;essi &#8220;religiosi&#8221;, ma tutto sommato falsi.<\/span><\/strong><\/p>\n<p style=\"text-align: justify;\"><strong><span style=\"font-family: arial, helvetica, sans-serif;\">Mi piace questo richiamo di Ges\u00f9 a stare svegli e a non essere &#8220;addormentati&#8221; nei momenti decisivi della vita e anche della fede. E&#8217; un richiamo che accolgo volentieri anche se non amo molto chi mi dice &#8220;stai sveglio!&#8221;, quando faccio la figura di esser distratto. Per\u00f2 \u00e8 vero che se sono ben sveglio e attento su tante cose che devo fare e negli impegni della vita, non \u00e8 detto che lo sia anche dal punto di vista spirituale e per le questioni della fede.<\/span><\/strong><\/p>\n<p style=\"text-align: justify;\"><strong><span style=\"font-family: arial, helvetica, sans-serif;\">&#8220;Non sapete quando il padrone di casa torner\u00e0\u00a0&#8220;, dice Ges\u00f9 usando l&#8217;immagine del signore che se ne va e lascia tutto quello che \u00e8 suo ai suoi servi di cui evidentemente si fida. Il problema \u00e8 che questi servi rischiano di dimenticare il compito ricevuto e si addormentano.<\/span><\/strong><\/p>\n<p style=\"text-align: justify;\"><strong><span style=\"font-family: arial, helvetica, sans-serif;\">La fede mi \u00e8 stata consegnata nel giorno del mio battesimo, cos\u00ec come tutto quello che \u00e8 venuto dopo. Sento forte il rischio di dare tutto per scontato e di non prendermi cura di quello che sono come cristiano.<\/span><\/strong><\/p>\n<p style=\"text-align: justify;\"><strong><span style=\"font-family: arial, helvetica, sans-serif;\">&#8220;Sta sveglio!!&#8221; mi dice spiritualmente Ges\u00f9 attraverso le parole del Vangelo. Ges\u00f9 conosce bene che il mio cuore e la mia mente possono pian piano dimenticare la forza trasformante della fede ricevuta, e cos\u00ec la metto da parte, preoccupandomi di altre cose.<\/span><\/strong><\/p>\n<p style=\"text-align: justify;\"><strong><span style=\"font-family: arial, helvetica, sans-serif;\">L&#8217;Avvento \u00e8 quindi un tempo prezioso per risvegliare i miei sensi spirituali, e riportare al centro della mia vita spirituale (cio\u00e8 quello che penso nel profondo, quello che sento come cuore di ogni mia decisione, quello che metto come punto di riferimento principale del mio modo di affrontare il mondo) il Vangelo di Ges\u00f9.<\/span><\/strong><\/p>\n<p style=\"text-align: justify;\"><strong><span style=\"font-family: arial, helvetica, sans-serif;\">Al termine dell&#8217;Avvento non c&#8217;\u00e8 dunque Babbo Natale, simpatica figura che richiama la festa dei regali (da comprare ovviamente!), ma c&#8217;\u00e8 Dio-fatto-uomo, Ges\u00f9.<\/span><\/strong><\/p>\n<p style=\"text-align: justify;\"><strong><span style=\"font-family: arial, helvetica, sans-serif;\">&#8220;Sveglia!!!&#8221; mi dice il Vangelo, per non farmi &#8220;rubare&#8221; il Natale e deviarlo da Ges\u00f9 verso qualcos&#8217;altro che non ha la sua forza e la sua bellezza. Spero davvero, alla fine del periodo di Avvento, di non trovarmi dentro un Centro Commerciale a comprare qualcosa e arrivare a credere che in questo ho la mia felicit\u00e0\u00a0. Vorrei, al termine dell&#8217;Avvento, trovarmi davanti alla mangiatoia di Ges\u00f9, che non mi vende nulla ma dona tutto se stesso, e in questo trovare davvero la mia felicit\u00e0\u00a0. Quella vera e non di cioccolato!<\/span><\/strong><\/p>\n<p style=\"text-align: justify;\"><span style=\"font-family: arial, helvetica, sans-serif;\">Giovanni don<\/span><\/p>\n","protected":false},"excerpt":{"rendered":"<p>DOMENICA 3 dicembre 2017 Prima di Avvento In quel tempo, Ges\u00f9 disse ai suoi discepoli: \u00a0 \u00abFate attenzione, vegliate, perch\u00e8 non sapete quando \u00e8 il momento. E&#8217; come un uomo, che \u00e8 partito dopo aver lasciato la propria casa e dato il potere ai suoi servi, a ciascuno il suo compito, e ha ordinato al portiere di vegliare. \u00a0 Vegliate dunque: voi non sapete quando il padrone di casa ritorner\u00e0\u00a0, se alla sera o a mezzanotte o al canto del gallo o al mattino; fate in modo che, giungendo all&#8217;improvviso, non vi trovi addormentati. \u00a0 Quello che dico a voi,<\/p>\n","protected":false},"author":1,"featured_media":0,"comment_status":"open","ping_status":"open","sticky":false,"template":"","format":"standard","meta":{"footnotes":""},"categories":[],"tags":[],"class_list":["post-2727","post","type-post","status-publish","format-standard","hentry"],"_links":{"self":[{"href":"https:\/\/www.gioba.it\/sito\/wp-json\/wp\/v2\/posts\/2727","targetHints":{"allow":["GET"]}}],"collection":[{"href":"https:\/\/www.gioba.it\/sito\/wp-json\/wp\/v2\/posts"}],"about":[{"href":"https:\/\/www.gioba.it\/sito\/wp-json\/wp\/v2\/types\/post"}],"author":[{"embeddable":true,"href":"https:\/\/www.gioba.it\/sito\/wp-json\/wp\/v2\/users\/1"}],"replies":[{"embeddable":true,"href":"https:\/\/www.gioba.it\/sito\/wp-json\/wp\/v2\/comments?post=2727"}],"version-history":[{"count":2,"href":"https:\/\/www.gioba.it\/sito\/wp-json\/wp\/v2\/posts\/2727\/revisions"}],"predecessor-version":[{"id":2730,"href":"https:\/\/www.gioba.it\/sito\/wp-json\/wp\/v2\/posts\/2727\/revisions\/2730"}],"wp:attachment":[{"href":"https:\/\/www.gioba.it\/sito\/wp-json\/wp\/v2\/media?parent=2727"}],"wp:term":[{"taxonomy":"category","embeddable":true,"href":"https:\/\/www.gioba.it\/sito\/wp-json\/wp\/v2\/categories?post=2727"},{"taxonomy":"post_tag","embeddable":true,"href":"https:\/\/www.gioba.it\/sito\/wp-json\/wp\/v2\/tags?post=2727"}],"curies":[{"name":"wp","href":"https:\/\/api.w.org\/{rel}","templated":true}]}}