{"id":2732,"date":"2017-12-09T14:40:54","date_gmt":"2017-12-09T14:40:54","guid":{"rendered":"http:\/\/www.gioba.it\/?p=2732"},"modified":"2017-12-09T14:40:54","modified_gmt":"2017-12-09T14:40:54","slug":"un-vangelo-umano","status":"publish","type":"post","link":"https:\/\/www.gioba.it\/sito\/2017\/12\/09\/un-vangelo-umano\/","title":{"rendered":"un vangelo umano"},"content":{"rendered":"<p style=\"text-align: justify;\"><a href=\"http:\/\/www.gioba.it\/sito\/wp-content\/uploads\/2017\/12\/un-uomo-da-Dio-colored.jpg\"><img loading=\"lazy\" decoding=\"async\" class=\"alignleft  wp-image-2733\" src=\"http:\/\/www.gioba.it\/sito\/wp-content\/uploads\/2017\/12\/un-uomo-da-Dio-colored.jpg\" alt=\"un uomo da Dio (colored)\" width=\"592\" height=\"412\" \/><\/a><\/p>\n<p style=\"text-align: justify;\"><strong><span style=\"font-family: arial, helvetica, sans-serif;\">DOMENICA 10 dicembre 2017<\/span><\/strong><\/p>\n<p style=\"text-align: justify;\"><strong><span style=\"font-family: arial, helvetica, sans-serif;\">Seconda di Avvento<\/span><\/strong><\/p>\n<p style=\"text-align: justify;\">\n<p style=\"text-align: justify;\">\n<blockquote>\n<p style=\"text-align: justify;\"><span style=\"font-family: arial, helvetica, sans-serif;\">Inizio del vangelo di Ges\u00f9, Cristo, Figlio di Dio. \u00a0<\/span><br \/>\n<span style=\"font-family: arial, helvetica, sans-serif;\"> Come sta scritto nel profeta Isa\u00eca:<\/span><br \/>\n<span style=\"font-family: arial, helvetica, sans-serif;\"> \u00abEcco, dinanzi a te io mando il mio messaggero:<\/span><br \/>\n<span style=\"font-family: arial, helvetica, sans-serif;\"> egli preparer\u00e0\u00a0 la tua via.<\/span><br \/>\n<span style=\"font-family: arial, helvetica, sans-serif;\"> Voce di uno che grida nel deserto:<\/span><br \/>\n<span style=\"font-family: arial, helvetica, sans-serif;\"> Preparate la via del Signore,<\/span><br \/>\n<span style=\"font-family: arial, helvetica, sans-serif;\"> raddrizzate i suoi sentieri\u00bb,<\/span><br \/>\n<span style=\"font-family: arial, helvetica, sans-serif;\"> vi fu Giovanni, che battezzava nel deserto e proclamava un battesimo di conversione per il perdono dei peccati. \u00a0<\/span><br \/>\n<span style=\"font-family: arial, helvetica, sans-serif;\"> Accorrevano a lui tutta la regione della Giudea e tutti gli abitanti di Gerusalemme. E si facevano battezzare da lui nel fiume Giordano, confessando i loro peccati. \u00a0<\/span><br \/>\n<span style=\"font-family: arial, helvetica, sans-serif;\"> Giovanni era vestito di peli di cammello, con una cintura di pelle attorno ai fianchi, e mangiava cavallette e miele selvatico. E proclamava: \u00abViene dopo di me colui che \u00e8 pi\u00f9 forte di me: io non sono degno di chinarmi per slegare i lacci dei suoi sandali. Io vi ho battezzato con acqua, ma egli vi battezzer\u00e0\u00a0 in Spirito Santo\u00bb.<\/span><\/p>\n<p style=\"text-align: justify;\"><span style=\"font-family: arial, helvetica, sans-serif;\">(dal Vangelo di Marco 1,1-8)<\/span><\/p>\n<\/blockquote>\n<p style=\"text-align: justify;\">\n<p style=\"text-align: justify;\">\n<p style=\"text-align: justify;\"><strong><span style=\"font-family: arial, helvetica, sans-serif;\">Da dove viene Dio?<\/span><\/strong><\/p>\n<p style=\"text-align: justify;\"><strong><span style=\"font-family: arial, helvetica, sans-serif;\">Dal cielo? Da una realt\u00e0\u00a0 completamente lontana e diversa dalla nostra?<\/span><\/strong><\/p>\n<p style=\"text-align: justify;\"><strong><span style=\"font-family: arial, helvetica, sans-serif;\">Sembra proprio di s\u00ec, anche perch\u00e8 se guardiamo bene bene quello che succede nel mondo degli uomini, compreso il mondo religioso fatto di istituzioni, regole, tradizioni, Dio che \u00e8 perfezione assoluta e bont\u00e0\u00a0 infinita, sembra davvero centrare poco.<\/span><\/strong><\/p>\n<p style=\"text-align: justify;\"><strong><span style=\"font-family: arial, helvetica, sans-serif;\">Se pensiamo a Dio lo collochiamo lontano e separato da tutto cio\u00e8 che \u00e8 umano (la parola &#8220;sacro&#8221; indica proprio questo, ed \u00e8 opposta alla parola &#8220;profano&#8221;) a volte cos\u00ec tanto da pensare che in fondo non esista nemmeno.<\/span><\/strong><\/p>\n<p style=\"text-align: justify;\"><strong><span style=\"font-family: arial, helvetica, sans-serif;\">Le religioni fin dall&#8217;inizio della storia umana si sono fondate su questa convinzione che Dio \u00e8 &#8220;oltre&#8221; e &#8220;altro&#8221; rispetto la dimensione umana. I Templi, luoghi sacri, con i loro riti erano il segno di questa separazione tra le divinit\u00e0\u00a0 e gli esseri umani, e che solo qualche volta veniva superata.<\/span><\/strong><\/p>\n<p style=\"text-align: justify;\"><strong><span style=\"font-family: arial, helvetica, sans-serif;\">L&#8217;evangelista Marco inizia il suo racconto con questa affermazione che \u00e8 la sintesi di tutto il suo Vangelo ed \u00e8 anche la sintesi della rivelazione cristiana su Dio: &#8220;inizio del Vangelo di Ges\u00f9, Cristo, Figlio di Dio&#8221;.<\/span><\/strong><\/p>\n<p style=\"text-align: justify;\"><strong><span style=\"font-family: arial, helvetica, sans-serif;\">La parola Vangelo indica &#8220;buona notizia&#8221;, dove la notizia \u00e8 proprio che per arrivare a Dio si parte da Ges\u00f9 e non da Dio. La buona notizia (che \u00e8 anche al cuore del Natale al quale ci prepariamo) \u00e8 che Dio parte nel farsi conoscere non da qualcosa che \u00e8 oltre e irraggiungibile per la mente e l&#8217;esperienza umana, ma parte da un uomo, Ges\u00f9 di Nazareth. Questo uomo nel corso della sua storia si riveler\u00e0\u00a0 prima come Cristo e infine come Figlio di Dio, cio\u00e8 Dio stesso che si relazione con l&#8217;uomo.<\/span><\/strong><\/p>\n<p style=\"text-align: justify;\"><strong><span style=\"font-family: arial, helvetica, sans-serif;\">Il percorso verso Dio quindi parte dal basso, proprio dalla nostra dimensione umana, dentro la quale \u00e8 vissuto Ges\u00f9.<\/span><\/strong><\/p>\n<p style=\"text-align: justify;\"><strong><span style=\"font-family: arial, helvetica, sans-serif;\">Giovanni Battista \u00e8 il primo a entrare in campo nel racconto dell&#8217;Evangelista Marco. E&#8217; un profeta, cio\u00e8 uno che senza paura indica la strada di Dio agli uomini. Il suo invito \u00e8 quello di cambiare mentalit\u00e0\u00a0 e modo di agire. Confessare i proprio peccati non \u00e8 altro che riconoscere che siamo esseri umani e non divinit\u00e0\u00a0. Il peccato ci ricorda che siamo fatti di carne e siamo limitati. Ma proprio a partire da questo possiamo riconoscere che dentro la vita umana ci sono segni di speranza che rimandano a qualcosa di pi\u00f9 grande, ad un amore che non \u00e8 del tutto cancellato dalla storia umana. Marco ci dice che tutti gli abitanti di Gerusalemme escono dalla citt\u00e0\u00a0 santa che aveva il grande Tempio e tutti i segni e i riti della religione, per andare nel deserto e iniziare una nuova strada di verso Dio. Giovanni indica la strada senza pretendere di essere lui il fine di questa strada, che \u00e8 invece l&#8217;uomo Ges\u00f9.<\/span><\/strong><\/p>\n<p style=\"text-align: justify;\"><strong><span style=\"font-family: arial, helvetica, sans-serif;\">Questa settimana in parrocchia abbiamo incontrato Paolo che da pi\u00f9 di 20 anni si occupa di persone carcerate. Insieme ad un gruppo di volontari entra nel carcere di Verona creando percorsi con gruppi di spiritualit\u00e0\u00a0 per i carcerati che lo desiderano. Le nostre carceri, anche se siamo nel 2017, sono ancora luoghi dove l&#8217;umanit\u00e0\u00a0 rischia di essere totalmente assente, perch\u00e8 pensate solo come luogo di punizione e non sempre di riabilitazione. Ecco allora l&#8217;impegno di Paolo e degli altri di entrare e cercare di &#8220;riattivare&#8221; il bene che c&#8217;\u00e8 in ogni uomo, anche in colui che ha sbagliato. La strada verso il cielo passa anche da una cella, dove il cielo dentro e sopra il carcerato \u00e8 spesso molto piccolo. Mi ha colpito la testimonianza di Paolo che mette la motivazione in quello che fa in un amore totale per la persona umana, qualsiasi storia abbia, anche fatta di errori e crimini.<\/span><\/strong><\/p>\n<p style=\"text-align: justify;\"><strong><span style=\"font-family: arial, helvetica, sans-serif;\">La buona notizia \u00e8 dunque proprio questa del Vangelo di Ges\u00f9: la strada verso Dio parte dall&#8217;uomo, ogni uomo. Anche da me.<\/span><\/strong><\/p>\n<p style=\"text-align: justify;\"><span style=\"font-family: arial, helvetica, sans-serif;\">Giovanni don<\/span><\/p>\n","protected":false},"excerpt":{"rendered":"<p>DOMENICA 10 dicembre 2017 Seconda di Avvento Inizio del vangelo di Ges\u00f9, Cristo, Figlio di Dio. \u00a0 Come sta scritto nel profeta Isa\u00eca: \u00abEcco, dinanzi a te io mando il mio messaggero: egli preparer\u00e0\u00a0 la tua via. Voce di uno che grida nel deserto: Preparate la via del Signore, raddrizzate i suoi sentieri\u00bb, vi fu Giovanni, che battezzava nel deserto e proclamava un battesimo di conversione per il perdono dei peccati. \u00a0 Accorrevano a lui tutta la regione della Giudea e tutti gli abitanti di Gerusalemme. E si facevano battezzare da lui nel fiume Giordano, confessando i loro peccati. \u00a0<\/p>\n","protected":false},"author":1,"featured_media":0,"comment_status":"open","ping_status":"open","sticky":false,"template":"","format":"standard","meta":{"footnotes":""},"categories":[],"tags":[],"class_list":["post-2732","post","type-post","status-publish","format-standard","hentry"],"_links":{"self":[{"href":"https:\/\/www.gioba.it\/sito\/wp-json\/wp\/v2\/posts\/2732","targetHints":{"allow":["GET"]}}],"collection":[{"href":"https:\/\/www.gioba.it\/sito\/wp-json\/wp\/v2\/posts"}],"about":[{"href":"https:\/\/www.gioba.it\/sito\/wp-json\/wp\/v2\/types\/post"}],"author":[{"embeddable":true,"href":"https:\/\/www.gioba.it\/sito\/wp-json\/wp\/v2\/users\/1"}],"replies":[{"embeddable":true,"href":"https:\/\/www.gioba.it\/sito\/wp-json\/wp\/v2\/comments?post=2732"}],"version-history":[{"count":1,"href":"https:\/\/www.gioba.it\/sito\/wp-json\/wp\/v2\/posts\/2732\/revisions"}],"predecessor-version":[{"id":2734,"href":"https:\/\/www.gioba.it\/sito\/wp-json\/wp\/v2\/posts\/2732\/revisions\/2734"}],"wp:attachment":[{"href":"https:\/\/www.gioba.it\/sito\/wp-json\/wp\/v2\/media?parent=2732"}],"wp:term":[{"taxonomy":"category","embeddable":true,"href":"https:\/\/www.gioba.it\/sito\/wp-json\/wp\/v2\/categories?post=2732"},{"taxonomy":"post_tag","embeddable":true,"href":"https:\/\/www.gioba.it\/sito\/wp-json\/wp\/v2\/tags?post=2732"}],"curies":[{"name":"wp","href":"https:\/\/api.w.org\/{rel}","templated":true}]}}