{"id":2739,"date":"2017-12-22T16:39:15","date_gmt":"2017-12-22T16:39:15","guid":{"rendered":"http:\/\/www.gioba.it\/?p=2739"},"modified":"2017-12-22T16:42:45","modified_gmt":"2017-12-22T16:42:45","slug":"pappa-cacca-e-nanna","status":"publish","type":"post","link":"https:\/\/www.gioba.it\/sito\/2017\/12\/22\/pappa-cacca-e-nanna\/","title":{"rendered":"pappa, cacca e nanna"},"content":{"rendered":"<p style=\"text-align: justify;\"><a href=\"http:\/\/www.gioba.it\/sito\/wp-content\/uploads\/2017\/12\/Natale-umano-colored.jpg\"><img loading=\"lazy\" decoding=\"async\" class=\"alignleft wp-image-2740\" src=\"http:\/\/www.gioba.it\/sito\/wp-content\/uploads\/2017\/12\/Natale-umano-colored.jpg\" alt=\"Natale umano (colored)\" width=\"592\" height=\"419\" \/><\/a><\/p>\n<p style=\"text-align: justify;\"><strong><span style=\"font-family: arial, helvetica, sans-serif;\">Luned\u00ec 25 dicembre 2017<\/span><\/strong><\/p>\n<p style=\"text-align: justify;\"><strong><span style=\"font-family: arial, helvetica, sans-serif;\">NATALE del Signore<\/span><\/strong><\/p>\n<blockquote>\n<p style=\"text-align: justify;\"><span style=\"font-family: arial, helvetica, sans-serif;\">In quei giorni un decreto di Cesare Augusto ordin\u00f2 che si facesse il censimento di tutta la terra. Questo primo censimento fu fatto quando Quirinio era governatore della Siria. Tutti andavano a farsi censire, ciascuno nella propria citt\u00e0\u00a0. \u00a0<\/span><\/p>\n<p style=\"text-align: justify;\"><span style=\"font-family: arial, helvetica, sans-serif;\">Anche Giuseppe, dalla Galilea, dalla citt\u00e0\u00a0 di N\u00e0\u00a0zaret, sal\u00ec in Giudea alla citt\u00e0\u00a0 di Davide chiamata Betlemme: egli apparteneva infatti alla casa e alla famiglia di Davide. Doveva farsi censire insieme a Maria, sua sposa, che era incinta. \u00a0<\/span><\/p>\n<p style=\"text-align: justify;\"><span style=\"font-family: arial, helvetica, sans-serif;\">Mentre si trovavano in quel luogo, si compirono per lei i giorni del parto. Diede alla luce il suo figlio primogenito, lo avvolse in fasce e lo pose in una mangiatoia, perch\u00e8 per loro non c&#8217;era posto nell&#8217;alloggio.<\/span><\/p>\n<p style=\"text-align: justify;\"><span style=\"font-family: arial, helvetica, sans-serif;\">C&#8217;erano in quella regione alcuni pastori che, pernottando all&#8217;aperto, vegliavano tutta la notte facendo la guardia al loro gregge. Un angelo del Signore si present\u00f2 a loro e la gloria del Signore li avvolse di luce. Essi furono presi da grande timore, ma l&#8217;angelo disse loro: \u00abNon temete: ecco, vi annuncio una grande gioia, che sar\u00e0\u00a0 di tutto il popolo: oggi, nella citt\u00e0\u00a0 di Davide, \u00e8 nato per voi un Salvatore, che \u00e8 Cristo Signore. Questo per voi il segno: troverete un bambino avvolto in fasce, adagiato in una mangiatoia\u00bb. \u00a0<\/span><\/p>\n<p style=\"text-align: justify;\"><span style=\"font-family: arial, helvetica, sans-serif;\">E subito apparve con l&#8217;angelo una moltitudine dell&#8217;esercito celeste, che lodava Dio e diceva:<\/span><\/p>\n<p style=\"text-align: justify;\"><span style=\"font-family: arial, helvetica, sans-serif;\">\u00abGloria a Dio nel pi\u00f9 alto dei cieli<\/span><\/p>\n<p style=\"text-align: justify;\"><span style=\"font-family: arial, helvetica, sans-serif;\">e sulla terra pace agli uomini, che egli ama\u00bb.<\/span><\/p>\n<p style=\"text-align: justify;\"><span style=\"font-family: arial, helvetica, sans-serif;\">Appena gli angeli si furono allontanati da loro, verso il cielo, i pastori dicevano l&#8217;un l&#8217;altro: \u00abAndiamo dunque fino a Betlemme, vediamo questo avvenimento che il Signore ci ha fatto conoscere\u00bb. \u00a0<\/span><\/p>\n<p style=\"text-align: justify;\"><span style=\"font-family: arial, helvetica, sans-serif;\">Andarono, senza indugio, e trovarono Maria e Giuseppe e il bambino, adagiato nella mangiatoia. E dopo averlo visto, riferirono ci\u00f2 che del bambino era stato detto loro. \u00a0<\/span><\/p>\n<p style=\"text-align: justify;\"><span style=\"font-family: arial, helvetica, sans-serif;\">Tutti quelli che udivano si stupirono delle cose dette loro dai pastori. Maria, da parte sua, custodiva tutte queste cose, meditandole nel suo cuore.<\/span><\/p>\n<p style=\"text-align: justify;\"><span style=\"font-family: arial, helvetica, sans-serif;\">I pastori se ne tornarono, glorificando e lodando Dio per tutto quello che avevano udito e visto, com&#8217;era stato detto loro.<\/span><\/p>\n<p style=\"text-align: justify;\"><span style=\"font-family: arial, helvetica, sans-serif;\">(dal Vangelo di Luca 2,1-20)<\/span><\/p>\n<\/blockquote>\n<p style=\"text-align: justify;\"><strong><span style=\"font-family: arial, helvetica, sans-serif;\">Pappa, cacca e nanna<\/span><\/strong><\/p>\n<p style=\"text-align: justify;\"><strong><span style=\"font-family: arial, helvetica, sans-serif;\">Ecco come si pu\u00f2 riassumere Ges\u00f9 bambino, il Figlio di Dio che nasce a Betlemme.<\/span><\/strong><\/p>\n<p style=\"text-align: justify;\"><strong><span style=\"font-family: arial, helvetica, sans-serif;\">I grandi discorsi, i grandi segni miracolosi, le folle, le dispute con i religiosi del suo tempo, i discepoli&#8230; tutto viene dopo, molto dopo, in quei ultimi anni di vita che sono largamente raccontati dai Vangeli.<\/span><\/strong><\/p>\n<p style=\"text-align: justify;\"><strong><span style=\"font-family: arial, helvetica, sans-serif;\">Il Natale ci porta a guardare a Dio da una prospettiva meno religiosa in assoluto, e nello stesso tempo la pi\u00f9 universale: un bambino. Tutti, credenti o non credenti, guardando un bambino appena nato in braccio alla propria madre rimaniamo stupiti e la nostra parte pi\u00f9 vera dal punto di vista umano viene profondamente sollecitata e riaccesa. Quel bambino piccolo e fragile, completamente indifeso, incapace di tutto, ma carico di vita, non pu\u00f2 non coinvolgerci umanamente a sentimenti profondi di cura, amore, tenerezza, stupire, voglia di vivere.<\/span><\/strong><\/p>\n<p style=\"text-align: justify;\"><strong><span style=\"font-family: arial, helvetica, sans-serif;\">Mi ricordo benissimo di mia mamma anziana, che negli ultimi anni di vita era segnata dal decadimento cognitivo, quando incrociava un bambino era come si risvegliasse e quasi automaticamente aveva gesti di tenerezza e felicit\u00e0\u00a0. L&#8217;amore per i bambini \u00e8 stata davvero l&#8217;ultima delle facolt\u00e0\u00a0 che l&#8217;hanno abbandonata nel suo cammino di malattia.<\/span><\/strong><\/p>\n<p style=\"text-align: justify;\"><strong><span style=\"font-family: arial, helvetica, sans-serif;\">Pappa, cacca e nanna. E&#8217; in questo modo che Dio mi invita ad incontrarlo e a ritrovare in me quella umanit\u00e0\u00a0 profonda che Lui ha scelto di percorrere e che spesso dimentico in questa societ\u00e0\u00a0 che ha molti aspetti di disumanit\u00e0\u00a0 quando dimentica i poveri, quando diventa violenta, chiusa e senza amore.<\/span><\/strong><\/p>\n<p style=\"text-align: justify;\"><strong><span style=\"font-family: arial, helvetica, sans-serif;\">In questi giorni in parrocchia ha portato la sua testimonianza un amico prete, don Carlo Vinco, che ci ha raccontato come \u00e8 arrivato a interessarsi sempre pi\u00f9 delle situazioni di povert\u00e0\u00a0 e emarginazione nella citt\u00e0\u00a0 di Verona. Avendo stretto amicizia un po&#8217; per caso con alcune persone immigrate che gravitavano nella sua parrocchia, \u00e8 arrivato un giorno a fare visita a quello che nei primi anni 2000 era nella citt\u00e0\u00a0 di Verona un vero e proprio ghetto di poveri. Le strutture abbandonate delle ex cartiere Fedrigoni, non lontane dalla stazione di Verona, erano diventate negli anni il luogo di vita di centinaia di persone immigrate che vivevano in baracche fatte di nulla, nella totale sporcizia e mancanza di servizi igienici. Don Carlo ricorda che la visita a quell&#8217;universo di povert\u00e0\u00a0 a due passi dal ricco centro della citt\u00e0\u00a0 lo aveva profondamente cambiato. Gi\u00e0\u00a0 dalla prima volta che era uscito da quel luogo, aveva cambiato la prospettiva con quale guardare non solo quei poveri, ma ogni essere umano. Non erano pi\u00f9 solamente &#8220;gli immigrati&#8221; da considerare in base a categorie come la nazionalit\u00e0\u00a0 e il colore della pelle. Erano per lui tante singole persone, con un nome e cognome preciso, una storia, dei sentimenti, una vita fatta di sbagli e conquiste, di luci e ombre. Ogni persona \u00e8 da guardare come essere umano unico e irripetibile, nella sua singolarit\u00e0\u00a0, cos\u00ec come Dio guarda ogni essere umano a cominciare proprio dall&#8217;uomo Ges\u00f9, dal bambino Ges\u00f9.<\/span><\/strong><\/p>\n<p style=\"text-align: justify;\"><strong><span style=\"font-family: arial, helvetica, sans-serif;\">Davanti al presepe, che purtroppo viene spesso preso come scudo di tradizioni e basta, imparo a guardare ogni essere umano nella sua pi\u00f9 semplice umanit\u00e0\u00a0, sapendo che proprio in questa Dio si manifesta. La mia umanit\u00e0\u00a0, quella di chi mi sta accanto ogni giorno, quella di chi incontro per strada, sul lavoro, tra gli amici, nei poveri, \u00e8 la stessa di Ges\u00f9, \u00e8 la stessa di Dio.<\/span><\/strong><\/p>\n<p style=\"text-align: justify;\"><strong><span style=\"font-family: arial, helvetica, sans-serif;\">Se guardo e adoro il bambino Ges\u00f9 come Dio che \u00e8 sceso in terra, nonostante non faccia altro che pappa, cacca e nanne, allora non posso non pensare che proprio nella mia umanit\u00e0\u00a0 pi\u00f9 concreta e in quella di ogni essere umano, posso incontrare Dio.<\/span><\/strong><\/p>\n<p style=\"text-align: justify;\"><strong><span style=\"font-family: arial, helvetica, sans-serif;\">La bella notizia di Natale \u00e8 proprio che ogni uomo ha la possibilit\u00e0\u00a0 di ritrovare Dio dentro di s\u00e8, perch\u00e8 cos\u00ec siamo stati creati. Il fragile bambino Ges\u00f9 \u00e8 venuto proprio a ricordarcelo dalla mangiatoia di Betlemme.<\/span><\/strong><\/p>\n<p style=\"text-align: justify;\"><span style=\"font-family: arial, helvetica, sans-serif;\">Giovanni don<\/span><\/p>\n","protected":false},"excerpt":{"rendered":"<p>Luned\u00ec 25 dicembre 2017 NATALE del Signore In quei giorni un decreto di Cesare Augusto ordin\u00f2 che si facesse il censimento di tutta la terra. Questo primo censimento fu fatto quando Quirinio era governatore della Siria. Tutti andavano a farsi censire, ciascuno nella propria citt\u00e0\u00a0. \u00a0 Anche Giuseppe, dalla Galilea, dalla citt\u00e0\u00a0 di N\u00e0\u00a0zaret, sal\u00ec in Giudea alla citt\u00e0\u00a0 di Davide chiamata Betlemme: egli apparteneva infatti alla casa e alla famiglia di Davide. Doveva farsi censire insieme a Maria, sua sposa, che era incinta. \u00a0 Mentre si trovavano in quel luogo, si compirono per lei i giorni del parto. Diede<\/p>\n","protected":false},"author":1,"featured_media":0,"comment_status":"open","ping_status":"open","sticky":false,"template":"","format":"standard","meta":{"footnotes":""},"categories":[],"tags":[],"class_list":["post-2739","post","type-post","status-publish","format-standard","hentry"],"_links":{"self":[{"href":"https:\/\/www.gioba.it\/sito\/wp-json\/wp\/v2\/posts\/2739","targetHints":{"allow":["GET"]}}],"collection":[{"href":"https:\/\/www.gioba.it\/sito\/wp-json\/wp\/v2\/posts"}],"about":[{"href":"https:\/\/www.gioba.it\/sito\/wp-json\/wp\/v2\/types\/post"}],"author":[{"embeddable":true,"href":"https:\/\/www.gioba.it\/sito\/wp-json\/wp\/v2\/users\/1"}],"replies":[{"embeddable":true,"href":"https:\/\/www.gioba.it\/sito\/wp-json\/wp\/v2\/comments?post=2739"}],"version-history":[{"count":2,"href":"https:\/\/www.gioba.it\/sito\/wp-json\/wp\/v2\/posts\/2739\/revisions"}],"predecessor-version":[{"id":2742,"href":"https:\/\/www.gioba.it\/sito\/wp-json\/wp\/v2\/posts\/2739\/revisions\/2742"}],"wp:attachment":[{"href":"https:\/\/www.gioba.it\/sito\/wp-json\/wp\/v2\/media?parent=2739"}],"wp:term":[{"taxonomy":"category","embeddable":true,"href":"https:\/\/www.gioba.it\/sito\/wp-json\/wp\/v2\/categories?post=2739"},{"taxonomy":"post_tag","embeddable":true,"href":"https:\/\/www.gioba.it\/sito\/wp-json\/wp\/v2\/tags?post=2739"}],"curies":[{"name":"wp","href":"https:\/\/api.w.org\/{rel}","templated":true}]}}