{"id":2753,"date":"2018-01-12T10:30:00","date_gmt":"2018-01-12T10:30:00","guid":{"rendered":"http:\/\/www.gioba.it\/?p=2753"},"modified":"2018-01-09T11:44:43","modified_gmt":"2018-01-09T11:44:43","slug":"cosa-cerchiamo","status":"publish","type":"post","link":"https:\/\/www.gioba.it\/sito\/2018\/01\/12\/cosa-cerchiamo\/","title":{"rendered":"cosa cerchiamo?"},"content":{"rendered":"<p style=\"text-align: justify;\"><a href=\"http:\/\/www.gioba.it\/sito\/wp-content\/uploads\/2018\/01\/Simone-Pietro-colored.jpg\"><img loading=\"lazy\" decoding=\"async\" class=\"alignleft  wp-image-2754\" src=\"http:\/\/www.gioba.it\/sito\/wp-content\/uploads\/2018\/01\/Simone-Pietro-colored.jpg\" alt=\"Simone Pietro (colored)\" width=\"591\" height=\"419\" \/><\/a><\/p>\n<p style=\"text-align: justify;\"><span style=\"font-family: arial, helvetica, sans-serif;\"><strong>DOMENICA 14 gennaio 2018<\/strong><\/span><\/p>\n<p style=\"text-align: justify;\">\n<blockquote>\n<p style=\"text-align: justify;\"><span style=\"font-family: arial, helvetica, sans-serif;\">In quel tempo Giovanni stava con due dei suoi discepoli e, fissando lo sguardo su Ges\u00f9 che passava, disse: \u00abEcco l&#8217;agnello di Dio!\u00bb. E i suoi due discepoli, sentendolo parlare cos\u00ec, seguirono Ges\u00f9. \u00a0<\/span><br \/>\n<span style=\"font-family: arial, helvetica, sans-serif;\"> Ges\u00f9 allora si volt\u00f2 e, osservando che essi lo seguivano, disse loro: \u00abChe cosa cercate?\u00bb. Gli risposero: \u00abRabb\u00ec &#8211; che, tradotto, significa maestro -, dove dimori?\u00bb. Disse loro: \u00abVenite e vedrete\u00bb. Andarono dunque e videro dove egli dimorava e quel giorno rimasero con lui; erano circa le quattro del pomeriggio.<\/span><br \/>\n<span style=\"font-family: arial, helvetica, sans-serif;\"> Uno dei due che avevano udito le parole di Giovanni e lo avevano seguito, era Andrea, fratello di Simon Pietro. Egli incontr\u00f2 per primo suo fratello Simone e gli disse: \u00abAbbiamo trovato il Messia\u00bb &#8211; che si traduce Cristo &#8211; e lo condusse da Ges\u00f9. Fissando lo sguardo su di lui, Ges\u00f9 disse: \u00abTu sei Simone, il figlio di Giovanni; sarai chiamato Cefa\u00bb &#8211; che significa Pietro.<\/span><\/p>\n<p style=\"text-align: justify;\"><span style=\"font-family: arial, helvetica, sans-serif;\">(dal Vangelo di Giovanni 1,35-42)<\/span><\/p>\n<\/blockquote>\n<p style=\"text-align: justify;\">\n<p style=\"text-align: justify;\"><span style=\"font-family: arial, helvetica, sans-serif;\"><strong>&#8220;Che cosa cercate?&#8221;<\/strong><\/span><\/p>\n<p style=\"text-align: justify;\"><span style=\"font-family: arial, helvetica, sans-serif;\"><strong>E&#8217; la domanda che Ges\u00f9 rivolge ai discepoli di Giovanni Battista che si sono messi a seguirlo. Giovanni ha detto loro che \u00e8 l&#8217;agnello di Dio, usando un&#8217;espressione biblica che indicava salvezza e realizzazione delle promesse di vita per il popolo di Dio. Cos\u00ec i discepoli vanno da quest&#8217;uomo, Ges\u00f9, che si sta rivelando come Maestro e la cui identit\u00e0\u00a0 profonda \u00e8 tutta da scoprire.<\/strong><\/span><\/p>\n<p style=\"text-align: justify;\"><span style=\"font-family: arial, helvetica, sans-serif;\"><strong>Ges\u00f9 non si accontenta di avere qualcuno che lo segua e basta, ma vuole mettere chiarezza sulle loro aspettative, che sono determinanti per un vero e fruttuoso discepolato.<\/strong><\/span><\/p>\n<p style=\"text-align: justify;\"><span style=\"font-family: arial, helvetica, sans-serif;\"><strong>Un mio caro amico che fa formazione agli educatori e ai genitori su temi educativi e anche sui temi della fede, inizia sempre gli incontri con questa domanda: &#8220;cosa vi aspettate da questo incontro?&#8221;.<\/strong><\/span><\/p>\n<p style=\"text-align: justify;\"><span style=\"font-family: arial, helvetica, sans-serif;\"><strong>Dedica diverso tempo a questa fase iniziale, cercando di far parlare il maggior numero di persone. Le prime volte mi sembrava fosse una fase &#8220;inutile&#8221; che toglieva tempo alla parte di esposizione del tema della serata. Ma mi sono ben presto accorto che invece \u00e8 la parte fondamentale. Se non si vanno a toccare e stimolare le aspettative, anche l&#8217;esposizione pi\u00f9 brillante, profonda e preparata non arriva se non a qualcuno e anche in maniera superficiale. Mi sono accorto che spesso la parte espositiva tiene conto in maniera vera delle cose ascoltate da parte iniziale all&#8217;incontro. Non \u00e8 una semplice tecnica di dinamica di gruppo, ma \u00e8 un atteggiamento profondo di amore e di rispetto della persona che affonda le radici nel Vangelo stesso.<\/strong><\/span><\/p>\n<p style=\"text-align: justify;\"><span style=\"font-family: arial, helvetica, sans-serif;\"><strong>I discepoli seguono Ges\u00f9, e lui prima ancora di mettersi ad insegnare (con gesti e parole) si interroga veramente sulle aspettative di coloro che gli stanno vicini. Vuole sapere da loro cosa cercano e vuole anche stimolarli a pensare nel profondo alle loro aspettative vere, smascherando false attese, attese superficiali, durezze che potrebbero alla fine rendere inefficace ogni insegnamento.<\/strong><\/span><\/p>\n<p style=\"text-align: justify;\"><span style=\"font-family: arial, helvetica, sans-serif;\"><strong>La risposta che Ges\u00f9 riceve \u00e8 interessante: &#8220;vogliamo sapere dove dimori&#8221;.<\/strong><\/span><\/p>\n<p style=\"text-align: justify;\"><span style=\"font-family: arial, helvetica, sans-serif;\"><strong>Sembra che i discepoli non cerchino risposte facili e immediate e soluzioni pronte all&#8217;uso alla loro fede. Vogliono &#8220;stare&#8221; con Ges\u00f9, entrare nella dimensione di vita di questo nuovo maestro che il &#8220;vecchio&#8221; maestro Giovanni ha loro indicato. E Ges\u00f9 a sua volta non d\u00e0\u00a0 loro una risposta veloce fatta di regole e sentenze, ma propone una esperienza di amicizia: &#8220;venite e vedrete&#8221;.<\/strong><\/span><\/p>\n<p style=\"text-align: justify;\"><span style=\"font-family: arial, helvetica, sans-serif;\"><strong>Non bastano 5 minuti o due ore per avere le risposte, ma serve un legame di vita, una amicizia basata sulla fiducia, un impegno a mettersi in gioco fino in fondo.<\/strong><\/span><\/p>\n<p style=\"text-align: justify;\"><span style=\"font-family: arial, helvetica, sans-serif;\"><strong>A questo punto entra in gioco il discepolo Simone, quello che pi\u00f9 di tutti emerge nei Vangeli come modello, nel bene e nel male, di noi discepoli di oggi. Simone viene portato a Ges\u00f9 dal fratello Andrea. Ges\u00f9 con Simone ha subito un rapporto speciale e diretto. Quando lo fissa, coglie subito la realt\u00e0\u00a0 di questo uomo. Fissare nel Vangelo di Giovanni significa &#8220;cogliere la realt\u00e0\u00a0 profonda&#8221;, ed \u00e8 per questo che Ges\u00f9 lo chiama &#8220;Cefa&#8221;, cio\u00e8 Pietro. Il Maestro coglie in questo discepolo una durezza profonda di testa e di cuore che dovranno sciogliersi, per dar posto alla solidit\u00e0\u00a0 della fede.<\/strong><\/span><\/p>\n<p style=\"text-align: justify;\"><span style=\"font-family: arial, helvetica, sans-serif;\"><strong>Simone \u00e8 dunque Pietro perch\u00e8 fatica a lasciarsi andare, ad accettare di essere plasmato dall&#8217;insegnamento di Ges\u00f9, duro a superare le paure e le convenienze. Tutto questo lo troveremo nei racconti successivi, ma gi\u00e0\u00a0 da ora, con questo &#8220;soprannome&#8221; Ges\u00f9 rivela chi \u00e8 Pietro e cosa Lui far\u00e0\u00a0 per farlo crescere.<\/strong><\/span><\/p>\n<p><span style=\"font-family: arial, helvetica, sans-serif;\"><strong>Io mi rivedo in Pietro, nella sua fatica di fede e umana. Accetto dunque questo soprannome anche per me, per la mia fede e la mia vita.<\/strong><\/span><\/p>\n<p><span style=\"font-family: arial, helvetica, sans-serif;\"><strong>Ma accetto anche la provocazione della domanda fatta ai discepoli, e rivolgo a me stesso l&#8217;interrogativo &#8220;cosa cerchi?&#8221;<\/strong><\/span><\/p>\n<p><span style=\"font-family: arial, helvetica, sans-serif;\"><strong>E&#8217; un interrogativo che sento vivo proprio in questi giorni nei quali mi trovo in Terra Santa, per un pellegrinaggio con i miei compagni preti. Cosa cerco? Una vacanza e basta? Cerco di fare una esperienza che mi aiuti a crescere nella conoscenza dei Vangeli? Cerco di conoscere ancora di pi\u00f9 Ges\u00f9 e me stesso?<\/strong><\/span><\/p>\n<p><span style=\"font-family: arial, helvetica, sans-serif;\"><strong>Ma \u00e8 un interrogativo che mi pongo anche prima di salire sull&#8217;altare ogni domenica quando celebro la messa con la mia comunit\u00e0\u00a0 parrocchiale: cosa cerco? Cosa voglio per me e la mia comunit\u00e0\u00a0? Come vorrei uscire di chiesa al termine?<\/strong><\/span><\/p>\n<p><span style=\"font-family: arial, helvetica, sans-serif;\"><strong>E l&#8217;interrogativo di Ges\u00f9 mi accompagna anche quando incontro le persone e vivo la mia vita di tutti i giorni: Cerco il Signore nelle persone? Sono disposto a lasciarmi amare, aiutare, provocare?<\/strong><\/span><\/p>\n<p><span style=\"font-family: arial, helvetica, sans-serif;\"><strong>&#8220;Cosa cercate&#8221; \u00e8 la domanda fondamentale di ogni cristiano che si avvicina a Cristo sia la domenica andando a messa, e anche quando gli viene chiesto se \u00e8 credente o meno. Non basta un semplice &#8220;si, sono cristiano&#8221;, ma ci si deve domandare: &#8220;cosa cerco da Ges\u00f9? Cosa mi aspetto dalla fede?&#8221;<\/strong><\/span><\/p>\n<p><span style=\"font-family: arial, helvetica, sans-serif;\"><strong>E con Simone chiamato &#8220;Pietro&#8221;, ogni cristiano \u00e8 chiamato a riconoscere le proprie durezze e fatiche, con la disponibilit\u00e0\u00a0 per\u00f2 a farsi cambiare, sciogliere e plasmare dalla fede, proprio come ha fatto, con un lungo cammino, Simone stesso. Stando al racconto del Vangelo, lui non cercava Ges\u00f9 e non si aspettava nulla da questo nuovo Maestro. Ma \u00e8 stato Ges\u00f9 che ha cercato, fissato, amato Pietro e&#8230; lo ha cambiato.<\/strong><\/span><\/p>\n<p><span style=\"font-family: arial, helvetica, sans-serif;\">Giovanni don<\/span><\/p>\n","protected":false},"excerpt":{"rendered":"<p>DOMENICA 14 gennaio 2018 In quel tempo Giovanni stava con due dei suoi discepoli e, fissando lo sguardo su Ges\u00f9 che passava, disse: \u00abEcco l&#8217;agnello di Dio!\u00bb. E i suoi due discepoli, sentendolo parlare cos\u00ec, seguirono Ges\u00f9. \u00a0 Ges\u00f9 allora si volt\u00f2 e, osservando che essi lo seguivano, disse loro: \u00abChe cosa cercate?\u00bb. Gli risposero: \u00abRabb\u00ec &#8211; che, tradotto, significa maestro -, dove dimori?\u00bb. Disse loro: \u00abVenite e vedrete\u00bb. Andarono dunque e videro dove egli dimorava e quel giorno rimasero con lui; erano circa le quattro del pomeriggio. Uno dei due che avevano udito le parole di Giovanni e lo<\/p>\n","protected":false},"author":1,"featured_media":0,"comment_status":"open","ping_status":"open","sticky":false,"template":"","format":"standard","meta":{"footnotes":""},"categories":[],"tags":[],"class_list":["post-2753","post","type-post","status-publish","format-standard","hentry"],"_links":{"self":[{"href":"https:\/\/www.gioba.it\/sito\/wp-json\/wp\/v2\/posts\/2753","targetHints":{"allow":["GET"]}}],"collection":[{"href":"https:\/\/www.gioba.it\/sito\/wp-json\/wp\/v2\/posts"}],"about":[{"href":"https:\/\/www.gioba.it\/sito\/wp-json\/wp\/v2\/types\/post"}],"author":[{"embeddable":true,"href":"https:\/\/www.gioba.it\/sito\/wp-json\/wp\/v2\/users\/1"}],"replies":[{"embeddable":true,"href":"https:\/\/www.gioba.it\/sito\/wp-json\/wp\/v2\/comments?post=2753"}],"version-history":[{"count":1,"href":"https:\/\/www.gioba.it\/sito\/wp-json\/wp\/v2\/posts\/2753\/revisions"}],"predecessor-version":[{"id":2755,"href":"https:\/\/www.gioba.it\/sito\/wp-json\/wp\/v2\/posts\/2753\/revisions\/2755"}],"wp:attachment":[{"href":"https:\/\/www.gioba.it\/sito\/wp-json\/wp\/v2\/media?parent=2753"}],"wp:term":[{"taxonomy":"category","embeddable":true,"href":"https:\/\/www.gioba.it\/sito\/wp-json\/wp\/v2\/categories?post=2753"},{"taxonomy":"post_tag","embeddable":true,"href":"https:\/\/www.gioba.it\/sito\/wp-json\/wp\/v2\/tags?post=2753"}],"curies":[{"name":"wp","href":"https:\/\/api.w.org\/{rel}","templated":true}]}}