{"id":2784,"date":"2018-02-23T11:45:07","date_gmt":"2018-02-23T11:45:07","guid":{"rendered":"http:\/\/www.gioba.it\/?p=2784"},"modified":"2018-02-23T14:43:26","modified_gmt":"2018-02-23T14:43:26","slug":"mi-fido-nonostante-tutto","status":"publish","type":"post","link":"https:\/\/www.gioba.it\/sito\/2018\/02\/23\/mi-fido-nonostante-tutto\/","title":{"rendered":"mi fido, nonostante tutto"},"content":{"rendered":"<p style=\"text-align: justify;\"><a href=\"http:\/\/www.gioba.it\/sito\/wp-content\/uploads\/2018\/02\/trasfigurazione-elettorale-2018-colored.jpg\"><img loading=\"lazy\" decoding=\"async\" class=\"alignleft wp-image-2785\" src=\"http:\/\/www.gioba.it\/sito\/wp-content\/uploads\/2018\/02\/trasfigurazione-elettorale-2018-colored.jpg\" alt=\"\" width=\"591\" height=\"384\" \/><\/a><\/p>\n<p style=\"text-align: justify;\"><strong><span style=\"font-family: arial, helvetica, sans-serif;\">DOMENICA 25 febbraio 2018<\/span><\/strong><\/p>\n<p style=\"text-align: justify;\"><strong><span style=\"font-family: arial, helvetica, sans-serif;\">Seconda di Quaresima<\/span><\/strong><\/p>\n<blockquote>\n<p style=\"text-align: justify;\"><span style=\"font-family: arial, helvetica, sans-serif;\">In quel tempo, Ges\u00f9 prese con s\u00e8 Pietro, Giacomo e Giovanni e li condusse su un alto monte, in disparte, loro soli. \u00a0<\/span><br \/>\n<span style=\"font-family: arial, helvetica, sans-serif;\"> Fu trasfigurato davanti a loro e le sue vesti divennero splendenti, bianchissime: nessun lavandaio sulla terra potrebbe renderle cos\u00ec bianche. E apparve loro Elia con Mos\u00e8 e conversavano con Ges\u00f9. Prendendo la parola, Pietro disse a Ges\u00f9: \u00abRabb\u00ec, \u00e8 bello per noi essere qui; facciamo tre capanne, una per te, una per Mos\u00e8 e una per Elia\u00bb. Non sapeva infatti che cosa dire, perch\u00e8 erano spaventati. Venne una nube che li copr\u00ec con la sua ombra e dalla nube usc\u00ec una voce: \u00abQuesti \u00e8 il Figlio mio, l&#8217;amato: ascoltatelo!\u00bb. E improvvisamente, guardandosi attorno, non videro pi\u00f9 nessuno, se non Ges\u00f9 solo, con loro.<\/span><br \/>\n<span style=\"font-family: arial, helvetica, sans-serif;\"> Mentre scendevano dal monte, ordin\u00f2 loro di non raccontare ad alcuno ci\u00f2 che avevano visto, se non dopo che il Figlio dell&#8217;uomo fosse risorto dai morti. Ed essi tennero fra loro la cosa, chiedendosi che cosa volesse dire risorgere dai morti.<\/span><\/p>\n<p style=\"text-align: justify;\"><span style=\"font-family: arial, helvetica, sans-serif;\">(dal Vangelo di Marco 9,2-10)<\/span><\/p>\n<\/blockquote>\n<p style=\"text-align: justify;\"><strong><span style=\"font-family: arial, helvetica, sans-serif;\">In questi giorni un amico mi ha scritto dandomi la triste notizia della morte improvvisa di una giovane suora. Era alle soglie dei voti perpetui e la sua famiglia di sangue, gli amici e la sua famiglia religiosa erano contenti di questa tappa cos\u00ec attesa e importante. Il mio amico mi ha chiesto una preghiera, anche se io non conosco questa giovane suora, e ha concluso il messaggio dicendo: &#8220;&#8230;quando il Signore chiama non c&#8217;\u00e8 nulla che tenga!&#8221;<\/span><\/strong><\/p>\n<p style=\"text-align: justify;\"><strong><span style=\"font-family: arial, helvetica, sans-serif;\">Faccio davvero fatica a pensare che il Signore chiami in questo modo, come avesse una immensa console piena di bottoni che schiaccia secondo un suo misterioso piano e nella piena libert\u00e0\u00a0. Funziona cos\u00ec la vita e la morte, la sorte di miliardi di persone?<\/span><\/strong><\/p>\n<p style=\"text-align: justify;\"><strong><span style=\"font-family: arial, helvetica, sans-serif;\">E allora penso ad altre vicende simili a quella di questa giovane suora, a episodi che mi hanno colpito pi\u00f9 da vicino in amici e anche parrocchiani. E non posso non pensare a quello che anche in questo momento succede nel mondo, come la guerra in Siria e la tragedia del Congo, dove la cattiveria umana della guerra fa strage di innocenti. E&#8217; il Signore che chiama? E&#8217; cos\u00ec che governa il mondo?<\/span><\/strong><\/p>\n<p style=\"text-align: justify;\"><strong><span style=\"font-family: arial, helvetica, sans-serif;\">Forse ho davvero bisogno di salire anch&#8217;io sull&#8217;alto monte della trasfigurazione di Ges\u00f9 insieme a Pietro, Giacomo e Giovanni. Ges\u00f9 prende i discepoli pi\u00f9 &#8220;difficili&#8221; per far sperimentare loro un punto di vista diverso dell&#8217;intera vicenda di Ges\u00f9 e della loro stessa vita come discepoli.<\/span><\/strong><\/p>\n<p style=\"text-align: justify;\"><strong><span style=\"font-family: arial, helvetica, sans-serif;\">Pietro \u00e8 chiamato con questo soprannome da Ges\u00f9 stesso per la sua durezza di testa nel fidarsi e superare le rigidit\u00e0\u00a0 della sua visione religiosa, e Giacomo e Giovanni sono chiamati sempre da Ges\u00f9 &#8220;figli del tuono&#8221; (Boanerghes) per la loro irruenza e per stile violento di vivere la fede e la missione.<\/span><\/strong><\/p>\n<p style=\"text-align: justify;\"><strong><span style=\"font-family: arial, helvetica, sans-serif;\">Sembra proprio che Ges\u00f9 voglia portare anche me sul monte alto e aiutare anche la mia fede che \u00e8 messa alla prova dalle vicende della vita. Anche io mi riscopro duro di cuore e impaziente nel voler risolvere tutto e subito, nel voler capire tutto e subito.<\/span><\/strong><\/p>\n<p style=\"text-align: justify;\"><strong><span style=\"font-family: arial, helvetica, sans-serif;\">Ges\u00f9 davanti ai tre discepoli assume una luce nuova, pi\u00f9 chiara. I discepoli per un attimo (non sappiamo quanto il fenomeno \u00e8 durato&#8230; \u00e8 fuori dai canoni precisi del tempo e dello spazio) capiscono tutto, vedono tutto chiaro. Assomiglia a quella intuizione profonda che abbiamo quando capiamo (non sappiamo come e perch\u00e8) che una cosa che stiamo facendo \u00e8 quella giusta, che la persona che abbiamo davanti \u00e8 quella giusta per noi da amare o da costruire una amicizia. E&#8217; l&#8217;intuizione spirituale del cuore.<\/span><\/strong><\/p>\n<p style=\"text-align: justify;\"><strong><span style=\"font-family: arial, helvetica, sans-serif;\">Ges\u00f9 appare come il vero realizzatore di tutte le promesse antiche della fede ebraica, per il fatto che con lui parlano i due pilastri della religione, Mos\u00e8 (la Legge) ed Elia (i Profeti). Loro conversano con Ges\u00f9 e alla fine rimane Ges\u00f9 solo, con la voce di Dio Padre che da&#8217; un chiaro comando: &#8220;Ascoltate lui!&#8221;.<\/span><\/strong><\/p>\n<p style=\"text-align: justify;\"><strong><span style=\"font-family: arial, helvetica, sans-serif;\">I tre discepoli sono presi da sentimenti davvero contrastanti, e il racconto lo rivela. Vorrebbero stare li per sempre, e vorrebbero trasformare quel luogo in un santuario e in una festa religiosa (&#8220;facciamo qui tre capanne&#8230;&#8221;, richiamando la festa pi\u00f9 importante della tradizione religiosa ebraica). Ma la luce spirituale da cui sono raggiunti non va incasellata e bloccata, ma va vissuta.<\/span><\/strong><\/p>\n<p style=\"text-align: justify;\"><strong><span style=\"font-family: arial, helvetica, sans-serif;\">Ges\u00f9 solo rimane, il che indica che alla fine solo Ges\u00f9, la sua parola e i suoi gesti cos\u00ec come sono raccontati nel Vangelo rimangono come risposta ad ogni domanda e come luce interiore da seguire in ogni occasione.<\/span><\/strong><\/p>\n<p style=\"text-align: justify;\"><strong><span style=\"font-family: arial, helvetica, sans-serif;\">Come racconta bene l&#8217;evangelista Marco, ci vorr\u00e0\u00a0 del tempo perch\u00e8 questo episodio sia compreso dai tre discepoli, e questo avverr\u00e0\u00a0 dopo la resurrezione di Ges\u00f9.<\/span><\/strong><\/p>\n<p style=\"text-align: justify;\"><strong><span style=\"font-family: arial, helvetica, sans-serif;\">Anche io in questo momento sto scendendo il monte della trasfigurazione e non ho tutte le idee chiare. Sento che Ges\u00f9 \u00e8 il mio punto di riferimento. Sento che le sue parole e quel che ha fatto sono davvero la risposta a tutte le mie domande e dubbi. Vedo che tantissime persone nella storia hanno trovato nella vita cristiana vissuta veramente un punto di forza anche nelle situazioni pi\u00f9 drammatiche.<\/span><\/strong><\/p>\n<p style=\"text-align: justify;\"><strong><span style=\"font-family: arial, helvetica, sans-serif;\">Faccio ancora fatica ad accettare Dio che schiaccia bottoni per questo o quel avvenimento, e penso proprio che non funzioni cos\u00ec. Non mi piace l&#8217;idea di Dio che fa e disfa cos\u00ec come gli pare e si nasconde dietro ad una incomprensibile volont\u00e0\u00a0 da accettare.<\/span><\/strong><\/p>\n<p style=\"text-align: justify;\"><strong><span style=\"font-family: arial, helvetica, sans-serif;\">Al mio amico che mi diceva della morte della suora ho risposto che quando anche io andr\u00f2 davanti a Lui avr\u00f2 un bel po&#8217; di domande da fare e una lista lunghissima di interrogativi.<\/span><\/strong><\/p>\n<p style=\"text-align: justify;\"><strong><span style=\"font-family: arial, helvetica, sans-serif;\">Ma ora mi voglio fidare di Ges\u00f9 e accolgo la luce interiore che mi sostiene tutte le volte che apro il Vangelo e mi parla di Lui, sul monte della preghiera. Mi fido e ascolto lui, solamente lui!<\/span><\/strong><\/p>\n<p style=\"text-align: justify;\"><span style=\"font-family: arial, helvetica, sans-serif;\">Giovanni don<\/span><\/p>\n","protected":false},"excerpt":{"rendered":"<p>DOMENICA 25 febbraio 2018 Seconda di Quaresima In quel tempo, Ges\u00f9 prese con s\u00e8 Pietro, Giacomo e Giovanni e li condusse su un alto monte, in disparte, loro soli. \u00a0 Fu trasfigurato davanti a loro e le sue vesti divennero splendenti, bianchissime: nessun lavandaio sulla terra potrebbe renderle cos\u00ec bianche. E apparve loro Elia con Mos\u00e8 e conversavano con Ges\u00f9. Prendendo la parola, Pietro disse a Ges\u00f9: \u00abRabb\u00ec, \u00e8 bello per noi essere qui; facciamo tre capanne, una per te, una per Mos\u00e8 e una per Elia\u00bb. Non sapeva infatti che cosa dire, perch\u00e8 erano spaventati. Venne una nube che<\/p>\n","protected":false},"author":1,"featured_media":0,"comment_status":"open","ping_status":"open","sticky":false,"template":"","format":"standard","meta":{"footnotes":""},"categories":[],"tags":[],"class_list":["post-2784","post","type-post","status-publish","format-standard","hentry"],"_links":{"self":[{"href":"https:\/\/www.gioba.it\/sito\/wp-json\/wp\/v2\/posts\/2784","targetHints":{"allow":["GET"]}}],"collection":[{"href":"https:\/\/www.gioba.it\/sito\/wp-json\/wp\/v2\/posts"}],"about":[{"href":"https:\/\/www.gioba.it\/sito\/wp-json\/wp\/v2\/types\/post"}],"author":[{"embeddable":true,"href":"https:\/\/www.gioba.it\/sito\/wp-json\/wp\/v2\/users\/1"}],"replies":[{"embeddable":true,"href":"https:\/\/www.gioba.it\/sito\/wp-json\/wp\/v2\/comments?post=2784"}],"version-history":[{"count":2,"href":"https:\/\/www.gioba.it\/sito\/wp-json\/wp\/v2\/posts\/2784\/revisions"}],"predecessor-version":[{"id":2787,"href":"https:\/\/www.gioba.it\/sito\/wp-json\/wp\/v2\/posts\/2784\/revisions\/2787"}],"wp:attachment":[{"href":"https:\/\/www.gioba.it\/sito\/wp-json\/wp\/v2\/media?parent=2784"}],"wp:term":[{"taxonomy":"category","embeddable":true,"href":"https:\/\/www.gioba.it\/sito\/wp-json\/wp\/v2\/categories?post=2784"},{"taxonomy":"post_tag","embeddable":true,"href":"https:\/\/www.gioba.it\/sito\/wp-json\/wp\/v2\/tags?post=2784"}],"curies":[{"name":"wp","href":"https:\/\/api.w.org\/{rel}","templated":true}]}}