{"id":279,"date":"2007-04-26T20:11:06","date_gmt":"2007-04-26T19:11:06","guid":{"rendered":"http:\/\/www.gioba.it\/?p=279"},"modified":"2007-04-26T20:11:06","modified_gmt":"2007-04-26T19:11:06","slug":"gesu-pastore-bizzarro","status":"publish","type":"post","link":"https:\/\/www.gioba.it\/sito\/2007\/04\/26\/gesu-pastore-bizzarro\/","title":{"rendered":"Ges\u00f9, Pastore Bizzarro&#8230;"},"content":{"rendered":"<p><strong>domenica 29 aprile 2007<\/strong><\/p>\n<p><a href='http:\/\/www.gioba.it\/sito\/wp-content\/uploads\/2007\/04\/il-buon-pastore.jpg' title='il-buon-pastore.jpg'><img src='http:\/\/www.gioba.it\/sito\/wp-content\/uploads\/2007\/04\/il-buon-pastore.miniatura.jpg' alt='il-buon-pastore.jpg' \/>clicca per ingrandire<\/a><\/p>\n<blockquote><p>In quel tempo, Ges\u00f9 disse: \u00abLe mie pecore ascoltano la mia voce e io le conosco ed esse mi seguono.<br \/>\nIo d\u00f2 loro la vita eterna e non andranno mai perdute e nessuno le rapir\u00e0\u00a0 dalla mia mano.<br \/>\nIl Padre mio che me le ha date \u00e8 pi\u00f9 grande di tutti e nessuno pu\u00f2 rapirle dalla mano del Padre mio. Io e il Padre siamo una cosa sola\u00bb.<br \/>\n(dal Vangelo della quarta domenica di Pasqua, Giovanni 10,27-30)<\/p><\/blockquote>\n<p><strong>Se fossi la pecora mi chiederei&#8230;<br \/>\nDove mi vuole portare questo pastore?<br \/>\nQuale \u00e8 il motivo per cui mi sta cos\u00ec vicino?<br \/>\nMa io mi fido veramente di lui?<br \/>\nE poi \u00e8 cos\u00ec strano&#8230; mette nel gregge pecore di tutti i tipi, anche quelle che altri greggi scartano!<br \/>\nHa detto che se viene un lupo o un ladro lui mi difender\u00e0\u00a0&#8230; ma ci credo?<br \/>\nNon mi conviene forse pascolarmi da me e decidere da sola dove andare?<br \/>\nNon \u00e8 meglio che mi faccia il mio piccolo gregge?<\/p>\n<p>E come cristiano mi domando&#8230;<br \/>\nGes\u00f9 \u00e8 il mio Pastore?<br \/>\nMa credo davvero che \u00e8  un &#8220;buon&#8221; pastore cos\u00ec come dicono?<br \/>\nPosso fidarmi di quello che mi dice e di dove mi porta?<br \/>\nCredo che le sue parole antiche nel Vangelo hanno ancora senso per me oggi, adesso?<\/p>\n<ul>\nQuale dubbio si affaccia alla mente e nel cuore&#8230;<br \/>\nChi \u00e8 il pastore che guida la mia vita adesso? Non \u00e8 forse il pubblicitario che non conosco di persona, ma che pensa la campagna di un prodotto per arrivare dritto ai miei desideri pi\u00f9 immediati e ne crea anche di nuovi?  Non sono forse guidato dal giudizio degli altri che continuamente nego mi condizioni ma in realt\u00e0\u00a0 \u00e8 la mia continua ossessione? Chi conduce le mie mosse nelle relazioni con gli altri?.. Forse<br \/>\nl&#8217;impulso del momento di ira, di gioia, di desiderio, di noia, di pregiudizio? E cos\u00ec le relazioni iniziano e finiscono senza motivo e senza apparente senso&#8230;<br \/>\nChi guida le mie scelte di vita? E chi guida anche le mie piccole scelte quotidiane quando inizio la giornata, quando sto con chi mi ama in famiglia, quando sto con gli amici, quando incontro qualcuno per strada, quando entro in un negozio, quando lavoro, quando incrocio qualcuno che non conosco, quando incontro il povero e il diverso da me? Chi mi guida e dove alla fine mi trovo?<br \/>\nChi \u00e8 il mio pastore e quale voce parla al profondo della mia coscienza?<\/p>\n<p>Devo farmi queste domande, perch\u00e8 se me le faccio forse \u00e8 segno che lo Spirito di Dio  si sta facendo spazio dentro la mia caotica vita. Se non mi faccio queste domande allora sono proprio una pecora sorda e ben presto destinata a perdersi perch\u00e8 non ascolta la voce del pastore che guida e protegge.<br \/>\nNon posso dare per scontata la mia fiducia in Dio e il mio legame con lui&#8230;<br \/>\nContinuamente devo aprire la mente e il cuore, e nella preghiera chiedermi se veramente mi sto lasciando condurre da Dio. Posso anche andare tutte le domeniche in chiesa e avere al collo tutte i segni della mia religione e nello stesso tempo cercare altri pastori e seguire altre voci&#8230; che non sono come la Sua.<\/ul>\n<p><\/strong><br \/>\nGiovannidon<\/p>\n","protected":false},"excerpt":{"rendered":"<p>domenica 29 aprile 2007 clicca per ingrandire In quel tempo, Ges\u00f9 disse: \u00abLe mie pecore ascoltano la mia voce e io le conosco ed esse mi seguono. Io d\u00f2 loro la vita eterna e non andranno mai perdute e nessuno le rapir\u00e0\u00a0 dalla mia mano. Il Padre mio che me le ha date \u00e8 pi\u00f9 grande di tutti e nessuno pu\u00f2 rapirle dalla mano del Padre mio. Io e il Padre siamo una cosa sola\u00bb. (dal Vangelo della quarta domenica di Pasqua, Giovanni 10,27-30) Se fossi la pecora mi chiederei&#8230; Dove mi vuole portare questo pastore? Quale \u00e8 il motivo<\/p>\n","protected":false},"author":1,"featured_media":0,"comment_status":"open","ping_status":"open","sticky":false,"template":"","format":"standard","meta":{"footnotes":""},"categories":[],"tags":[],"class_list":["post-279","post","type-post","status-publish","format-standard","hentry"],"_links":{"self":[{"href":"https:\/\/www.gioba.it\/sito\/wp-json\/wp\/v2\/posts\/279","targetHints":{"allow":["GET"]}}],"collection":[{"href":"https:\/\/www.gioba.it\/sito\/wp-json\/wp\/v2\/posts"}],"about":[{"href":"https:\/\/www.gioba.it\/sito\/wp-json\/wp\/v2\/types\/post"}],"author":[{"embeddable":true,"href":"https:\/\/www.gioba.it\/sito\/wp-json\/wp\/v2\/users\/1"}],"replies":[{"embeddable":true,"href":"https:\/\/www.gioba.it\/sito\/wp-json\/wp\/v2\/comments?post=279"}],"version-history":[{"count":0,"href":"https:\/\/www.gioba.it\/sito\/wp-json\/wp\/v2\/posts\/279\/revisions"}],"wp:attachment":[{"href":"https:\/\/www.gioba.it\/sito\/wp-json\/wp\/v2\/media?parent=279"}],"wp:term":[{"taxonomy":"category","embeddable":true,"href":"https:\/\/www.gioba.it\/sito\/wp-json\/wp\/v2\/categories?post=279"},{"taxonomy":"post_tag","embeddable":true,"href":"https:\/\/www.gioba.it\/sito\/wp-json\/wp\/v2\/tags?post=279"}],"curies":[{"name":"wp","href":"https:\/\/api.w.org\/{rel}","templated":true}]}}