{"id":2792,"date":"2018-03-09T09:55:19","date_gmt":"2018-03-09T09:55:19","guid":{"rendered":"http:\/\/www.gioba.it\/?p=2792"},"modified":"2018-03-09T10:04:51","modified_gmt":"2018-03-09T10:04:51","slug":"punti-luce","status":"publish","type":"post","link":"https:\/\/www.gioba.it\/sito\/2018\/03\/09\/punti-luce\/","title":{"rendered":"punti luce"},"content":{"rendered":"<p><a href=\"http:\/\/www.gioba.it\/sito\/wp-content\/uploads\/2018\/03\/messa-no-gratis-colored.jpg\"><img loading=\"lazy\" decoding=\"async\" class=\"alignleft wp-image-2793\" src=\"http:\/\/www.gioba.it\/sito\/wp-content\/uploads\/2018\/03\/messa-no-gratis-colored.jpg\" alt=\"\" width=\"593\" height=\"377\" \/><\/a><\/p>\n<p style=\"text-align: justify;\"><strong><span style=\"font-family: arial, helvetica, sans-serif;\">DOMENICA 11 marzo 2018<\/span><\/strong><\/p>\n<p style=\"text-align: justify;\"><strong><span style=\"font-family: arial, helvetica, sans-serif;\">Quarta di quaresima<\/span><\/strong><\/p>\n<blockquote>\n<p style=\"text-align: justify;\"><span style=\"font-family: arial, helvetica, sans-serif;\">In quel tempo, Ges\u00f9 disse a Nicod\u00e8mo: \u00a0<\/span><br \/>\n<span style=\"font-family: arial, helvetica, sans-serif;\"> \u00abCome Mos\u00e8 innalz\u00f2 il serpente nel deserto, cos\u00ec bisogna che sia innalzato il Figlio dell&#8217;uomo, perch\u00e8 chiunque crede in lui abbia la vita eterna.<\/span><br \/>\n<span style=\"font-family: arial, helvetica, sans-serif;\"> Dio infatti ha tanto amato il mondo da dare il Figlio unigenito perch\u00e8 chiunque crede in lui non vada perduto, ma abbia la vita eterna. Dio, infatti, non ha mandato il Figlio nel mondo per condannare il mondo, ma perch\u00e8 il mondo sia salvato per mezzo di lui. Chi crede in lui non \u00e8 condannato; ma chi non crede \u00e8 gi\u00e0\u00a0 stato condannato, perch\u00e8 non ha creduto nel nome dell&#8217;unigenito Figlio di Dio. \u00a0<\/span><br \/>\n<span style=\"font-family: arial, helvetica, sans-serif;\"> E il giudizio \u00e8 questo: la luce \u00e8 venuta nel mondo, ma gli uomini hanno amato pi\u00f9 le tenebre che la luce, perch\u00e8 le loro opere erano malvagie. Chiunque infatti fa il male, odia la luce, e non viene alla luce perch\u00e8 le sue opere non vengano riprovate. Invece chi fa la verit\u00e0\u00a0 viene verso la luce, perch\u00e8 appaia chiaramente che le sue opere sono state fatte in Dio\u00bb.<\/span><\/p>\n<p style=\"text-align: justify;\"><span style=\"font-family: arial, helvetica, sans-serif;\">(dal Vangelo di Giovanni 3,14-21)<\/span><\/p>\n<\/blockquote>\n<p style=\"text-align: justify;\"><strong><span style=\"font-family: arial, helvetica, sans-serif;\">&#8220;Una luce nella notte&#8221; era il nome dato, una ventina di anni fa, ad una esperienza di un gruppo di giovani, che nella diocesi di Verona aveva iniziato a tenere aperte le chiese della citt\u00e0\u00a0 anche durante la notte dei weekend in orari nei quali solitamente le chiese sono chiuse e non ci sono celebrazioni. Nei fine settimana i grossi centri abitati e in particolare le citt\u00e0\u00a0, alla sera accendono ancora di pi\u00f9 le luci e la gente tende a trascorrere la sera e la notte sveglia, in giro per le strade con i locali aperti. C&#8217;\u00e8 chi lavora e chi si diverte e la vita notturna diventa particolarmente animata. Ecco allora l&#8217;idea di aprire le porte delle chiese, organizzare magari qualche momento di preghiera, fare in modo che ci sia qualcuno per un dialogo o la confessione, per dire che ogni ora della propria vita \u00e8 buona per coltivare la propria fede e l&#8217;incontro con Dio. La notte in genere \u00e8 simbolo di tutti quei momenti bui della vita nei quali tante volte ci troviamo, anche in pieno giorno: quando un lutto spegne la nostra gioia, quando una situazione economica getta ombre sul futuro nostro e nella nostra famiglia, quando la malattia ci fa entrare improvvisamente in tunnel dove la luce dell&#8217;uscita sembra lontana. La fede pu\u00f2 essere una luce in questi momenti di oscurit\u00e0\u00a0 esistenziale e spirituale? Oppure anche la luce di Dio si spegne improvvisamente e cos\u00ec la nostra vita religiosa?<\/span><\/strong><\/p>\n<p style=\"text-align: justify;\"><strong><span style=\"font-family: arial, helvetica, sans-serif;\">Il Vangelo ci riporta un pezzo del lungo dialogo che Ges\u00f9 ha con questo fariseo, Nicodemo, che di si reca da lui. Questo dialogo si svolge di notte, secondo il racconto dell&#8217;evangelista, una notte fuori e molto probabilmente dentro Nicodemo. Nel cammino di vita e di fede di questo fariseo ci sono molte luci e ombre, sicurezze e dubbi, successi e fallimenti personali. E cos\u00ec si rivolge a questo Maestro di Galilea per avere qualche risposta, per avere una luce interiore.<\/span><\/strong><\/p>\n<p style=\"text-align: justify;\"><strong><span style=\"font-family: arial, helvetica, sans-serif;\">Forse anche per noi le cose dette da Ges\u00f9 a Nicodemo possono diventare una luce da seguire.<\/span><\/strong><\/p>\n<p style=\"text-align: justify;\"><strong><span style=\"font-family: arial, helvetica, sans-serif;\">Ges\u00f9 parla della sua croce, quando parla del serpente innalzato nel deserto come strumento di salvezza, facendo riferimento ad un evento ben conosciuto da Nicodemo: Mos\u00e8 mettendo su un palo un serpente, aveva salvato dalla morte gli israeliti morsi dai serpenti. La croce e colui che \u00e8 crocifisso, Ges\u00f9, che che troviamo alti anche sui nostri altari e chiese e anche nelle case, ci parlano di questo dono di salvezza. Dio dona s\u00e8 stesso con Amore (il Padre dona il Figlio attraverso lo Spirito Santo) per salvare e non per condannare. Il crocifisso \u00e8 Dio stesso che sale sulle nostre croci e condivide la nostra vita.<\/span><\/strong><\/p>\n<p style=\"text-align: justify;\"><strong><span style=\"font-family: arial, helvetica, sans-serif;\">Credere in Dio non \u00e8 solo questione di ragionamento, ma di dono concreto di vita, di amore vero anche quando costa, anzi proprio perch\u00e8 costa sacrificio e rinuncia. L&#8217;amare \u00e8 pi\u00f9 di un moto mentale, non \u00e8 solo una parola formulata nella testa, ma \u00e8 vita concreta, sono gesti concreti che generano vita e felicit\u00e0\u00a0 altrui e alla fine fanno vivere noi che siamo creati per amare. E&#8217; questa la croce che dona vita eterna, cio\u00e8 vita pienamente realizzata.<\/span><\/strong><\/p>\n<p style=\"text-align: justify;\"><strong><span style=\"font-family: arial, helvetica, sans-serif;\">Questa luce illumina davvero la notte nostra e di chi ci sta accanto. Amare con e come Ges\u00f9 ci rende eterni, cio\u00e8 portatori di vita vera. C&#8217;\u00e8 chi non ama questa luce, e sono coloro che preferiscono vivere all&#8217;ombra dell&#8217;egoismo e della chiusura in s\u00e8 stessi. La luce dell&#8217;amore d\u00e0\u00a0 fastidio a chi \u00e8 disonesto, violento, razzista, bullo, giudicante, malizioso, guerrafondaio. Ma proprio per questo Ges\u00f9 \u00e8 salito sulla croce perch\u00e8 quella morte diventasse un faro che non si pu\u00f2 spegnere nella storia. Ges\u00f9 invita Nicodemo ad entrare in questa luce, accoglierla e diventarne portatore. E fa lo stesso con noi.<\/span><\/strong><\/p>\n<p style=\"text-align: justify;\"><strong><span style=\"font-family: arial, helvetica, sans-serif;\">Anche se le chiese non possono rimanere aperte sempre di notte, e come luoghi pubblici non possono certo competere con altri luoghi di divertimento ben pi\u00f9 luminosi durante le notti dei weekend, possiamo noi stessi come cristiani diventare &#8220;punti di luce&#8221; nella notte del nostro mondo. Basta a volte un sorriso come quello di Ges\u00f9 a chi era solo e giudicato. Bastano piccoli gesti di gentilezza verso chi ci sta accanto. Basta ascoltare con pazienza chi ha bisogno di ascolto proprio come Ges\u00f9 che non era mai sordo alle richieste di aiuto. Basta aprire le nostre mani e le nostre braccia come Ges\u00f9 sulla croce per dare qualcosa di nostro senza dover trattenere tutto, e per dare alla fine noi stessi senza paura. Basta questo per farci diventare &#8220;punti luce&#8221; in ogni notte, compresa la nostra.<\/span><\/strong><\/p>\n<p style=\"text-align: justify;\"><span style=\"font-family: arial, helvetica, sans-serif;\">Giovanni don<\/span><\/p>\n","protected":false},"excerpt":{"rendered":"<p>DOMENICA 11 marzo 2018 Quarta di quaresima In quel tempo, Ges\u00f9 disse a Nicod\u00e8mo: \u00a0 \u00abCome Mos\u00e8 innalz\u00f2 il serpente nel deserto, cos\u00ec bisogna che sia innalzato il Figlio dell&#8217;uomo, perch\u00e8 chiunque crede in lui abbia la vita eterna. Dio infatti ha tanto amato il mondo da dare il Figlio unigenito perch\u00e8 chiunque crede in lui non vada perduto, ma abbia la vita eterna. Dio, infatti, non ha mandato il Figlio nel mondo per condannare il mondo, ma perch\u00e8 il mondo sia salvato per mezzo di lui. Chi crede in lui non \u00e8 condannato; ma chi non crede \u00e8 gi\u00e0\u00a0<\/p>\n","protected":false},"author":1,"featured_media":0,"comment_status":"open","ping_status":"open","sticky":false,"template":"","format":"standard","meta":{"footnotes":""},"categories":[],"tags":[],"class_list":["post-2792","post","type-post","status-publish","format-standard","hentry"],"_links":{"self":[{"href":"https:\/\/www.gioba.it\/sito\/wp-json\/wp\/v2\/posts\/2792","targetHints":{"allow":["GET"]}}],"collection":[{"href":"https:\/\/www.gioba.it\/sito\/wp-json\/wp\/v2\/posts"}],"about":[{"href":"https:\/\/www.gioba.it\/sito\/wp-json\/wp\/v2\/types\/post"}],"author":[{"embeddable":true,"href":"https:\/\/www.gioba.it\/sito\/wp-json\/wp\/v2\/users\/1"}],"replies":[{"embeddable":true,"href":"https:\/\/www.gioba.it\/sito\/wp-json\/wp\/v2\/comments?post=2792"}],"version-history":[{"count":2,"href":"https:\/\/www.gioba.it\/sito\/wp-json\/wp\/v2\/posts\/2792\/revisions"}],"predecessor-version":[{"id":2795,"href":"https:\/\/www.gioba.it\/sito\/wp-json\/wp\/v2\/posts\/2792\/revisions\/2795"}],"wp:attachment":[{"href":"https:\/\/www.gioba.it\/sito\/wp-json\/wp\/v2\/media?parent=2792"}],"wp:term":[{"taxonomy":"category","embeddable":true,"href":"https:\/\/www.gioba.it\/sito\/wp-json\/wp\/v2\/categories?post=2792"},{"taxonomy":"post_tag","embeddable":true,"href":"https:\/\/www.gioba.it\/sito\/wp-json\/wp\/v2\/tags?post=2792"}],"curies":[{"name":"wp","href":"https:\/\/api.w.org\/{rel}","templated":true}]}}