{"id":2824,"date":"2018-04-27T17:51:38","date_gmt":"2018-04-27T17:51:38","guid":{"rendered":"http:\/\/www.gioba.it\/?p=2824"},"modified":"2018-04-27T17:51:38","modified_gmt":"2018-04-27T17:51:38","slug":"e-sempre-prima-comunione","status":"publish","type":"post","link":"https:\/\/www.gioba.it\/sito\/2018\/04\/27\/e-sempre-prima-comunione\/","title":{"rendered":"\u00e8 sempre prima comunione"},"content":{"rendered":"<p style=\"text-align: justify;\"><a href=\"http:\/\/www.gioba.it\/sito\/wp-content\/uploads\/2018\/04\/prima-comunione-indimenticabile-colored.jpg\"><img loading=\"lazy\" decoding=\"async\" class=\"alignleft  wp-image-2825\" src=\"http:\/\/www.gioba.it\/sito\/wp-content\/uploads\/2018\/04\/prima-comunione-indimenticabile-colored.jpg\" alt=\"\" width=\"592\" height=\"423\" \/><\/a><\/p>\n<p style=\"text-align: justify;\"><strong><span style=\"font-family: arial, helvetica, sans-serif;\">DOMENICA 29 aprile 2018<\/span><\/strong><\/p>\n<p style=\"text-align: justify;\"><strong><span style=\"font-family: arial, helvetica, sans-serif;\">Quinta di Pasqua<\/span><\/strong><\/p>\n<p style=\"text-align: justify;\">\n<blockquote>\n<p style=\"text-align: justify;\"><span style=\"font-family: arial, helvetica, sans-serif;\">In quel tempo, Ges\u00f9 disse ai suoi discepoli: \u00abIo sono la vite vera e il Padre mio \u00e8 l&#8217;agricoltore. Ogni tralcio che in me non porta frutto, lo taglia, e ogni tralcio che porta frutto, lo pota perch\u00e8 porti pi\u00f9 frutto. Voi siete gi\u00e0\u00a0 puri, a causa della parola che vi ho annunciato.<\/span><br \/>\n<span style=\"font-family: arial, helvetica, sans-serif;\"> Rimanete in me e io in voi. Come il tralcio non pu\u00f2 portare frutto da se stesso se non rimane nella vite, cos\u00ec neanche voi se non rimanete in me. Io sono la vite, voi i tralci. Chi rimane in me, e io in lui, porta molto frutto, perch\u00e8 senza di me non potete far nulla. Chi non rimane in me viene gettato via come il tralcio e secca; poi lo raccolgono, lo gettano nel fuoco e lo bruciano. \u00a0<\/span><br \/>\n<span style=\"font-family: arial, helvetica, sans-serif;\"> Se rimanete in me e le mie parole rimangono in voi, chiedete quello che volete e vi sar\u00e0\u00a0 fatto. In questo \u00e8 glorificato il Padre mio: che portiate molto frutto e diventiate miei discepoli\u00bb.<\/span><\/p>\n<p style=\"text-align: justify;\"><span style=\"font-family: arial, helvetica, sans-serif;\">(dal Vangelo di Giovanni 15,1-8)<\/span><\/p>\n<\/blockquote>\n<p style=\"text-align: justify;\">\n<p style=\"text-align: justify;\"><strong><span style=\"font-family: arial, helvetica, sans-serif;\">Nella nostra comunit\u00e0\u00a0 parrocchiale questa domenica i bambini della classe quarta elementare vivranno la loro prima comunione. Iniziando le prove della celebrazione ho detto ai bambini che la messa di domenica non \u00e8 importante solo per loro ma per tutta la parrocchia, per le loro famiglie e anche per me come parroco.<\/span><\/strong><\/p>\n<p style=\"text-align: justify;\"><strong><span style=\"font-family: arial, helvetica, sans-serif;\">Questa celebrazione \u00a0 diventa l&#8217;occasione per tutti per ricordare e rinnovare il significato profondo di questo rito: la comunione eucaristica, e cio\u00e8 mangiare quel pane che \u00e8 Ges\u00f9 stesso, e che racchiude la sua vita, che fa diventare la nostra come la sua e la sua come la nostra.<\/span><\/strong><\/p>\n<p style=\"text-align: justify;\"><strong><span style=\"font-family: arial, helvetica, sans-serif;\">La parola &#8220;comunione&#8221; non rimanda solo al gesto materiale di &#8220;mangiare la particola&#8221;, ma tutto uno stile di vita e di fede.<\/span><\/strong><\/p>\n<p style=\"text-align: justify;\"><strong><span style=\"font-family: arial, helvetica, sans-serif;\">Per capire questa parola e il gesto del &#8220;fare la comunione&#8221; (che per i bambini domenica sar\u00e0\u00a0 per la prima volta) \u00e8 davvero provvidenziale il vangelo che questa domenica viene letto durante la messa.<\/span><\/strong><\/p>\n<p style=\"text-align: justify;\"><strong><span style=\"font-family: arial, helvetica, sans-serif;\">Ges\u00f9 per parlare del legame tra lui e i suoi discepoli, tra lui stesso e Dio Padre, e il legame tra Dio e gli uomini, usa l&#8217;immagine della vigna e dei tralci. Ges\u00f9 ovviamente pesca dalla lunga tradizione ebraica della vigna come immagine del popolo di Dio, ma anche per noi oggi, che siamo lontani da quella tradizione, questo esempio \u00e8 particolarmente efficace per il nostro cammino di fede.<\/span><\/strong><\/p>\n<p style=\"text-align: justify;\"><strong><span style=\"font-family: arial, helvetica, sans-serif;\">La vigna con il suo tronco di base che si allunga in lunghi e contorti tralci, ai quali sono appesi gli abbondanti frutti dell&#8217;uva, ci aiuta a comprendere l&#8217;importanza fondamentale del legame vitale che c&#8217;\u00e8 tra noi e Cristo. Cristo \u00e8 la vite, cio\u00e8 la base da cui nasce tutto e che estende la sua presenza fino al pi\u00f9 periferico dei tralci, al pi\u00f9 lontano dei discepoli. La Chiesa, comunit\u00e0\u00a0 dei credenti, \u00e8 formata da tante persone, diverse, e a volte molto distanti tra loro per stile di vita, per interessi, per et\u00e0\u00a0, per successi di vita, per capacit\u00e0\u00a0&#8230; Eppure tutti alla fine hanno in Cristo l&#8217;unica origine, il legame profondo vitale che va coltivato e favorito. Ogni tralcio della vite pu\u00f2 portare molto frutto, cos\u00ec come ogni persona della comunit\u00e0\u00a0 cristiana pu\u00f2 portare il suo frutto di testimonianza e portare il bene di Cristo nel mondo. Come richiama l&#8217;immagine della vigna, \u00e8 importante ricordare che il legame con l&#8217;origine, Cristo, \u00e8 fondamentale, altrimenti la linfa vitale che genera il frutto si interrompe e tutto si secca.<\/span><\/strong><\/p>\n<p style=\"text-align: justify;\"><strong><span style=\"font-family: arial, helvetica, sans-serif;\">Ecco cosa significa la parola &#8220;comunione&#8221; prima di tutto: rimanere uniti a Cristo sapendo che in questa unione alla fine ritroviamo Dio stesso, che ha creato la nostra vita, e vuole che porti tutto il frutto di bene che pu\u00f2 portare. La comunione con Ges\u00f9 \u00e8 possibile nell&#8217;ascolto della sua parola, nel mettere in pratica i suoi insegnamenti, non tagliando quel legame iniziato con il battesimo. Senza vangelo, senza vita vissuta per amore si taglia il legame con Cristo, e alla fine la nostra vita cristiana si secca e diventa una inutile facciata.<\/span><\/strong><\/p>\n<p style=\"text-align: justify;\"><strong><span style=\"font-family: arial, helvetica, sans-serif;\">Coltiviamo dunque la comunione con il Signore Ges\u00f9, non tagliando il legame con la sua comunit\u00e0\u00a0, quella Chiesa che lui ha iniziato a generare dal suo tronco con i primi discepoli. Noi oggi, cristiani sparsi in tutto il mondo, siamo come i tralci pi\u00f9 remoti di quella vigna iniziata con Ges\u00f9 di Nazareth e i suoi primi amici. Nel corso dei secoli, grazie alla testimonianza, alla tenacia e alla generosit\u00e0\u00a0 di tanti testimoni di fede, quel legame non si \u00e8 interrotto, e la comunione con Cristo non si \u00e8 spazzata. Certamente si sono creati molti rami secchi e molte volte la linfa vitale del Vangelo si \u00e8 inaridita e i frutti di bene sono venuti a mancare nella storia della Chiesa. Ma nonostante questo ancora oggi la vigna di Dio, cio\u00e8 la Comunit\u00e0\u00a0 dei battezzati, \u00e8 ancora viva e vitale anche in noi. E la Chiesa, vigna di Dio, vive anche attraverso la vita di questi bambini che celebrano la prima comunione questa domenica. <\/span><\/strong><br \/>\n<strong><span style=\"font-family: arial, helvetica, sans-serif;\"> Quando penso al termine &#8220;prima&#8221; non voglio solo pensare ad un ordine cronologico, ma a un significato di valore. Con Cristo abbiamo la prima comunione, cio\u00e8 il principale legame che pu\u00f2 far si che la vita, in qualsiasi situazione si trovi, porti un frutto abbondante di bene e di amore che rende gloria a Dio, pi\u00f9 di qualsiasi edificio, statua o offerta materiale. Quindi tutti noi, anche dopo tanti anni dalla prima volta che abbiamo &#8220;mangiato la particola&#8221;, siamo chiamati a fare la prima comunione, a coltivare quel legame primario e fondamentale che permette all&#8217;amore di Dio di scorrere dentro la nostra vita e renderla fruttuosa per il mondo.<\/span><\/strong><\/p>\n<p style=\"text-align: justify;\"><span style=\"font-family: arial, helvetica, sans-serif;\">Giovanni don<\/span><\/p>\n","protected":false},"excerpt":{"rendered":"<p>DOMENICA 29 aprile 2018 Quinta di Pasqua In quel tempo, Ges\u00f9 disse ai suoi discepoli: \u00abIo sono la vite vera e il Padre mio \u00e8 l&#8217;agricoltore. Ogni tralcio che in me non porta frutto, lo taglia, e ogni tralcio che porta frutto, lo pota perch\u00e8 porti pi\u00f9 frutto. Voi siete gi\u00e0\u00a0 puri, a causa della parola che vi ho annunciato. Rimanete in me e io in voi. Come il tralcio non pu\u00f2 portare frutto da se stesso se non rimane nella vite, cos\u00ec neanche voi se non rimanete in me. Io sono la vite, voi i tralci. Chi rimane in<\/p>\n","protected":false},"author":1,"featured_media":0,"comment_status":"open","ping_status":"open","sticky":false,"template":"","format":"standard","meta":{"footnotes":""},"categories":[],"tags":[],"class_list":["post-2824","post","type-post","status-publish","format-standard","hentry"],"_links":{"self":[{"href":"https:\/\/www.gioba.it\/sito\/wp-json\/wp\/v2\/posts\/2824","targetHints":{"allow":["GET"]}}],"collection":[{"href":"https:\/\/www.gioba.it\/sito\/wp-json\/wp\/v2\/posts"}],"about":[{"href":"https:\/\/www.gioba.it\/sito\/wp-json\/wp\/v2\/types\/post"}],"author":[{"embeddable":true,"href":"https:\/\/www.gioba.it\/sito\/wp-json\/wp\/v2\/users\/1"}],"replies":[{"embeddable":true,"href":"https:\/\/www.gioba.it\/sito\/wp-json\/wp\/v2\/comments?post=2824"}],"version-history":[{"count":1,"href":"https:\/\/www.gioba.it\/sito\/wp-json\/wp\/v2\/posts\/2824\/revisions"}],"predecessor-version":[{"id":2826,"href":"https:\/\/www.gioba.it\/sito\/wp-json\/wp\/v2\/posts\/2824\/revisions\/2826"}],"wp:attachment":[{"href":"https:\/\/www.gioba.it\/sito\/wp-json\/wp\/v2\/media?parent=2824"}],"wp:term":[{"taxonomy":"category","embeddable":true,"href":"https:\/\/www.gioba.it\/sito\/wp-json\/wp\/v2\/categories?post=2824"},{"taxonomy":"post_tag","embeddable":true,"href":"https:\/\/www.gioba.it\/sito\/wp-json\/wp\/v2\/tags?post=2824"}],"curies":[{"name":"wp","href":"https:\/\/api.w.org\/{rel}","templated":true}]}}