{"id":3066,"date":"2019-05-25T09:12:05","date_gmt":"2019-05-25T09:12:05","guid":{"rendered":"http:\/\/www.gioba.it\/?p=3066"},"modified":"2019-05-25T09:12:05","modified_gmt":"2019-05-25T09:12:05","slug":"lamore-casa-di-dio","status":"publish","type":"post","link":"https:\/\/www.gioba.it\/sito\/2019\/05\/25\/lamore-casa-di-dio\/","title":{"rendered":"l&#8217;amore casa di Dio"},"content":{"rendered":"<p style=\"text-align: justify;\"><a href=\"http:\/\/www.gioba.it\/sito\/wp-content\/uploads\/2019\/05\/cristiani-spiritosi-colored.jpg\"><img loading=\"lazy\" decoding=\"async\" class=\"alignleft  wp-image-3067\" src=\"http:\/\/www.gioba.it\/sito\/wp-content\/uploads\/2019\/05\/cristiani-spiritosi-colored.jpg\" alt=\"\" width=\"591\" height=\"541\" \/><\/a><\/p>\n<p style=\"text-align: justify;\"><strong><span style=\"font-family: arial, helvetica, sans-serif;\">DOMENICA 26 maggio 2019<\/span><\/strong><\/p>\n<p style=\"text-align: justify;\"><strong><span style=\"font-family: arial, helvetica, sans-serif;\">Sesta di Pasqua<\/span><\/strong><\/p>\n<p style=\"text-align: justify;\">\n<blockquote>\n<p style=\"text-align: justify;\"><span style=\"font-family: arial, helvetica, sans-serif;\">In quel tempo, Ges\u00f9 disse [ai suoi discepoli]: \u00a0<\/span><\/p>\n<p style=\"text-align: justify;\"><span style=\"font-family: arial, helvetica, sans-serif;\">\u00abSe uno mi ama, osserver\u00e0\u00a0 la mia parola e il Padre mio lo amer\u00e0\u00a0 e noi verremo a lui e prenderemo dimora presso di lui. Chi non mi ama, non osserva le mie parole; e la parola che voi ascoltate non \u00e8 mia, ma del Padre che mi ha mandato.<\/span><\/p>\n<p style=\"text-align: justify;\"><span style=\"font-family: arial, helvetica, sans-serif;\">Vi ho detto queste cose mentre sono ancora presso di voi. Ma il Par\u00e0\u00a0clito, lo Spirito Santo che il Padre mander\u00e0\u00a0 nel mio nome, lui vi insegner\u00e0\u00a0 ogni cosa e vi ricorder\u00e0\u00a0 tutto ci\u00f2 che io vi ho detto. \u00a0<\/span><\/p>\n<p style=\"text-align: justify;\"><span style=\"font-family: arial, helvetica, sans-serif;\">Vi lascio la pace, vi do la mia pace. Non come la d\u00e0\u00a0 il mondo, io la do a voi. Non sia turbato il vostro cuore e non abbia timore. \u00a0<\/span><\/p>\n<p style=\"text-align: justify;\"><span style=\"font-family: arial, helvetica, sans-serif;\">Avete udito che vi ho detto: &#8220;Vado e torner\u00f2 da voi&#8221;. Se mi amaste, vi rallegrereste che io vado al Padre, perch\u00e8 il Padre \u00e8 pi\u00f9 grande di me. Ve l&#8217;ho detto ora, prima che avvenga, perch\u00e8, quando avverr\u00e0\u00a0, voi crediate\u00bb.<\/span><\/p>\n<p style=\"text-align: justify;\"><span style=\"font-family: arial, helvetica, sans-serif;\">(dal Vangelo di Giovanni 14,23-29)<\/span><\/p>\n<\/blockquote>\n<p style=\"text-align: justify;\">\n<p style=\"text-align: justify;\"><strong><span style=\"font-family: arial, helvetica, sans-serif;\">&#8220;Ecco i cieli e i cieli dei cieli non possono contenerti, tanto meno questa casa che io ho costruita!&#8221;, dice il Re Salomone dopo aver costruito il primo grande Tempio di Gerusalemme (primo libro dei Re 8,27).<\/span><\/strong><\/p>\n<p style=\"text-align: justify;\"><strong><span style=\"font-family: arial, helvetica, sans-serif;\">Salomone sa che il grande Tempio \u00e8 un luogo sacro che ricorda Dio, ma non lo potr\u00e0\u00a0 mai contenere del tutto. E lo dice anche riguardo i cieli dei cieli, con le conoscenze dell&#8217;universo che si avevano allora.<\/span><\/strong><br \/>\n<strong><span style=\"font-family: arial, helvetica, sans-serif;\">Oggi noi sappiamo qualcosa in pi\u00f9 dell&#8217;universo e della sua vastit\u00e0\u00a0. Ci sono documentari con immagini che tentano di spiegarci quanto \u00e8 vasto l&#8217;universo e quanto piccoli siamo noi. Spesso noi alziamo gli occhi in alto pensando a Dio, sia per chiedergli qualcosa ma anche per domandarci &#8220;dove sei?&#8221;, tutte quelle volte in cui davvero Dio sembra assente o addirittura inventato.<\/span><\/strong><\/p>\n<p style=\"text-align: justify;\"><strong><span style=\"font-family: arial, helvetica, sans-serif;\">Ges\u00f9 ai suoi discepoli la sera dell&#8217;ultima cena, a poche ore dal pi\u00f9 grande gesto di amore che far\u00e0\u00a0 per loro e per l&#8217;umanit\u00e0\u00a0, dice: &#8220;Se uno mi ama, osserver\u00e0\u00a0 la mia parola e il Padre mio lo amer\u00e0\u00a0 e noi verremo a lui e prenderemo dimora presso di lui&#8221;.<\/span><\/strong><\/p>\n<p style=\"text-align: justify;\"><strong><span style=\"font-family: arial, helvetica, sans-serif;\">Rivoluzione copernicana della fede! Rivelazione shock per chi alza gli occhi al cielo in cerca di Dio!<\/span><\/strong><br \/>\n<strong><span style=\"font-family: arial, helvetica, sans-serif;\">La dimora di Dio \u00e8 nel cuore dell&#8217;uomo che ama! Si, proprio nell&#8217;amore concreto e reale dell&#8217;uomo, Dio \u00e8 presente ed ha la sua casa. Quale amore? Ovviamente quello di Ges\u00f9 uomo, cos\u00ec come lui ha continuamente insegnato ai suoi discepoli. Amare Ges\u00f9 non \u00e8 solamente un sentimento astratto, ma una scelta di seguire il suo stile, di fare nostre le sue parole e i suoi gesti. Questo \u00e8 l&#8217;amore che ci trasforma in casa di Dio.<\/span><\/strong><\/p>\n<p style=\"text-align: justify;\"><strong><span style=\"font-family: arial, helvetica, sans-serif;\">Ges\u00f9 incrocia gli occhi increduli dei suoi amici e discepoli e nei loro occhi vede anche i nostri, che oggi sono pi\u00f9 scettici che sbalorditi! Infatti \u00e8 bene riconoscere che queste parole di Ges\u00f9 sono belle ma a noi oggi appaiono davvero impossibili. Cosa vuol dire che Dio abita nel nostro cuore? Non \u00e8 ridurre Dio? Forse in fondo la storia di Dio \u00e8 una invenzione consolatoria dell&#8217;uomo per affrontare la durezza della vita e le cattiverie umane?<\/span><\/strong><\/p>\n<p style=\"text-align: justify;\"><strong><span style=\"font-family: arial, helvetica, sans-serif;\">Ges\u00f9 vede i nostri occhi dentro gli occhi dei suoi discepoli e la sua risposta \u00e8 anche per noi.<\/span><\/strong><\/p>\n<p style=\"text-align: justify;\"><strong><span style=\"font-family: arial, helvetica, sans-serif;\">Promette a loro e a noi lo Spirito Santo, che lui chiama Par\u00e0\u00a0clito, che significa pi\u00f9 o meno &#8220;avvocato difensore&#8221;. Lo Spirito Santo, \u00e8 Dio stesso che fa in modo che le parole di Ges\u00f9 che troviamo nei Vangeli non siano letteratura antica ma storia attuale da vivere oggi. Lo Spirito Santo agisce nel nostro cuore umano quando siamo spinti ad amare, a donare noi stessi, a vivere per quel che possiamo la nostra fede nell&#8217;amore. Lo Spirito Santo ci fa sentire le parole di Ges\u00f9 &#8220;per noi&#8221; e non impossibili, nonostante tutte le difficolt\u00e0\u00a0 e scetticismi.<\/span><\/strong><\/p>\n<p style=\"text-align: justify;\"><strong><span style=\"font-family: arial, helvetica, sans-serif;\">Lo Spirito Santo che Sant&#8217;Agostino definisce l&#8217;amore che lega Dio Padre con Dio Figlio, dilata il nostro cuore rendendolo pi\u00f9 grande dell&#8217;immenso universo, pi\u00f9 grande dei cieli dei cieli, cos\u00ec che allora Dio ci pu\u00f2 stare comodamente e viverci.<\/span><\/strong><\/p>\n<p style=\"text-align: justify;\"><strong><span style=\"font-family: arial, helvetica, sans-serif;\">Se alzo gli occhi al cielo in cerca di Dio magari posso rimanere deluso, ma se guardo davanti a me e cerco i segni dell&#8217;amore allora \u00e8 pi\u00f9 facile che intraveda Dio all&#8217;opera. Posso contemplare Dio nelle mie mani quando accarezzano, quando si prendono cura di qualcuno, quando si aprono in gesti di pace e riconciliazione, quando stringono mani per risollevare o salvare, quando si uniscono in una preghiera per qualcuno e nella comunit\u00e0\u00a0. Ecco dove abita Dio, ecco la sua dimora immensa pi\u00f9 grande di ogni universo: le mie mani, le mani della comunit\u00e0\u00a0 cristiana e anche le mani, di qualsiasi colore, cultura e persino religione, che si aprono all&#8217;amore. Dio trova casa proprio li.<\/span><\/strong><\/p>\n<p style=\"text-align: justify;\"><span style=\"font-family: arial, helvetica, sans-serif;\">Giovanni don<\/span><\/p>\n","protected":false},"excerpt":{"rendered":"<p>DOMENICA 26 maggio 2019 Sesta di Pasqua In quel tempo, Ges\u00f9 disse [ai suoi discepoli]: \u00a0 \u00abSe uno mi ama, osserver\u00e0\u00a0 la mia parola e il Padre mio lo amer\u00e0\u00a0 e noi verremo a lui e prenderemo dimora presso di lui. Chi non mi ama, non osserva le mie parole; e la parola che voi ascoltate non \u00e8 mia, ma del Padre che mi ha mandato. Vi ho detto queste cose mentre sono ancora presso di voi. Ma il Par\u00e0\u00a0clito, lo Spirito Santo che il Padre mander\u00e0\u00a0 nel mio nome, lui vi insegner\u00e0\u00a0 ogni cosa e vi ricorder\u00e0\u00a0 tutto ci\u00f2<\/p>\n","protected":false},"author":1,"featured_media":0,"comment_status":"open","ping_status":"open","sticky":false,"template":"","format":"standard","meta":{"footnotes":""},"categories":[],"tags":[],"class_list":["post-3066","post","type-post","status-publish","format-standard","hentry"],"_links":{"self":[{"href":"https:\/\/www.gioba.it\/sito\/wp-json\/wp\/v2\/posts\/3066","targetHints":{"allow":["GET"]}}],"collection":[{"href":"https:\/\/www.gioba.it\/sito\/wp-json\/wp\/v2\/posts"}],"about":[{"href":"https:\/\/www.gioba.it\/sito\/wp-json\/wp\/v2\/types\/post"}],"author":[{"embeddable":true,"href":"https:\/\/www.gioba.it\/sito\/wp-json\/wp\/v2\/users\/1"}],"replies":[{"embeddable":true,"href":"https:\/\/www.gioba.it\/sito\/wp-json\/wp\/v2\/comments?post=3066"}],"version-history":[{"count":1,"href":"https:\/\/www.gioba.it\/sito\/wp-json\/wp\/v2\/posts\/3066\/revisions"}],"predecessor-version":[{"id":3068,"href":"https:\/\/www.gioba.it\/sito\/wp-json\/wp\/v2\/posts\/3066\/revisions\/3068"}],"wp:attachment":[{"href":"https:\/\/www.gioba.it\/sito\/wp-json\/wp\/v2\/media?parent=3066"}],"wp:term":[{"taxonomy":"category","embeddable":true,"href":"https:\/\/www.gioba.it\/sito\/wp-json\/wp\/v2\/categories?post=3066"},{"taxonomy":"post_tag","embeddable":true,"href":"https:\/\/www.gioba.it\/sito\/wp-json\/wp\/v2\/tags?post=3066"}],"curies":[{"name":"wp","href":"https:\/\/api.w.org\/{rel}","templated":true}]}}