{"id":3092,"date":"2019-06-28T18:14:28","date_gmt":"2019-06-28T18:14:28","guid":{"rendered":"http:\/\/www.gioba.it\/?p=3092"},"modified":"2019-06-28T18:16:00","modified_gmt":"2019-06-28T18:16:00","slug":"3092","status":"publish","type":"post","link":"https:\/\/www.gioba.it\/sito\/2019\/06\/28\/3092\/","title":{"rendered":""},"content":{"rendered":"<p style=\"text-align: justify;\"><a href=\"http:\/\/www.gioba.it\/sito\/wp-content\/uploads\/2019\/06\/seguire-Ges\u00f9-colored.jpg\"><img loading=\"lazy\" decoding=\"async\" class=\"alignleft wp-image-3093\" src=\"http:\/\/www.gioba.it\/sito\/wp-content\/uploads\/2019\/06\/seguire-Ges\u00f9-colored.jpg\" alt=\"\" width=\"568\" height=\"488\" \/><\/a><\/p>\n<p style=\"text-align: justify;\"><strong><span style=\"font-family: arial, helvetica, sans-serif;\">DOMENICA 30 giugno 2019<\/span><\/strong><\/p>\n<blockquote>\n<p style=\"text-align: justify;\"><span style=\"font-family: arial, helvetica, sans-serif;\">Mentre stavano compiendosi i giorni in cui sarebbe stato elevato in alto, Ges\u00f9 prese la ferma decisione di mettersi in cammino verso Gerusalemme e mand\u00f2 messaggeri davanti a s\u00e8. \u00a0<\/span><br \/>\n<span style=\"font-family: arial, helvetica, sans-serif;\">Questi si incamminarono ed entrarono in un villaggio di Samaritani per preparargli l&#8217;ingresso. Ma essi non vollero riceverlo, perch\u00e8 era chiaramente in cammino verso Gerusalemme. Quando videro ci\u00f2, i discepoli Giacomo e Giovanni dissero: \u00abSignore, vuoi che diciamo che scenda un fuoco dal cielo e li consumi?\u00bb. Si volt\u00f2 e li rimprover\u00f2. E si misero in cammino verso un altro villaggio.<\/span><br \/>\n<span style=\"font-family: arial, helvetica, sans-serif;\">Mentre camminavano per la strada, un tale gli disse: \u00abTi seguir\u00f2 dovunque tu vada\u00bb. E Ges\u00f9 gli rispose: \u00abLe volpi hanno le loro tane e gli uccelli del cielo i loro nidi, ma il Figlio dell&#8217;uomo non ha dove posare il capo\u00bb. \u00a0<\/span><br \/>\n<span style=\"font-family: arial, helvetica, sans-serif;\">A un altro disse: \u00abSeguimi\u00bb. E costui rispose: \u00abSignore, permettimi di andare prima a seppellire mio padre\u00bb. Gli replic\u00f2: \u00abLascia che i morti seppelliscano i loro morti; tu invece va&#8217; e annuncia il regno di Dio\u00bb. \u00a0<\/span><br \/>\n<span style=\"font-family: arial, helvetica, sans-serif;\">Un altro disse: \u00abTi seguir\u00f2, Signore; prima per\u00f2 lascia che io mi congedi da quelli di casa mia\u00bb. Ma Ges\u00f9 gli rispose: \u00abNessuno che mette mano all&#8217;aratro e poi si volge indietro, \u00e8 adatto per il regno di Dio\u00bb.<\/span><\/p>\n<p style=\"text-align: justify;\"><span style=\"font-family: arial, helvetica, sans-serif;\">(dal Vangelo di Luca 9,51-62)<\/span><\/p>\n<p style=\"text-align: justify;\">\n<\/blockquote>\n<p style=\"text-align: justify;\"><strong><span style=\"font-family: arial, helvetica, sans-serif;\">Ho diversi amici che mi hanno raccontato di aver fatto il Cammino di Santiago di Compostela, quel percorso che attraverso Francia e Spagna porta al grande santuario che custodisce la tomba dell&#8217;Apostolo Giacomo. Questo cammino iniziato nel medioevo, fa parte di tanti altri percorsi che si trovano in Italia e nel mondo, e che vengono percorsi come esperienza fisica e spirituale insieme. Tutti coloro che mi raccontano nel loro cammino di Santiago, mi raccontano di un&#8217;esperienza davvero profonda fatta di difficolt\u00e0\u00a0 ma anche di grande bellezza umana e spirituale. Fino ad ora non ho sentito nessuno che \u00e8 tornato scontento della scelta fatta e questo devo dire che mi invoglia ancora di pi\u00f9 a farlo anche io, vincendo la mia pigrizia e paura di non farcela. Mi ero ripromesso di fare il cammino allo scadere dei 25 anni di ordinazione presbiterale come mio zio prete che proprio nell&#8217;anno del suo 25esimo, nel 1990, aveva fatto un mese di pellegrinaggio in solitaria verso Santiago. Mi ricordo che aveva scelto di fare il cammino e chiedere alloggio senza mai dire che era prete, per non avere alcun altro privilegio se non quello di tutti gli altri pellegrini che fanno il medesimo percorso.<\/span><\/strong><\/p>\n<p style=\"text-align: justify;\"><strong><span style=\"font-family: arial, helvetica, sans-serif;\">Nel Vangelo troviamo spesso Ges\u00f9 per strada, anzi tutta la sua storia \u00e8 un cammino, iniziato dall&#8217;eternit\u00e0\u00a0 di Dio Padre e poi nelle strade degli uomini concreti. Il cammino di Ges\u00f9 non si \u00e8 interrotto sul monte delle esecuzioni, detto Golgota, appena fuori le mura di Gerusalemme, ma \u00e8 andato oltre la pietra della tomba, con la resurrezione.<\/span><\/strong><\/p>\n<p style=\"text-align: justify;\"><strong><span style=\"font-family: arial, helvetica, sans-serif;\">Nel suo cammino perpetuo sulle strade dell&#8217;umanit\u00e0\u00a0, Ges\u00f9 trascina dietro a s\u00e8 il gruppo dei discepoli, e continuamente ne attrae altri, proprio come raccontato dal Vangelo di questa domenica.<\/span><\/strong><\/p>\n<p style=\"text-align: justify;\"><strong><span style=\"font-family: arial, helvetica, sans-serif;\">Quali sono le fatiche maggiori che Ges\u00f9 incontra nel suo cammino? Non certo le strade e le privazioni materiali, ma proprio i compagni di viaggio. Sono i discepoli con i quali e per i quali cammina, a procurargli le maggiori fatiche. Continuamente si deve fermare perch\u00e8 il loro passo spirituale \u00e8 molto pi\u00f9 lento e quando sembrano andare avanti, si ritrovano a tornare indietro e a sbagliare le loro strade.<\/span><\/strong><\/p>\n<p style=\"text-align: justify;\"><strong><span style=\"font-family: arial, helvetica, sans-serif;\">Ges\u00f9 per\u00f2, come ci ricorda bene l&#8217;evangelista Luca, ha preso la decisione ferma di andare a Gerusalemme, anche se questo significa portare fino in fondo lo scontro con le autorit\u00e0\u00a0 religiose e la croce \u00e8 sempre pi\u00f9 evidente alla fine del percorso. Ges\u00f9 guarda Gerusalemme davanti a s\u00e8 in una sfida tra una concezione di Dio chiusa, escludente, senza misericordia, e la sua rivelazione di Dio come Padre misericordioso, di una fratellanza che supera muri e barriere e giudizi. Gli apostoli che vorrebbero il fuoco dal cielo che consumi i nemici (vedi l&#8217;episodio dei samaritani citato qui dall&#8217;evangelista) dimostrano di riuscire a fatica a stare al passo del cammino del Maestro, ma lui lo stesso prosegue e li coinvolge. Le esigenze del cammino di Ges\u00f9 sono la povert\u00e0\u00a0 dei mezzi, la non sicurezza sociale, la necessit\u00e0\u00a0 di tagliare i ponti con il passato, e tutto questo non \u00e8 facile e rallenta il passo del gruppo dei discepoli. Io pure ammetto che la mia pigrizia nel camminare fisico \u00e8 molto spesso immagine della mia pigrizia spirituale quando si tratta di camminare in maniera decisa al fianco di Ges\u00f9, al passo del Vangelo.<\/span><\/strong><\/p>\n<p style=\"text-align: justify;\"><strong><span style=\"font-family: arial, helvetica, sans-serif;\">Ma per fortuna che come vedo tanti che mi stimolano nel loro cammino materiale e mi fanno venire la voglia di fare un giorno anche il Cammino di Santiago di Compostela, cos\u00ec ci sono tanti che con la loro testimonianza di fede quotidiana, mi fanno vedere la bellezza del cammino cristiano. La mia pigrizia spirituale \u00e8 messa in crisi dal cammino di tanti che nella loro vita quotidiana mi mostrano che camminare con Ges\u00f9, anche se difficile, alla fine porta a nuovi orizzonti e riempie la vita. Posso anche io mettermi sulla strada di Gerusalemme con Ges\u00f9, e sperimentare che anche senza tante sicurezze umane, anche tagliando con tanti vizi, abitudini e modi di fare del passato, non solo non mi impoverisco ma posso camminare pi\u00f9 svelto nella vita e trovare un senso a quello che sono.<\/span><\/strong><\/p>\n<p style=\"text-align: justify;\"><strong><span style=\"font-family: arial, helvetica, sans-serif;\">In attesa di fare materialmente il cammino di Santiago di Compostela, non voglio attendere a mettermi spiritualmente in strada con Ges\u00f9, la dove sono e vivo, rimanendo sempre in passo indietro a Ges\u00f9 che davanti, con pazienza continua a guidarmi.<\/span><\/strong><\/p>\n<p style=\"text-align: justify;\"><span style=\"font-family: arial, helvetica, sans-serif;\">Giovanni don<\/span><\/p>\n","protected":false},"excerpt":{"rendered":"<p>DOMENICA 30 giugno 2019 Mentre stavano compiendosi i giorni in cui sarebbe stato elevato in alto, Ges\u00f9 prese la ferma decisione di mettersi in cammino verso Gerusalemme e mand\u00f2 messaggeri davanti a s\u00e8. \u00a0 Questi si incamminarono ed entrarono in un villaggio di Samaritani per preparargli l&#8217;ingresso. Ma essi non vollero riceverlo, perch\u00e8 era chiaramente in cammino verso Gerusalemme. Quando videro ci\u00f2, i discepoli Giacomo e Giovanni dissero: \u00abSignore, vuoi che diciamo che scenda un fuoco dal cielo e li consumi?\u00bb. Si volt\u00f2 e li rimprover\u00f2. E si misero in cammino verso un altro villaggio. Mentre camminavano per la strada,<\/p>\n","protected":false},"author":1,"featured_media":0,"comment_status":"open","ping_status":"open","sticky":false,"template":"","format":"standard","meta":{"footnotes":""},"categories":[],"tags":[],"class_list":["post-3092","post","type-post","status-publish","format-standard","hentry"],"_links":{"self":[{"href":"https:\/\/www.gioba.it\/sito\/wp-json\/wp\/v2\/posts\/3092","targetHints":{"allow":["GET"]}}],"collection":[{"href":"https:\/\/www.gioba.it\/sito\/wp-json\/wp\/v2\/posts"}],"about":[{"href":"https:\/\/www.gioba.it\/sito\/wp-json\/wp\/v2\/types\/post"}],"author":[{"embeddable":true,"href":"https:\/\/www.gioba.it\/sito\/wp-json\/wp\/v2\/users\/1"}],"replies":[{"embeddable":true,"href":"https:\/\/www.gioba.it\/sito\/wp-json\/wp\/v2\/comments?post=3092"}],"version-history":[{"count":2,"href":"https:\/\/www.gioba.it\/sito\/wp-json\/wp\/v2\/posts\/3092\/revisions"}],"predecessor-version":[{"id":3095,"href":"https:\/\/www.gioba.it\/sito\/wp-json\/wp\/v2\/posts\/3092\/revisions\/3095"}],"wp:attachment":[{"href":"https:\/\/www.gioba.it\/sito\/wp-json\/wp\/v2\/media?parent=3092"}],"wp:term":[{"taxonomy":"category","embeddable":true,"href":"https:\/\/www.gioba.it\/sito\/wp-json\/wp\/v2\/categories?post=3092"},{"taxonomy":"post_tag","embeddable":true,"href":"https:\/\/www.gioba.it\/sito\/wp-json\/wp\/v2\/tags?post=3092"}],"curies":[{"name":"wp","href":"https:\/\/api.w.org\/{rel}","templated":true}]}}