{"id":3122,"date":"2019-08-17T10:06:07","date_gmt":"2019-08-17T10:06:07","guid":{"rendered":"http:\/\/www.gioba.it\/?p=3122"},"modified":"2019-08-17T13:27:50","modified_gmt":"2019-08-17T13:27:50","slug":"il-fuoco-del-vangelo-scalda-la-vita","status":"publish","type":"post","link":"https:\/\/www.gioba.it\/sito\/2019\/08\/17\/il-fuoco-del-vangelo-scalda-la-vita\/","title":{"rendered":"il fuoco del Vangelo scalda la vita"},"content":{"rendered":"<p style=\"text-align: justify;\"><span style=\"font-family: arial, helvetica, sans-serif;\"><sub><a href=\"http:\/\/www.gioba.it\/sito\/wp-content\/uploads\/2019\/08\/Dio-senza-ferie-colored.jpg\"><img loading=\"lazy\" decoding=\"async\" class=\"alignleft wp-image-3123\" src=\"http:\/\/www.gioba.it\/sito\/wp-content\/uploads\/2019\/08\/Dio-senza-ferie-colored.jpg\" alt=\"\" width=\"591\" height=\"498\" \/><\/a><\/sub><\/span><\/p>\n<p style=\"text-align: justify;\"><strong><span style=\"font-family: arial, helvetica, sans-serif;\">DOMENICA 18 agosto 2019<\/span><\/strong><\/p>\n<blockquote>\n<p style=\"text-align: justify;\"><span style=\"font-family: arial, helvetica, sans-serif;\">In quel tempo, Ges\u00f9 disse ai suoi discepoli: \u00a0<\/span><br \/>\n<span style=\"font-family: arial, helvetica, sans-serif;\">\u00abSono venuto a gettare fuoco sulla terra, e quanto vorrei che fosse gi\u00e0\u00a0 acceso! Ho un battesimo nel quale sar\u00f2 battezzato, e come sono angosciato finch\u00e8 non sia compiuto!<\/span><br \/>\n<span style=\"font-family: arial, helvetica, sans-serif;\">Pensate che io sia venuto a portare pace sulla terra? No, io vi dico, ma divisione. D&#8217;ora innanzi, se in una famiglia vi sono cinque persone, saranno divisi tre contro due e due contro tre; si divideranno padre contro figlio e figlio contro padre, madre contro figlia e figlia contro madre, suocera contro nuora e nuora contro suocera\u00bb.<\/span><\/p>\n<p style=\"text-align: justify;\"><span style=\"font-family: arial, helvetica, sans-serif;\">(dal Vangelo di Luca 12,49-53)<\/span><\/p>\n<\/blockquote>\n<p style=\"text-align: justify;\"><strong><span style=\"font-family: arial, helvetica, sans-serif;\">Sentir parlare nel Vangelo della liturgia di questa domenica di &#8220;fuoco gettato sulla terra&#8221; in piena estate, sembra quasi una scelta ironica da parte della Chiesa. Con le ondate di calore sempre pi\u00f9 afose e fastidiose, anche il Vangelo rischia di suonarci fastidioso!<\/span><\/strong><\/p>\n<p style=\"text-align: justify;\"><strong><span style=\"font-family: arial, helvetica, sans-serif;\">Ovviamente il calore del fuoco che Ges\u00f9 \u00e8 venuto a portare sulla terra \u00e8 pi\u00f9 simile a quello dell&#8217;amore che a quello fisico e meteorologico. Ges\u00f9 non vuole aumentare la temperatura dell&#8217;aria ma quella del cuore, quella della fede. Ges\u00f9 vuole che si accenda o riaccenda quella fiamma di Spirito Santo che \u00e8 stata posta fin dal giorno di Pentecoste sui discepoli e che rischia sempre di spegnersi facendo perdere alla comunit\u00e0\u00a0 il calore della fede, e cos\u00ec la Chiesa si raggela in una serie di riti solo esteriori e di carit\u00e0\u00a0 che viene a mancare.<\/span><\/strong><\/p>\n<p style=\"text-align: justify;\"><strong><span style=\"font-family: arial, helvetica, sans-serif;\">La vita di fede nella comunit\u00e0\u00a0 cristiana \u00e8 come quella dell&#8217;amore tra due persone che si amano veramente, non pu\u00f2 essere fredda e nemmeno tiepida. Ges\u00f9 vuole discepoli riscaldati dal Vangelo e desiderosi che questo muova la loro vita e quella del mondo che li circonda. Ges\u00f9 stesso testimonia questa passione profonda per il suo messaggio nel quale si sente profondamente immerso (il termine &#8220;battezzato&#8221; significa proprio letteralmente &#8220;immerso&#8221;) ed \u00e8 angosciato finch\u00e8 non si realizzi, anche se deve passare attraverso una profonda sofferenza, quella della croce. E sappiamo che Ges\u00f9 \u00e8 riuscito a scaldare con la resurrezione anche il gelo del suo sepolcro<\/span><\/strong><\/p>\n<p style=\"text-align: justify;\"><strong><span style=\"font-family: arial, helvetica, sans-serif;\">Il Vangelo \u00e8 un invito alla pace ma non ci deve lasciare in pace. Il Vangelo ci porta a scelte forti e quotidiane che possono, anzi devono, incidere nella via concreta e anche delle relazioni pi\u00f9 significative. Attingendo sempre al paragone del fuoco della passione amorosa, al quale fa riferimento Ges\u00f9 quando parla del fuoco sulla terra, quando due persone si innamorano veramente e decidono di dare seguito al loro amore in una scelta di vita, tutto questo non pu\u00f2 che incidere nella loro vita, nelle relazioni famigliari e sociali. Il vero amore non \u00e8 un piccolo fuoco estivo, ma tocca la vita. Il vero amore dona pace e non ci lascia in pace finch\u00e8 non si realizzi. E cos\u00ec anche il Vangelo per portare la pace nel mondo ha bisogno di discepoli innamorati di Ges\u00f9, con la passione per le sue parole e con il desiderio profondo di conoscerle e attuarle, anche se pu\u00f2 costare divisioni e sofferenze. Qualche giorno fa abbiamo ricordato un grande santo del Vangelo, che non ha avuto paura di dare la propria vita per la passione di Ges\u00f9, ed \u00e8 San Massimiliano Kolbe, frate francescano che muore nella fredda stanza della morte di Auschwitz durante la seconda guerra mondiale per opera dei nazisti. Padre Massimiliano Kolbe non ha timore di perdere come Ges\u00f9 la propria vita perch\u00e8 si \u00e8 sentito totalmente immerso, battezzato, nel Vangelo, sapendo che anche donando cos\u00ec la propria vita riusciva a far vincere il Vangelo.<\/span><\/strong><\/p>\n<p style=\"text-align: justify;\"><strong><span style=\"font-family: arial, helvetica, sans-serif;\">Ma di santi cos\u00ec ce ne sono tantissimi che con il fuoco dell&#8217;amore di Dio hanno scaldato con la loro testimonianza la Chiesa, sempre a rischio di raggelamento, anche nella pi\u00f9 torrida estate come questa. E lo possiamo essere anche noi, se solo ci affidiamo alle parole di Ges\u00f9, cercando in queste parole quel calore che tante volte cerchiamo altrove. Nel fuoco dell&#8217;amore di Cristo possiamo scaldare la nostra vita e attraverso di noi il mondo intero, senza mai darci pace!<\/span><\/strong><\/p>\n<p style=\"text-align: justify;\"><span style=\"font-family: arial, helvetica, sans-serif;\">Giovanni don<\/span><\/p>\n","protected":false},"excerpt":{"rendered":"<p>DOMENICA 18 agosto 2019 In quel tempo, Ges\u00f9 disse ai suoi discepoli: \u00a0 \u00abSono venuto a gettare fuoco sulla terra, e quanto vorrei che fosse gi\u00e0\u00a0 acceso! Ho un battesimo nel quale sar\u00f2 battezzato, e come sono angosciato finch\u00e8 non sia compiuto! Pensate che io sia venuto a portare pace sulla terra? No, io vi dico, ma divisione. D&#8217;ora innanzi, se in una famiglia vi sono cinque persone, saranno divisi tre contro due e due contro tre; si divideranno padre contro figlio e figlio contro padre, madre contro figlia e figlia contro madre, suocera contro nuora e nuora contro suocera\u00bb.<\/p>\n","protected":false},"author":1,"featured_media":0,"comment_status":"open","ping_status":"open","sticky":false,"template":"","format":"standard","meta":{"footnotes":""},"categories":[],"tags":[],"class_list":["post-3122","post","type-post","status-publish","format-standard","hentry"],"_links":{"self":[{"href":"https:\/\/www.gioba.it\/sito\/wp-json\/wp\/v2\/posts\/3122","targetHints":{"allow":["GET"]}}],"collection":[{"href":"https:\/\/www.gioba.it\/sito\/wp-json\/wp\/v2\/posts"}],"about":[{"href":"https:\/\/www.gioba.it\/sito\/wp-json\/wp\/v2\/types\/post"}],"author":[{"embeddable":true,"href":"https:\/\/www.gioba.it\/sito\/wp-json\/wp\/v2\/users\/1"}],"replies":[{"embeddable":true,"href":"https:\/\/www.gioba.it\/sito\/wp-json\/wp\/v2\/comments?post=3122"}],"version-history":[{"count":2,"href":"https:\/\/www.gioba.it\/sito\/wp-json\/wp\/v2\/posts\/3122\/revisions"}],"predecessor-version":[{"id":3125,"href":"https:\/\/www.gioba.it\/sito\/wp-json\/wp\/v2\/posts\/3122\/revisions\/3125"}],"wp:attachment":[{"href":"https:\/\/www.gioba.it\/sito\/wp-json\/wp\/v2\/media?parent=3122"}],"wp:term":[{"taxonomy":"category","embeddable":true,"href":"https:\/\/www.gioba.it\/sito\/wp-json\/wp\/v2\/categories?post=3122"},{"taxonomy":"post_tag","embeddable":true,"href":"https:\/\/www.gioba.it\/sito\/wp-json\/wp\/v2\/tags?post=3122"}],"curies":[{"name":"wp","href":"https:\/\/api.w.org\/{rel}","templated":true}]}}