{"id":3156,"date":"2019-10-04T17:19:29","date_gmt":"2019-10-04T17:19:29","guid":{"rendered":"http:\/\/www.gioba.it\/?p=3156"},"modified":"2019-10-04T20:35:40","modified_gmt":"2019-10-04T20:35:40","slug":"questa-piccola-grande-fede","status":"publish","type":"post","link":"https:\/\/www.gioba.it\/sito\/2019\/10\/04\/questa-piccola-grande-fede\/","title":{"rendered":"questa piccola grande fede"},"content":{"rendered":"<p style=\"text-align: justify;\"><a href=\"http:\/\/www.gioba.it\/sito\/wp-content\/uploads\/2019\/10\/fede-in-celo-colored.jpg\"><img loading=\"lazy\" decoding=\"async\" class=\"alignleft wp-image-3157\" src=\"http:\/\/www.gioba.it\/sito\/wp-content\/uploads\/2019\/10\/fede-in-celo-colored.jpg\" alt=\"\" width=\"590\" height=\"511\" \/><\/a><\/p>\n<p style=\"text-align: justify;\"><strong><span style=\"font-family: arial, helvetica, sans-serif;\">DOMENICA 6 ottobre 2019<\/span><\/strong><\/p>\n<blockquote>\n<p style=\"text-align: justify;\"><span style=\"font-family: arial, helvetica, sans-serif;\">In quel tempo, gli apostoli dissero al Signore: \u00abAccresci in noi la fede!\u00bb.<\/span><\/p>\n<p style=\"text-align: justify;\"><span style=\"font-family: arial, helvetica, sans-serif;\">Il Signore rispose: \u00abSe aveste fede quanto un granello di senape, potreste dire a questo gelso: &#8220;Sr\u00e0\u00a0dicati e vai a piantarti nel mare&#8221;, ed esso vi obbedirebbe.<\/span><\/p>\n<p style=\"text-align: justify;\"><span style=\"font-family: arial, helvetica, sans-serif;\">Chi di voi, se ha un servo ad arare o a pascolare il gregge, gli dir\u00e0\u00a0, quando rientra dal campo: &#8220;Vieni subito e mettiti a tavola&#8221;? Non gli dir\u00e0\u00a0 piuttosto: &#8220;Prepara da mangiare, str\u00e0\u00adngiti le vesti ai fianchi e s\u00e8rvimi, finch\u00e8 avr\u00f2 mangiato e bevuto, e dopo mangerai e berrai tu&#8221;? Avr\u00e0\u00a0 forse gratitudine verso quel servo, perch\u00e8 ha eseguito gli ordini ricevuti?<\/span><\/p>\n<p style=\"text-align: justify;\"><span style=\"font-family: arial, helvetica, sans-serif;\">Cos\u00ec anche voi, quando avrete fatto tutto quello che vi \u00e8 stato ordinato, dite: &#8220;Siamo servi inutili. Abbiamo fatto quanto dovevamo fare&#8221;\u00bb.<\/span><\/p>\n<p style=\"text-align: justify;\"><span style=\"font-family: arial, helvetica, sans-serif;\">(dal Vangelo di Luca 17,5-10)<\/span><\/p>\n<\/blockquote>\n<p style=\"text-align: justify;\"><strong><span style=\"font-family: arial, helvetica, sans-serif;\">Qualche tempo fa un uomo in occasione di un funerale mi ha parlato della sua situazione di vita. Mi raccontava che insieme a quel lutto in famiglia dopo una lunga malattia doveva anche affrontare la moglie gravemente ammalata e in fin di vita. Alla fine del suo racconto ha concluso dicendo di aver perso la fede in Dio proprio a causa di tutto quel carico di dolore che lo ha colpito in cos\u00ec poco tempo. E&#8217; difficile credere nella bont\u00e0\u00a0 di Dio, mi ha confidato, con tutto quel che stava accadendo non solamente a lui ma anche a coloro a cui vuole bene e che, secondo lui, davvero non se lo meritano. Ho ascoltato senza giudizio e con sommo rispetto di chi vive una situazione che anche a me metterebbe duramente alla prova nella fede. <\/span><\/strong><br \/>\n<strong><span style=\"font-family: arial, helvetica, sans-serif;\">Il brano di Vangelo di questa domenica si apre con una richiesta davvero particolare dei discepoli verso Ges\u00f9: &#8220;accresci in noi la fede!&#8221;. Ovviamente la domanda non cade cos\u00ec senza motivo, e per capire meglio il perch\u00e8 della richiesta basta andare a poche righe prima nel capitolo 17 del Vangelo di Luca (che la liturgia stranamente taglia). Ges\u00f9 ha appena invitato i suoi a perdonare sempre, in qualsiasi occasione! Il perdono \u00e8 davvero difficile e ci sono situazioni in cui sembra impresa non alla portata umana. Da questo comando nasce la richiesta dei discepoli di avere pi\u00f9 fede per arrivare l\u00e0\u00a0 dove la volont\u00e0\u00a0 e la ragione umana non arrivano.<\/span><\/strong><\/p>\n<p style=\"text-align: justify;\"><strong><span style=\"font-family: arial, helvetica, sans-serif;\">Il perdono, le sofferenze fisiche e morali, i lutti, sono tutte situazioni umane che per affrontarle richiedono una visione superiore che davvero sembrano possibili solo a Dio e ai suoi angeli che non vivono al nostro livello. &#8220;Accresci la nostra fede&#8221; sembra traducibile in &#8220;fallo tu al posto nostro!&#8221; riconoscendo che &#8220;non \u00e8 alla nostra portata!&#8221;<\/span><\/strong><\/p>\n<p style=\"text-align: justify;\"><strong><span style=\"font-family: arial, helvetica, sans-serif;\">La risposta di Ges\u00f9 (&#8220;Se aveste fede quanto un granello di senape, potreste dire a questo gelso: &#8220;Sr\u00e0\u00a0dicati e vai a piantarti nel mare&#8221;, ed esso vi obbedirebbe &#8220;) dice in fondo due cose.<\/span><\/strong><\/p>\n<p style=\"text-align: justify;\"><strong><span style=\"font-family: arial, helvetica, sans-serif;\">La prima \u00e8 che Ges\u00f9 riconosce che i discepoli non dimostrano fede quando si scoraggiano davanti alle imprese &#8220;alte&#8221; della vita come il perdonare, l&#8217;avere speranza nelle sofferenze, impegnarsi per la carit\u00e0\u00a0. Possiamo dire di credere in Dio, ma se poi non siamo minimamente capaci di perdonare, se ci lasciamo abbattere dalla pi\u00f9 piccola difficolt\u00e0\u00a0 e ci chiudiamo nell&#8217;egoismo, allora quella fede non \u00e8 fede, ma parole al vento che hanno un valore nullo.<\/span><\/strong><\/p>\n<p style=\"text-align: justify;\"><strong><span style=\"font-family: arial, helvetica, sans-serif;\">La seconda cosa che secondo me emerge dalle parole di Ges\u00f9 \u00e8 un invito a guardare meglio dentro noi stessi per scoprire che la fede in fondo l&#8217;abbiamo tutti, perch\u00e8 Dio ne ha messo il piccolo seme in ogni uomo. Basta solo scoprirlo e aiutarci a scoprirlo insieme. La fede anche piccola \u00e8 potente e capace davvero di trasformare la nostra vita per quanto dura possa essere. Ges\u00f9 usa l&#8217;immagine del gelso che con una sola parola di fede vola sul mare dopo essersi sradicato nonostante le radici profonde. Ecco, la fede \u00e8 capace di cose cos\u00ec grandi, anche quando \u00e8 piccola e profonda. La fede non \u00e8 avere la certezza che Dio esista, quasi si avesse una visione ultraterrena. La fede \u00e8 credere almeno un po&#8217; che quelle parole del Vangelo non sono inutili, che in fondo in fondo posso iniziare a perdonare, che in nelle sofferenze anche pi\u00f9 terribili esiste una luce di amore e di speranza, che fare piccoli gesti di carit\u00e0\u00a0 \u00e8 iniziare un mondo nuovo.<\/span><\/strong><\/p>\n<p style=\"text-align: justify;\"><strong><span style=\"font-family: arial, helvetica, sans-serif;\">Sempre in questi giorni ho parlato con una donna che mi raccontava che nei momenti di massima sofferenza per una malattia, mentre era all&#8217;ospedale ha iniziato ad affidarsi a Dio, anche se lo conosceva poco e le sue conoscenze religiose erano sbiadite dal tempo. Non avendo quasi pi\u00f9 nulla su cui contare per essere felice, nel momento pi\u00f9 buio della malattia, ha sentito la consolazione di Dio dentro di se, dentro il suo corpo malato come nel corpo malato e moribondo di Cristo crocifisso. Il seme piccolo della fede \u00e8 potente e se lasciato crescere, se aiutato a crescere dalla testimonianza reciproca e nel sostegno reciproco (ecco perch\u00e8 \u00e8 fondamentale la Chiesa!) allora pu\u00f2 fare cose straordinarie e portare il nostro cuore oltre le difficolt\u00e0\u00a0 della vita.<\/span><\/strong><\/p>\n<p style=\"text-align: justify;\"><strong><span style=\"font-family: arial, helvetica, sans-serif;\">Io credo che anche in quell&#8217;uomo che dice di aver perso la fede ci sia questo seme, perch\u00e8 Dio lo ha messo in tutti e quindi anche in lui. Il mio e nostro compito non \u00e8 quello di giudicare ma di coltivare insieme e farlo crescere perch\u00e8 faccia di nuovo volare il suo cuore.<\/span><\/strong><\/p>\n<p style=\"text-align: justify;\"><span style=\"font-family: arial, helvetica, sans-serif;\">Giovanni don<\/span><\/p>\n","protected":false},"excerpt":{"rendered":"<p>DOMENICA 6 ottobre 2019 In quel tempo, gli apostoli dissero al Signore: \u00abAccresci in noi la fede!\u00bb. Il Signore rispose: \u00abSe aveste fede quanto un granello di senape, potreste dire a questo gelso: &#8220;Sr\u00e0\u00a0dicati e vai a piantarti nel mare&#8221;, ed esso vi obbedirebbe. Chi di voi, se ha un servo ad arare o a pascolare il gregge, gli dir\u00e0\u00a0, quando rientra dal campo: &#8220;Vieni subito e mettiti a tavola&#8221;? Non gli dir\u00e0\u00a0 piuttosto: &#8220;Prepara da mangiare, str\u00e0\u00adngiti le vesti ai fianchi e s\u00e8rvimi, finch\u00e8 avr\u00f2 mangiato e bevuto, e dopo mangerai e berrai tu&#8221;? Avr\u00e0\u00a0 forse gratitudine verso quel<\/p>\n","protected":false},"author":1,"featured_media":0,"comment_status":"open","ping_status":"open","sticky":false,"template":"","format":"standard","meta":{"footnotes":""},"categories":[],"tags":[],"class_list":["post-3156","post","type-post","status-publish","format-standard","hentry"],"_links":{"self":[{"href":"https:\/\/www.gioba.it\/sito\/wp-json\/wp\/v2\/posts\/3156","targetHints":{"allow":["GET"]}}],"collection":[{"href":"https:\/\/www.gioba.it\/sito\/wp-json\/wp\/v2\/posts"}],"about":[{"href":"https:\/\/www.gioba.it\/sito\/wp-json\/wp\/v2\/types\/post"}],"author":[{"embeddable":true,"href":"https:\/\/www.gioba.it\/sito\/wp-json\/wp\/v2\/users\/1"}],"replies":[{"embeddable":true,"href":"https:\/\/www.gioba.it\/sito\/wp-json\/wp\/v2\/comments?post=3156"}],"version-history":[{"count":3,"href":"https:\/\/www.gioba.it\/sito\/wp-json\/wp\/v2\/posts\/3156\/revisions"}],"predecessor-version":[{"id":3160,"href":"https:\/\/www.gioba.it\/sito\/wp-json\/wp\/v2\/posts\/3156\/revisions\/3160"}],"wp:attachment":[{"href":"https:\/\/www.gioba.it\/sito\/wp-json\/wp\/v2\/media?parent=3156"}],"wp:term":[{"taxonomy":"category","embeddable":true,"href":"https:\/\/www.gioba.it\/sito\/wp-json\/wp\/v2\/categories?post=3156"},{"taxonomy":"post_tag","embeddable":true,"href":"https:\/\/www.gioba.it\/sito\/wp-json\/wp\/v2\/tags?post=3156"}],"curies":[{"name":"wp","href":"https:\/\/api.w.org\/{rel}","templated":true}]}}