{"id":3191,"date":"2019-11-28T18:46:42","date_gmt":"2019-11-28T18:46:42","guid":{"rendered":"http:\/\/www.gioba.it\/?p=3191"},"modified":"2019-11-28T18:46:42","modified_gmt":"2019-11-28T18:46:42","slug":"magari-e-gesu","status":"publish","type":"post","link":"https:\/\/www.gioba.it\/sito\/2019\/11\/28\/magari-e-gesu\/","title":{"rendered":"magari \u00e8 Ges\u00f9"},"content":{"rendered":"<p style=\"text-align: justify;\"><a href=\"http:\/\/www.gioba.it\/sito\/wp-content\/uploads\/2019\/11\/tenersi-pronti-colored.jpg\"><img loading=\"lazy\" decoding=\"async\" class=\"alignleft  wp-image-3192\" src=\"http:\/\/www.gioba.it\/sito\/wp-content\/uploads\/2019\/11\/tenersi-pronti-colored.jpg\" alt=\"\" width=\"592\" height=\"498\" \/><\/a><br \/>\n<strong><span style=\"font-family: arial, helvetica, sans-serif;\">DOMENICA 1 dicembre 2019<\/span><\/strong><br \/>\n<strong><span style=\"font-family: arial, helvetica, sans-serif;\">I di Avvento<\/span><\/strong><\/p>\n<blockquote>\n<p style=\"text-align: justify;\"><span style=\"font-family: arial, helvetica, sans-serif;\">In quel tempo, Ges\u00f9 disse ai suoi discepoli:<\/span><br \/>\n<span style=\"font-family: arial, helvetica, sans-serif;\">\u00abCome furono i giorni di No\u00e8, cos\u00ec sar\u00e0\u00a0 la venuta del Figlio dell&#8217;uomo. Infatti, come nei giorni che precedettero il diluvio mangiavano e bevevano, prendevano moglie e prendevano marito, fino al giorno in cui No\u00e8 entr\u00f2 nell&#8217;arca, e non si accorsero di nulla finch\u00e8 venne il diluvio e travolse tutti: cos\u00ec sar\u00e0\u00a0 anche la venuta del Figlio dell&#8217;uomo. Allora due uomini saranno nel campo: uno verr\u00e0\u00a0 portato via e l&#8217;altro lasciato. Due donne macineranno alla mola: una verr\u00e0\u00a0 portata via e l&#8217;altra lasciata.<\/span><br \/>\n<span style=\"font-family: arial, helvetica, sans-serif;\">Vegliate dunque, perch\u00e8 non sapete in quale giorno il Signore vostro verr\u00e0\u00a0. Cercate di capire questo: se il padrone di casa sapesse a quale ora della notte viene il ladro, veglierebbe e non si lascerebbe scassinare la casa. Perci\u00f2 anche voi tenetevi pronti perch\u00e8, nell&#8217;ora che non immaginate, viene il Figlio dell&#8217;uomo\u00bb.<\/span><br \/>\n<span style=\"font-family: arial, helvetica, sans-serif;\">(dal Vangelo di Matteo 24,37-44)<\/span><\/p>\n<\/blockquote>\n<p style=\"text-align: justify;\"><strong><span style=\"font-family: arial, helvetica, sans-serif;\">&#8220;Essere gentili con gli altri, perch\u00e8 magari \u00e8 Ges\u00f9&#8221;<\/span><\/strong><br \/>\n<strong><span style=\"font-family: arial, helvetica, sans-serif;\">Cos\u00ec scrive Riccardo a catechismo sul biglietto che le catechiste hanno consegnato a tutti i bambini, con la consegna di scrivere un impegno per questo cammino di Avvento che inizia domenica.<\/span><\/strong><br \/>\n<strong><span style=\"font-family: arial, helvetica, sans-serif;\">&#8220;Magari \u00e8 Ges\u00f9&#8221; \u00e8 un invito a stare attenti, proprio come dice Ges\u00f9 stesso ai suoi discepoli partendo da un fatto terrificante raccontato nell&#8217;Antico Testamento, il diluvio universale. Di questa catastrofe purificatrice mandata da Dio, dalla quale si salva No\u00e8 con la sua famiglia e gli animali sull&#8217;Arca, Ges\u00f9 sottolinea il fatto che chi \u00e8 stato travolto non si era accorto di nulla. E&#8217; questa la causa della rovina e non l&#8217;acqua. Succede come nei terremoti, quando gli esperti continuano a sottolineare che il problema principale in molti fenomeni tellurici (ovviamente non quelli di magnitudo altissima, quindi la maggior parte) quello che fa crollare le case \u00e8 la loro fragilit\u00e0\u00a0 e l&#8217;incuria umana, il fatto di non aver messo in atto azioni preventive.<\/span><\/strong><br \/>\n<strong><span style=\"font-family: arial, helvetica, sans-serif;\">Stare svegli, prestare attenzione e prepararsi agli aventi, accorgersi di quel che si vive, questi sono gli atteggiamenti spirituali e anche concreti del cristiano ogni giorno della sua vita, particolarmente sottolineati in Avvento.<\/span><\/strong><br \/>\n<strong><span style=\"font-family: arial, helvetica, sans-serif;\">Quante volte siamo distratti per causa nostra o anche perch\u00e8 distratti da altri su quello che veramente conta. Quante volte non prestiamo attenzione ad una parola, ad un gesto, ad un avviso, e cos\u00ec perdiamo l&#8217;occasione di un incontro di amicizia, un&#8217;occasione di aiutare qualcuno o anche di essere aiutati. Quante volte perdiamo l&#8217;incontro con Ges\u00f9. Si perch\u00e8, come ci insegna il Vangelo del Natale, Dio in Ges\u00f9 si \u00e8 fatto carne, \u00e8 entrato nella storia concreta dell&#8217;uomo. Dio entra e agisce nelle trame della nostra vicenda e quindi ha modalit\u00e0\u00a0 molto umane di venirci incontro.<\/span><\/strong><br \/>\n<strong><span style=\"font-family: arial, helvetica, sans-serif;\">Ges\u00f9 parla che verr\u00e0\u00a0 un giorno del Signore. Non \u00e8 tanto la fine del mondo ma il fine di ogni nostro giorno. Il nostro tempo, scandito da ore e giorni, da incontri, lavoro, riposo, \u00e8 un tempo nel quale Dio entra in modo deciso e anche discreto. Dio entra nella nostra storia in modo che possiamo collaborare con lui perch\u00e8 la storia sia come quella descritta bene dalla prima lettura di questa domenica, presa dalle profezie di Isaia: &#8220;Spezzeranno le loro spade e ne faranno aratri, delle loro lance faranno falci; una nazione non alzer\u00e0\u00a0 pi\u00f9 la spada contro un&#8217;altra nazione, non impareranno pi\u00f9 l&#8217;arte della guerra&#8230;&#8221;. Questa \u00e8 la fine o meglio &#8220;il fine ultimo&#8221; della storia umana, anche se a guardarla bene oggi, se siamo realisti, tutto quel che accade sembra portare in una direzione opposta. Non sembrano affatto la pace, la collaborazione e la fraternit\u00e0\u00a0 universale le cose che si realizzano tra gli uomini e per mezzo degli uomini.<\/span><\/strong><br \/>\n<strong><span style=\"font-family: arial, helvetica, sans-serif;\">Ecco, forse la prima distrazione da evitare \u00e8 la non speranza e quel tipo di realismo che spegne il sogno di un mondo migliore e fraterno, che significa spegnere la fiamma accesa nel nostro battesimo. Non facciamoci distrarre dai tanti segni negativi della cronaca, e andiamo in cerca anche del pi\u00f9 piccolo segno e testimonianza che Dio \u00e8 all&#8217;opera per realizzare il fine ultimo. Non lasciamoci distrarre cos\u00ec tanto dal nostro egoismo e dalla paura da addormentare quel fuoco di amore che abbiamo dentro e che ci porta a tenere sveglio il vangelo dentro la nostra mente, dentro il cuore e nelle nostre mani. Dio \u00e8 all&#8217;opera nel mondo solo che forse non lo vediamo. Dio viene proprio la dove siamo ogni giorno, come dice bene Ges\u00f9: &#8220;due uomini saranno nel campo, due donne macineranno alla mola: uno preso e l&#8217;altra lasciato&#8230;&#8221;, che tradotto potrebbe essere che uno \u00e8 attento e l&#8217;altro distratto, uno sveglio spiritualmente e l&#8217;altro addormentato e inconsapevole&#8230;<\/span><\/strong><br \/>\n<strong><span style=\"font-family: arial, helvetica, sans-serif;\">&#8220;Magari \u00e8 Ges\u00f9&#8221; \u00e8 un piccolo slogan che su consiglio di Riccardo, pu\u00f2 guidare le nostre piccole e grandi scelte quotidiane di questo Avvento.<\/span><\/strong><br \/>\n<strong><span style=\"font-family: arial, helvetica, sans-serif;\">Magari \u00e8 Ges\u00f9 colui o colei che ha bisogno oggi di un aiuto. Magari \u00e8 Ges\u00f9 che in famiglia ci sta chiedendo di ascoltare di pi\u00f9 e dare pi\u00f9 tempo. Magari \u00e8 Ges\u00f9 ad aspettarci in quel incontro di preghiera proposto in parrocchia. Magari \u00e8 Ges\u00f9 la persona che ci sta suggerendo un cambiamento da fare. Magari \u00e8 Ges\u00f9 quello sconosciuto per strada che ci saluta&#8230;<\/span><\/strong><br \/>\n<strong><span style=\"font-family: arial, helvetica, sans-serif;\">Magari \u00e8 Ges\u00f9&#8230;<\/span><\/strong><\/p>\n<p><span style=\"font-family: arial, helvetica, sans-serif;\">Giovanni don<\/span><\/p>\n","protected":false},"excerpt":{"rendered":"<p>DOMENICA 1 dicembre 2019 I di Avvento In quel tempo, Ges\u00f9 disse ai suoi discepoli: \u00abCome furono i giorni di No\u00e8, cos\u00ec sar\u00e0\u00a0 la venuta del Figlio dell&#8217;uomo. Infatti, come nei giorni che precedettero il diluvio mangiavano e bevevano, prendevano moglie e prendevano marito, fino al giorno in cui No\u00e8 entr\u00f2 nell&#8217;arca, e non si accorsero di nulla finch\u00e8 venne il diluvio e travolse tutti: cos\u00ec sar\u00e0\u00a0 anche la venuta del Figlio dell&#8217;uomo. Allora due uomini saranno nel campo: uno verr\u00e0\u00a0 portato via e l&#8217;altro lasciato. Due donne macineranno alla mola: una verr\u00e0\u00a0 portata via e l&#8217;altra lasciata. Vegliate dunque,<\/p>\n","protected":false},"author":1,"featured_media":0,"comment_status":"open","ping_status":"open","sticky":false,"template":"","format":"standard","meta":{"footnotes":""},"categories":[],"tags":[],"class_list":["post-3191","post","type-post","status-publish","format-standard","hentry"],"_links":{"self":[{"href":"https:\/\/www.gioba.it\/sito\/wp-json\/wp\/v2\/posts\/3191","targetHints":{"allow":["GET"]}}],"collection":[{"href":"https:\/\/www.gioba.it\/sito\/wp-json\/wp\/v2\/posts"}],"about":[{"href":"https:\/\/www.gioba.it\/sito\/wp-json\/wp\/v2\/types\/post"}],"author":[{"embeddable":true,"href":"https:\/\/www.gioba.it\/sito\/wp-json\/wp\/v2\/users\/1"}],"replies":[{"embeddable":true,"href":"https:\/\/www.gioba.it\/sito\/wp-json\/wp\/v2\/comments?post=3191"}],"version-history":[{"count":1,"href":"https:\/\/www.gioba.it\/sito\/wp-json\/wp\/v2\/posts\/3191\/revisions"}],"predecessor-version":[{"id":3193,"href":"https:\/\/www.gioba.it\/sito\/wp-json\/wp\/v2\/posts\/3191\/revisions\/3193"}],"wp:attachment":[{"href":"https:\/\/www.gioba.it\/sito\/wp-json\/wp\/v2\/media?parent=3191"}],"wp:term":[{"taxonomy":"category","embeddable":true,"href":"https:\/\/www.gioba.it\/sito\/wp-json\/wp\/v2\/categories?post=3191"},{"taxonomy":"post_tag","embeddable":true,"href":"https:\/\/www.gioba.it\/sito\/wp-json\/wp\/v2\/tags?post=3191"}],"curies":[{"name":"wp","href":"https:\/\/api.w.org\/{rel}","templated":true}]}}