{"id":3195,"date":"2019-12-06T15:13:37","date_gmt":"2019-12-06T15:13:37","guid":{"rendered":"http:\/\/www.gioba.it\/?p=3195"},"modified":"2019-12-06T15:13:37","modified_gmt":"2019-12-06T15:13:37","slug":"maria-donna-del-si","status":"publish","type":"post","link":"https:\/\/www.gioba.it\/sito\/2019\/12\/06\/maria-donna-del-si\/","title":{"rendered":"Maria donna del &#8220;si&#8221;"},"content":{"rendered":"<p style=\"text-align: justify;\"><a href=\"http:\/\/www.gioba.it\/sito\/wp-content\/uploads\/2019\/12\/annunciazione-costosa-colored.jpg\"><img loading=\"lazy\" decoding=\"async\" class=\"alignleft  wp-image-3196\" src=\"http:\/\/www.gioba.it\/sito\/wp-content\/uploads\/2019\/12\/annunciazione-costosa-colored.jpg\" alt=\"\" width=\"591\" height=\"499\" \/><\/a><\/p>\n<p style=\"text-align: justify;\"><strong><span style=\"font-family: arial, helvetica, sans-serif;\">Domenica 8 dicembre 2019<\/span><\/strong><\/p>\n<p><strong><span style=\"font-family: arial, helvetica, sans-serif;\">IMMACOLATA CONCEZIONE<\/span><\/strong><\/p>\n<p style=\"text-align: justify;\">\n<blockquote>\n<p style=\"text-align: justify;\"><span style=\"font-family: arial, helvetica, sans-serif;\">In quel tempo, l&#8217;angelo Gabriele fu mandato da Dio in una citt\u00e0\u00a0 della Galilea, chiamata N\u00e0\u00a0zaret, a una vergine, promessa sposa di un uomo della casa di Davide, di nome Giuseppe. La vergine si chiamava Maria. Entrando da lei, disse: \u00abRall\u00e8grati, piena di grazia: il Signore \u00e8 con te\u00bb.<\/span><\/p>\n<p style=\"text-align: justify;\"><span style=\"font-family: arial, helvetica, sans-serif;\">A queste parole ella fu molto turbata e si domandava che senso avesse un saluto come questo. L&#8217;angelo le disse: \u00abNon temere, Maria, perch\u00e8 hai trovato grazia presso Dio. Ed ecco, concepirai un figlio, lo darai alla luce e lo chiamerai Ges\u00f9.<\/span><\/p>\n<p style=\"text-align: justify;\"><span style=\"font-family: arial, helvetica, sans-serif;\">Sar\u00e0\u00a0 grande e verr\u00e0\u00a0 chiamato Figlio dell&#8217;Altissimo; il Signore Dio gli dar\u00e0\u00a0 il trono di Davide suo padre e regner\u00e0\u00a0 per sempre sulla casa di Giacobbe e il suo regno non avr\u00e0\u00a0 fine\u00bb.<\/span><\/p>\n<p style=\"text-align: justify;\"><span style=\"font-family: arial, helvetica, sans-serif;\">Allora Maria disse all&#8217;angelo: \u00abCome avverr\u00e0\u00a0 questo, poich\u00e8 non conosco uomo?\u00bb. Le rispose l&#8217;angelo: \u00abLo Spirito Santo scender\u00e0\u00a0 su di te e la potenza dell&#8217;Altissimo ti coprir\u00e0\u00a0 con la sua ombra. Perci\u00f2 colui che nascer\u00e0\u00a0 sar\u00e0\u00a0 santo e sar\u00e0\u00a0 chiamato Figlio di Dio. Ed ecco, Elisabetta, tua parente, nella sua vecchiaia ha concepito anch&#8217;essa un figlio e questo \u00e8 il sesto mese per lei, che era detta sterile: nulla \u00e8 impossibile a Dio\u00bb.<\/span><\/p>\n<p style=\"text-align: justify;\"><span style=\"font-family: arial, helvetica, sans-serif;\">Allora Maria disse: \u00abEcco la serva del Signore: avvenga per me secondo la tua parola\u00bb. E l&#8217;angelo si allontan\u00f2 da lei.<\/span><\/p>\n<p style=\"text-align: justify;\"><span style=\"font-family: arial, helvetica, sans-serif;\">(Dal Vangelo di Luca 1,26-38)<\/span><\/p>\n<\/blockquote>\n<p style=\"text-align: justify;\">\n<p style=\"text-align: justify;\"><strong><span style=\"font-family: arial, helvetica, sans-serif;\">SI o NO?<\/span><\/strong><\/p>\n<p style=\"text-align: justify;\"><strong><span style=\"font-family: arial, helvetica, sans-serif;\">E&#8217; la domanda che a bruciapelo ho fatto ai ragazzi delle medie gioved\u00ec scorso, in chiesa durante l&#8217;incontro di catechismo. Ho chiesto di rispondermi in anticipo con un &#8220;si&#8221; oppure con un &#8220;no&#8221; ad una proposta che avevo per loro ma che avrei svelata loro solo dopo la risposta. Non accettavo &#8220;ni&#8221; o non risposte, che avrei valutato per un &#8220;no&#8221;.<\/span><\/strong><\/p>\n<p style=\"text-align: justify;\"><strong><span style=\"font-family: arial, helvetica, sans-serif;\">Qualcuno ha subito detto &#8220;si&#8221;, ma la gran parte ha risposto con un &#8220;no&#8221;, qualcuno in modo deciso qualcun altro sottovoce. Ovviamente ero interessato al &#8220;perch\u00e8 si&#8221; e al &#8220;perch\u00e8 no&#8221;&#8230; <\/span><\/strong><br \/>\n<strong><span style=\"font-family: arial, helvetica, sans-serif;\">E li \u00e8 stato per me interessante, perch\u00e8 dietro ad un monosillabo ci stavano atteggiamenti e motivazioni diverse. C&#8217;\u00e8 chi ha detto &#8220;si&#8221; per curiosit\u00e0\u00a0, chi perch\u00e8 &#8220;il don non ci pu\u00f2 proporre qualcosa di pericoloso&#8221;. Qualcuno ha detto &#8220;si&#8221; perch\u00e8 &#8220;siamo in chiesa&#8221;, e altri perch\u00e8 ci sono altri che hanno detto &#8220;si&#8221; e quindi ci sta se non \u00e8  \u00a0da solo&#8230; Anche chi ha detto &#8220;no&#8221; aveva motivazioni diverse: chi perch\u00e8 non si fida delle cose al buio, chi non ha voglia di fare cose nuove, chi perch\u00e8 &#8220;forse \u00e8 faticoso&#8221;, e anche qui chi ha detto &#8220;no&#8221; perch\u00e8 altri suoi amici hanno detto &#8220;no&#8221;&#8230;<\/span><\/strong><\/p>\n<p style=\"text-align: justify;\"><strong><span style=\"font-family: arial, helvetica, sans-serif;\">Maria il giorno in cui l&#8217;Angelo le appare come inviato da Dio dice &#8220;si&#8221; alla sua proposta. All&#8217;inizio \u00e8 spaventata e si sente inadeguata. L&#8217;evangelista Luca parlandoci di Maria non vuole darci l&#8217;idea di una super-donna diversa da noi. Anche lei si sente piccola piccola davanti a Dio e alle sue proposte. Lei, giovane donna di una piccola citt\u00e0\u00a0 lontana dai centri religiosi, si sente &#8220;fuori scala&#8221; per Dio. Per questo \u00e8 turbata e si fa domande. Cosa c&#8217;entra Dio con lei? Che relazione tra il piano di Salvezza di Dio e la sua piccola vita? Forse \u00e8 tentata anche lei a dire &#8220;no&#8221;, non per cattiveria, ma per ragionevolezza. Potrebbe dire un bel &#8220;non fa per me&#8221; e lasciare a qualche altra donna bel pi\u00f9 capace di lei questo compito cos\u00ec grande di fare da madre del Figlio di Dio (e chiss\u00e0\u00a0 cosa voleva dire questa cosa&#8230; certamente non ha il tempo per farsi un corso di teologia per rispondere).<\/span><\/strong><\/p>\n<p style=\"text-align: justify;\"><strong><span style=\"font-family: arial, helvetica, sans-serif;\">La solennit\u00e0\u00a0 di questo 8 dicembre ci dice che lei \u00e8 stata concepita senza peccato originale, lei \u00e8 l&#8217;immacolata concezione, ma non \u00e8 stata concepita senza dubbi e senza paure. E penso proprio che lei non sapesse nemmeno di essere stata preparata da Dio fin dal concepimento per quel compito di maternit\u00e0\u00a0 divina. Maria \u00e8 una semplice donna che per\u00f2 alla fine dice &#8220;si&#8221;, fidandosi di Dio. Maria si fida sapendo che Dio non le potr\u00e0\u00a0 certo fare del male e che con lei ci sono tanti altri che con i loro piccoli &#8220;si&#8221; hanno contribuito alla Storia della Salvezza.<\/span><\/strong><\/p>\n<p style=\"text-align: justify;\"><strong><span style=\"font-family: arial, helvetica, sans-serif;\">Maria \u00e8 donna vera del &#8220;si&#8221;, un &#8220;si&#8221; umanissimo, pieno di dubbi e incertezze ma non meno deciso. Maria dice &#8220;si&#8221; a Dio anche se non ha ben presente e chiara tutta la proposta dell&#8217;angelo Gabriele.<\/span><\/strong><\/p>\n<p style=\"text-align: justify;\"><strong><span style=\"font-family: arial, helvetica, sans-serif;\">Vorrei tanto che i ragazzi imparassero a dire pi\u00f9 &#8220;si&#8221; a Dio che &#8220;no&#8221; ma in questo hanno bisogno della testimonianza di noi adulti e di tutta la comunit\u00e0\u00a0 cristiana. Anche se non capiamo tutto il piano di Dio e anche se non abbiamo tutte le certezze e conoscenze del Vangelo, siamo chiamati a fare come Maria e dire pi\u00f9 &#8220;si&#8221; che &#8220;no&#8221;, con fiducia, slancio e anche un pizzico di gioia.<\/span><\/strong><\/p>\n<p style=\"text-align: justify;\"><span style=\"font-family: arial, helvetica, sans-serif;\">Giovanni don<\/span><\/p>\n","protected":false},"excerpt":{"rendered":"<p>Domenica 8 dicembre 2019 IMMACOLATA CONCEZIONE In quel tempo, l&#8217;angelo Gabriele fu mandato da Dio in una citt\u00e0\u00a0 della Galilea, chiamata N\u00e0\u00a0zaret, a una vergine, promessa sposa di un uomo della casa di Davide, di nome Giuseppe. La vergine si chiamava Maria. Entrando da lei, disse: \u00abRall\u00e8grati, piena di grazia: il Signore \u00e8 con te\u00bb. A queste parole ella fu molto turbata e si domandava che senso avesse un saluto come questo. L&#8217;angelo le disse: \u00abNon temere, Maria, perch\u00e8 hai trovato grazia presso Dio. Ed ecco, concepirai un figlio, lo darai alla luce e lo chiamerai Ges\u00f9. Sar\u00e0\u00a0 grande e<\/p>\n","protected":false},"author":1,"featured_media":0,"comment_status":"open","ping_status":"open","sticky":false,"template":"","format":"standard","meta":{"footnotes":""},"categories":[],"tags":[],"class_list":["post-3195","post","type-post","status-publish","format-standard","hentry"],"_links":{"self":[{"href":"https:\/\/www.gioba.it\/sito\/wp-json\/wp\/v2\/posts\/3195","targetHints":{"allow":["GET"]}}],"collection":[{"href":"https:\/\/www.gioba.it\/sito\/wp-json\/wp\/v2\/posts"}],"about":[{"href":"https:\/\/www.gioba.it\/sito\/wp-json\/wp\/v2\/types\/post"}],"author":[{"embeddable":true,"href":"https:\/\/www.gioba.it\/sito\/wp-json\/wp\/v2\/users\/1"}],"replies":[{"embeddable":true,"href":"https:\/\/www.gioba.it\/sito\/wp-json\/wp\/v2\/comments?post=3195"}],"version-history":[{"count":1,"href":"https:\/\/www.gioba.it\/sito\/wp-json\/wp\/v2\/posts\/3195\/revisions"}],"predecessor-version":[{"id":3197,"href":"https:\/\/www.gioba.it\/sito\/wp-json\/wp\/v2\/posts\/3195\/revisions\/3197"}],"wp:attachment":[{"href":"https:\/\/www.gioba.it\/sito\/wp-json\/wp\/v2\/media?parent=3195"}],"wp:term":[{"taxonomy":"category","embeddable":true,"href":"https:\/\/www.gioba.it\/sito\/wp-json\/wp\/v2\/categories?post=3195"},{"taxonomy":"post_tag","embeddable":true,"href":"https:\/\/www.gioba.it\/sito\/wp-json\/wp\/v2\/tags?post=3195"}],"curies":[{"name":"wp","href":"https:\/\/api.w.org\/{rel}","templated":true}]}}