{"id":3198,"date":"2019-12-12T16:18:03","date_gmt":"2019-12-12T16:18:03","guid":{"rendered":"http:\/\/www.gioba.it\/?p=3198"},"modified":"2019-12-12T16:18:03","modified_gmt":"2019-12-12T16:18:03","slug":"scandalosa-misericordia","status":"publish","type":"post","link":"https:\/\/www.gioba.it\/sito\/2019\/12\/12\/scandalosa-misericordia\/","title":{"rendered":"scandalosa misericordia"},"content":{"rendered":"<p style=\"text-align: justify;\"><a href=\"http:\/\/www.gioba.it\/sito\/wp-content\/uploads\/2019\/12\/battista-fondamentalista-colored.jpg\"><img loading=\"lazy\" decoding=\"async\" class=\"alignleft  wp-image-3199\" src=\"http:\/\/www.gioba.it\/sito\/wp-content\/uploads\/2019\/12\/battista-fondamentalista-colored.jpg\" alt=\"\" width=\"593\" height=\"500\" \/><\/a><\/p>\n<p style=\"text-align: justify;\"><strong><span style=\"font-family: arial, helvetica, sans-serif;\">DOMENICA 15 dicembre 2019<\/span><\/strong><\/p>\n<p style=\"text-align: justify;\"><strong><span style=\"font-family: arial, helvetica, sans-serif;\">III di Avvento<\/span><\/strong><\/p>\n<p style=\"text-align: justify;\">\n<blockquote>\n<p style=\"text-align: justify;\"><span style=\"font-family: arial, helvetica, sans-serif;\">In quel tempo, Giovanni, che era in carcere, avendo sentito parlare delle opere del Cristo, per mezzo dei suoi discepoli mand\u00f2 a dirgli: \u00abSei tu colui che deve venire o dobbiamo aspettare un altro?\u00bb. Ges\u00f9 rispose loro: \u00abAndate e riferite a Giovanni ci\u00f2 che udite e vedete: I ciechi riacquistano la vista, gli zoppi camminano, i lebbrosi sono purificati, i sordi odono, i morti risuscitano, ai poveri \u00e8 annunciato il Vangelo. E beato \u00e8 colui che non trova in me motivo di scandalo!\u00bb.<\/span><br \/>\n<span style=\"font-family: arial, helvetica, sans-serif;\">Mentre quelli se ne andavano, Ges\u00f9 si mise a parlare di Giovanni alle folle: \u00abChe cosa siete andati a vedere nel deserto? Una canna sbattuta dal vento? Allora, che cosa siete andati a vedere? Un uomo vestito con abiti di lusso? Ecco, quelli che vestono abiti di lusso stanno nei palazzi dei re! Ebbene, che cosa siete andati a vedere? Un profeta? S\u00ec, io vi dico, anzi, pi\u00f9 che un profeta. Egli \u00e8 colui del quale sta scritto: &#8220;Ecco, dinanzi a te io mando il mio messaggero, davanti a te egli preparer\u00e0\u00a0 la tua via&#8221;.<\/span><br \/>\n<span style=\"font-family: arial, helvetica, sans-serif;\">In verit\u00e0\u00a0 io vi dico: fra i nati da donna non \u00e8 sorto alcuno pi\u00f9 grande di Giovanni il Battista; ma il pi\u00f9 piccolo nel regno dei cieli \u00e8 pi\u00f9 grande di lui\u00bb.<\/span><\/p>\n<p style=\"text-align: justify;\"><span style=\"font-family: arial, helvetica, sans-serif;\">(Dal Vangelo di Matteo 11,2-11)<\/span><\/p>\n<\/blockquote>\n<p style=\"text-align: justify;\">\n<p style=\"text-align: justify;\"><strong><span style=\"font-family: arial, helvetica, sans-serif;\">&#8220;Un giorno senza un sorriso \u00e8 un giorno perso&#8221; diceva Charlie Chaplin, e anche se non viene da un teologo o studioso della Bibbia, penso abbia dentro una profonda verit\u00e0\u00a0 di fede.<\/span><\/strong><\/p>\n<p style=\"text-align: justify;\"><strong><span style=\"font-family: arial, helvetica, sans-serif;\">L&#8217;Avvento \u00e8 il tempo liturgico che ci prepara al Natale, ma \u00e8 anche lo stile di tutta la vita cristiana qui in terra, tesa verso l&#8217;incontro definitivo con Dio in cielo. E questo incontro definitivo con l&#8217;amore di Dio ha gi\u00e0\u00a0 avuto una realizzazione storica nella venuta di Dio stesso tra gli uomini, nell&#8217;uomo Ges\u00f9.<\/span><\/strong><\/p>\n<p style=\"text-align: justify;\"><strong><span style=\"font-family: arial, helvetica, sans-serif;\">Come cristiano quindi sono in attesa di questo incontro con Dio e imposto la mia vita su quel primo incontro stupendo, quando Dio \u00e8 venuto nella mia storia con Ges\u00f9. Ovviamente ora come ora non vedo tutto Dio, non tutto mi \u00e8 chiaro di questa sua presenza. Anzi, se sono sincero con me stesso, ho molti dubbi che mi frenano nella gioia e nella speranza. Vedo attorno a me tanto male, e anche dentro di me, nelle mie durezze di cuore e nei miei continui sbagli. Vorrei che finalmente in un colpo solo tutto il male dentro e attorno a me sparisse e finalmente Dio si mostrasse evidente e luminoso. Se Dio \u00e8 presente nella storia umana, perch\u00e8 c&#8217;\u00e8 tanta incoerenza in coloro che dicono di credere lui? Perch\u00e8 la Chiesa e tanti cristiani sono cos\u00ec lontani da quello che predicano?<\/span><\/strong><\/p>\n<p style=\"text-align: justify;\"><strong><span style=\"font-family: arial, helvetica, sans-serif;\">Il Vangelo di questa terza domenica di Avvento ci presenta il dialogo a distanza tra Giovanni il Battista e Ges\u00f9. E&#8217; un dialogo abbastanza drammatico. Giovanni \u00e8 in carcere per la sua predicazione e rischia la morte. Ma la cosa che pi\u00f9 lo fa soffrire \u00e8 che gli sono sorti dei dubbi su quell&#8217;uomo, suo parente, che lui stesso aveva indicato come il Messia. Ma lo \u00e8 veramente? Non \u00e8 come se lo aspettava e come lo aveva presentato. Ges\u00f9 si sta manifestando come Messia misericordioso, che non condanna i peccatori ma addirittura li cerca e si siede a tavola con loro. Ges\u00f9 ha un approccio al mondo fatto di amicizia, di mano tesa ai peccatori, e si prende cura delle persone, senza guardare alla loro morale. Questo inizia a scandalizzare Giovanni, che invece parlava di un messia pronto a scacciare subito il male e che aveva gi\u00e0\u00a0 pronta &#8220;la scure alla base dell&#8217;albero malato&#8221;.<\/span><\/strong><\/p>\n<p style=\"text-align: justify;\"><strong><span style=\"font-family: arial, helvetica, sans-serif;\">Gli manda a dire &#8220;ma sei tu o dobbiamo aspettare un altro?&#8221;. Questa domanda \u00e8 la stessa \u00e8 anche dentro di me e forse dentro tutti i cristiani: \u00e8 veramente Ges\u00f9 con la sua misericordia la risposta al male che c&#8217;\u00e8 nel mondo? E&#8217; davvero il Vangelo del perdono e della carit\u00e0\u00a0 il modo giusto per salvare l&#8217;umanit\u00e0\u00a0? E&#8217; nella fede che trovo la salvezza della mia vita o devo rivolgermi a qualcos&#8217;altro (potere, denaro, consenso, salute, beni materiali&#8230;)?<\/span><\/strong><\/p>\n<p style=\"text-align: justify;\"><strong><span style=\"font-family: arial, helvetica, sans-serif;\">Ges\u00f9 non condanna i dubbi del cugino in carcere ma gli risponde con la Sacra Scrittura in cui Giovanni confidava. Ges\u00f9 invita Giovanni a vedere nella sua azione la realizzazione delle antiche promesse di Dio attraverso i Profeti. Dio \u00e8 all&#8217;opera nell&#8217;uomo Ges\u00f9 proprio perch\u00e8 Ges\u00f9 si prende cura di coloro che stanno male e sono segnati dal limite e perch\u00e8 annuncia la salvezza agli ultimi, i poveri. E&#8217; proprio la &#8220;scandalosa&#8221; misericordia ad essere il segno pi\u00f9 evidente che \u00e8 lui e non altri il vero Messia, colui che \u00e8 venuto a salvare il mondo malato.<\/span><\/strong><\/p>\n<p style=\"text-align: justify;\"><strong><span style=\"font-family: arial, helvetica, sans-serif;\">Ai miei dubbi di fede che sono come quelli di Giovanni Battista, il Vangelo quindi mi risponde invitandomi a scommettere di pi\u00f9 sui piccoli gesti di misericordia che ci sono sia dentro la mia vita che attorno a me, in coloro che li compiono. Non vedo tutto subito e non tutto mi \u00e8 pienamente chiaro, ma questo \u00e8 il tempo della vita in attesa della manifestazione definitiva. Nel frattempo prendo coraggio e speranza proprio dai piccoli gesti, dai piccoli segni di misericordia. Anche un sorriso pu\u00f2 essere un segno di questa presenza di Dio, anche un abbraccio e una mano tesa, anche un piccolo gesto di carit\u00e0\u00a0, anche un atto di perdono, tutto questo rende la mia breve giornata una giornata non persa, perch\u00e8 orientata a Dio che \u00e8 venuto e verr\u00e0\u00a0 ancora.<\/span><\/strong><\/p>\n<p style=\"text-align: justify;\"><span style=\"font-family: arial, helvetica, sans-serif;\">Giovanni don<\/span><\/p>\n","protected":false},"excerpt":{"rendered":"<p>DOMENICA 15 dicembre 2019 III di Avvento In quel tempo, Giovanni, che era in carcere, avendo sentito parlare delle opere del Cristo, per mezzo dei suoi discepoli mand\u00f2 a dirgli: \u00abSei tu colui che deve venire o dobbiamo aspettare un altro?\u00bb. Ges\u00f9 rispose loro: \u00abAndate e riferite a Giovanni ci\u00f2 che udite e vedete: I ciechi riacquistano la vista, gli zoppi camminano, i lebbrosi sono purificati, i sordi odono, i morti risuscitano, ai poveri \u00e8 annunciato il Vangelo. E beato \u00e8 colui che non trova in me motivo di scandalo!\u00bb. Mentre quelli se ne andavano, Ges\u00f9 si mise a parlare<\/p>\n","protected":false},"author":1,"featured_media":0,"comment_status":"open","ping_status":"open","sticky":false,"template":"","format":"standard","meta":{"footnotes":""},"categories":[],"tags":[],"class_list":["post-3198","post","type-post","status-publish","format-standard","hentry"],"_links":{"self":[{"href":"https:\/\/www.gioba.it\/sito\/wp-json\/wp\/v2\/posts\/3198","targetHints":{"allow":["GET"]}}],"collection":[{"href":"https:\/\/www.gioba.it\/sito\/wp-json\/wp\/v2\/posts"}],"about":[{"href":"https:\/\/www.gioba.it\/sito\/wp-json\/wp\/v2\/types\/post"}],"author":[{"embeddable":true,"href":"https:\/\/www.gioba.it\/sito\/wp-json\/wp\/v2\/users\/1"}],"replies":[{"embeddable":true,"href":"https:\/\/www.gioba.it\/sito\/wp-json\/wp\/v2\/comments?post=3198"}],"version-history":[{"count":1,"href":"https:\/\/www.gioba.it\/sito\/wp-json\/wp\/v2\/posts\/3198\/revisions"}],"predecessor-version":[{"id":3200,"href":"https:\/\/www.gioba.it\/sito\/wp-json\/wp\/v2\/posts\/3198\/revisions\/3200"}],"wp:attachment":[{"href":"https:\/\/www.gioba.it\/sito\/wp-json\/wp\/v2\/media?parent=3198"}],"wp:term":[{"taxonomy":"category","embeddable":true,"href":"https:\/\/www.gioba.it\/sito\/wp-json\/wp\/v2\/categories?post=3198"},{"taxonomy":"post_tag","embeddable":true,"href":"https:\/\/www.gioba.it\/sito\/wp-json\/wp\/v2\/tags?post=3198"}],"curies":[{"name":"wp","href":"https:\/\/api.w.org\/{rel}","templated":true}]}}