{"id":3219,"date":"2020-01-02T18:39:43","date_gmt":"2020-01-02T18:39:43","guid":{"rendered":"http:\/\/www.gioba.it\/?p=3219"},"modified":"2020-01-02T18:39:43","modified_gmt":"2020-01-02T18:39:43","slug":"epifania-antidoto-alla-paura","status":"publish","type":"post","link":"https:\/\/www.gioba.it\/sito\/2020\/01\/02\/epifania-antidoto-alla-paura\/","title":{"rendered":"Epifania antidoto alla paura"},"content":{"rendered":"<p><a href=\"http:\/\/www.gioba.it\/sito\/wp-content\/uploads\/2020\/01\/magi-frenati-colored.jpg\"><img loading=\"lazy\" decoding=\"async\" class=\"alignleft  wp-image-3220\" src=\"http:\/\/www.gioba.it\/sito\/wp-content\/uploads\/2020\/01\/magi-frenati-colored.jpg\" alt=\"\" width=\"591\" height=\"498\" \/><\/a><\/p>\n<p style=\"text-align: justify;\"><strong><span style=\"font-family: arial, helvetica, sans-serif;\">LUNEDI&#8217; 6 gennaio 2020<\/span><\/strong><\/p>\n<p style=\"text-align: justify;\"><strong><span style=\"font-family: arial, helvetica, sans-serif;\">EPIFANIA del SIGNORE<\/span><\/strong><\/p>\n<blockquote>\n<p style=\"text-align: justify;\"><span style=\"font-family: arial, helvetica, sans-serif;\">Nato Ges\u00f9 a Betlemme di Giudea, al tempo del re Erode, ecco, alcuni Magi vennero da oriente a Gerusalemme e dicevano: \u00abDov&#8217;\u00e8 colui che \u00e8 nato, il re dei Giudei? Abbiamo visto spuntare la sua stella e siamo venuti ad adorarlo\u00bb. All&#8217;udire questo, il re Erode rest\u00f2 turbato e con lui tutta Gerusalemme. Riuniti tutti i capi dei sacerdoti e gli scribi del popolo, si informava da loro sul luogo in cui doveva nascere il Cristo. Gli risposero: \u00abA Betlemme di Giudea, perch\u00e8 cos\u00ec \u00e8 scritto per mezzo del profeta: &#8220;E tu, Betlemme, terra di Giuda, non sei davvero l&#8217;ultima delle citt\u00e0\u00a0 principali di Giuda: da te infatti uscir\u00e0\u00a0 un capo che sar\u00e0\u00a0 il pastore del mio popolo, Israele&#8221;\u00bb.<\/span><br \/>\n<span style=\"font-family: arial, helvetica, sans-serif;\">Allora Erode, chiamati segretamente i Magi, si fece dire da loro con esattezza il tempo in cui era apparsa la stella e li invi\u00f2 a Betlemme dicendo: \u00abAndate e informatevi accuratamente sul bambino e, quando l&#8217;avrete trovato, fatemelo sapere, perch\u00e8 anch&#8217;io venga ad adorarlo\u00bb.<\/span><br \/>\n<span style=\"font-family: arial, helvetica, sans-serif;\">Udito il re, essi partirono. Ed ecco, la stella, che avevano visto spuntare, li precedeva, finch\u00e8 giunse e si ferm\u00f2 sopra il luogo dove si trovava il bambino. Al vedere la stella, provarono una gioia grandissima. Entrati nella casa, videro il bambino con Maria sua madre, si prostrarono e lo adorarono. Poi aprirono i loro scrigni e gli offrirono in dono oro, incenso e mirra. Avvertiti in sogno di non tornare da Erode, per un&#8217;altra strada fecero ritorno al loro paese.<\/span><\/p>\n<p style=\"text-align: justify;\"><span style=\"font-family: arial, helvetica, sans-serif;\">(dal Vangelo di Matteo 2,1-12)<\/span><\/p>\n<\/blockquote>\n<p style=\"text-align: justify;\">\n<p style=\"text-align: justify;\"><strong><span style=\"font-family: arial, helvetica, sans-serif;\">La paura \u00e8 un&#8217;emozione necessaria che ci preserva dai pericoli. Se non provassimo paura saremmo a rischio di farci continuamente del male non pensando alle conseguenze anche immediate di azioni e scelte. La paura \u00e8 come il parapetto di un balcone che delimita lo spazio sicuro per non cadere di sotto. Ma la paura non pu\u00f2 essere il sentimento principale che guida la vita e il nostro cammino.<\/span><\/strong><\/p>\n<p style=\"text-align: justify;\"><strong><span style=\"font-family: arial, helvetica, sans-serif;\">La paura fuori controllo rischia di diventare una gabbia che ci chiude alle relazioni e alle nuove scoperte che possiamo fare. Se impostiamo la vita sulle paure alla fine rimaniamo bloccati e infelici.<\/span><\/strong><\/p>\n<p style=\"text-align: justify;\"><strong><span style=\"font-family: arial, helvetica, sans-serif;\">La paura dev&#8217;essere serva della speranza e della fiducia. La paura pu\u00f2 essere il punto di partenza ma non diventare come una catena.<\/span><\/strong><\/p>\n<p style=\"text-align: justify;\"><strong><span style=\"font-family: arial, helvetica, sans-serif;\">Mi viene in mente la paura che mi ha confidato un mio amico che in questi giorni viene ordinato prete. E&#8217; normale e umano difronte ad una tappa cos\u00ec importante e definitiva. Se non ci fosse paura vorrebbe dire che si sottovaluta il compito che si ha davanti e alla fine lo trattiamo come piccola cosa. E&#8217; come la paura dell&#8217;attore alla prima di uno spettacolo che rimane sempre un po&#8217; anche dopo cento repliche, anche se l&#8217;esperienza della fiducia e dell&#8217;essersi buttato le altre 99 volte lo rendono pi\u00f9 sicuro&#8230; anche se non al 100%<\/span><\/strong><\/p>\n<p style=\"text-align: justify;\"><strong><span style=\"font-family: arial, helvetica, sans-serif;\">I Magi, raccontati dal Vangelo di Matteo, sono partiti per un incontro misterioso quanto misteriosi lo sono loro stessi per noi. Sappiamo poco di questi personaggi. Quel che sappiamo \u00e8 che vengono da fuori e non appartengono al popolo di Israele, il quale proprio per paura, molti anni dopo, rifiuter\u00e0\u00a0 Ges\u00f9 chiudendosi in s\u00e8 stesso. I magi vengono carichi di incognite alle quali cercano una risposta. Ma proprio l\u00e0\u00a0 dove dovrebbero esserci risposte trovano un muro di paure trasformato in barriere di inganno, sotterfugi e silenzi. Erode, che pure lui \u00e8 straniero prestato alla guida del popolo di Israele, \u00e8 prigioniero della paura di perdere il potere. Incontra i magi ma solo per poco e quell&#8217;incontro non si ripeter\u00e0\u00a0 pi\u00f9, anche perch\u00e8 il primo incontro era dettato da falsit\u00e0\u00a0 e finto interesse.<\/span><\/strong><\/p>\n<p style=\"text-align: justify;\"><strong><span style=\"font-family: arial, helvetica, sans-serif;\">Ges\u00f9 non ha paura di farsi incontrare dai misteriosi viaggiatori che rappresentano in un colpo solo tutta l&#8217;umanit\u00e0\u00a0 con tutte le sue variet\u00e0\u00a0 e differenze. Ges\u00f9 manifesta (Epifania) s\u00e8 stesso come Signore proprio a chi \u00e8 pi\u00f9 lontano e diverso, ma desideroso di incontrare e creare legami. Ges\u00f9 restituir\u00e0\u00a0 la visita ai magi incontrando lungo la sua missione proprio i pi\u00f9 lontani. Ges\u00f9 non avr\u00e0\u00a0 paura di toccare gli impuri, di sedere con i peccatori e di farsi baciare dalle donne di malaffare. Ges\u00f9 porter\u00e0\u00a0 s\u00e8 stesso come dono in restituzione ai doni ricevuti dai magi, che erano il simbolo della missione regale (oro), profetica (incenso) e d&#8217;amore (mirra) di Ges\u00f9.<\/span><\/strong><\/p>\n<p style=\"text-align: justify;\"><strong><span style=\"font-family: arial, helvetica, sans-serif;\">Anche Ges\u00f9 avr\u00e0\u00a0 paura difronte all&#8217;incontro pi\u00f9 radicale e definitivo con gli uomini quando dovr\u00e0\u00a0 salire sulla croce. Ma non sar\u00e0\u00a0 una paura che lo blocca. \u00a0<\/span><\/strong><\/p>\n<p style=\"text-align: justify;\"><strong><span style=\"font-family: arial, helvetica, sans-serif;\">Anche noi siamo immersi nelle nostre tante paure: le paure di affrontare la vita, il lavoro, le relazioni con gli altri. Sono le paure riguardo la nostra salute e quella dei nostri cari. Abbiamo tante paure e purtroppo ci sono coloro che sulle paure spesso costruiscono il consenso promettendoci barriere e muri per essere al sicuro. Ma se la nostra vita \u00e8 orientata dalla paura alla fine ci ritroveremo soli e pi\u00f9 poveri.<\/span><\/strong><\/p>\n<p style=\"text-align: justify;\"><strong><span style=\"font-family: arial, helvetica, sans-serif;\">Saremo prigionieri nella nostra torre con tutto in tasca (forse) ma alla fine nessuno accanto. Questo vale per la vita personale, cos\u00ec come quella nella chiesa e nella societ\u00e0\u00a0, fino a livello di nazioni e popoli. Papa Francesco in un passaggio del messaggio per la giornata per la pace scrive: &#8220;Sfiducia e paura aumentano la fragilit\u00e0\u00a0 dei rapporti e il rischio di violenza, in un circolo vizioso che non potr\u00e0\u00a0 mai condurre a una relazione di pace. Perci\u00f2, non possiamo pretendere di mantenere la stabilit\u00e0\u00a0 nel mondo attraverso la paura dell&#8217;annientamento, in un equilibrio quanto mai instabile, sospeso sull&#8217;orlo del baratro nucleare e chiuso all&#8217;interno dei muri dell&#8217;indifferenza, dove si prendono decisioni socio-economiche che aprono la strada ai drammi dello scarto dell&#8217;uomo e del creato, invece di custodirci gli uni gli altri&#8221;. Ecco cosa significa costruire il mondo sulle paure&#8230;<\/span><\/strong><\/p>\n<p style=\"text-align: justify;\"><strong><span style=\"font-family: arial, helvetica, sans-serif;\">Non so nulla di quei magi, e mi piace che la tradizione ce li rappresenti di colori e razze diverse. Li voglio ringraziare perch\u00e8 il loro coraggio e la loro determinazione di superare deserto, mura, diffidenze e paure li ha portati a Ges\u00f9. E sicuramente anche da quell&#8217;incontro Ges\u00f9 ha tratto ispirazione e coraggio&#8230; anche per me.<\/span><\/strong><\/p>\n<p style=\"text-align: justify;\"><span style=\"font-family: arial, helvetica, sans-serif;\">Giovanni don<\/span><\/p>\n","protected":false},"excerpt":{"rendered":"<p>LUNEDI&#8217; 6 gennaio 2020 EPIFANIA del SIGNORE Nato Ges\u00f9 a Betlemme di Giudea, al tempo del re Erode, ecco, alcuni Magi vennero da oriente a Gerusalemme e dicevano: \u00abDov&#8217;\u00e8 colui che \u00e8 nato, il re dei Giudei? Abbiamo visto spuntare la sua stella e siamo venuti ad adorarlo\u00bb. All&#8217;udire questo, il re Erode rest\u00f2 turbato e con lui tutta Gerusalemme. Riuniti tutti i capi dei sacerdoti e gli scribi del popolo, si informava da loro sul luogo in cui doveva nascere il Cristo. Gli risposero: \u00abA Betlemme di Giudea, perch\u00e8 cos\u00ec \u00e8 scritto per mezzo del profeta: &#8220;E tu, Betlemme,<\/p>\n","protected":false},"author":1,"featured_media":0,"comment_status":"open","ping_status":"open","sticky":false,"template":"","format":"standard","meta":{"footnotes":""},"categories":[],"tags":[],"class_list":["post-3219","post","type-post","status-publish","format-standard","hentry"],"_links":{"self":[{"href":"https:\/\/www.gioba.it\/sito\/wp-json\/wp\/v2\/posts\/3219","targetHints":{"allow":["GET"]}}],"collection":[{"href":"https:\/\/www.gioba.it\/sito\/wp-json\/wp\/v2\/posts"}],"about":[{"href":"https:\/\/www.gioba.it\/sito\/wp-json\/wp\/v2\/types\/post"}],"author":[{"embeddable":true,"href":"https:\/\/www.gioba.it\/sito\/wp-json\/wp\/v2\/users\/1"}],"replies":[{"embeddable":true,"href":"https:\/\/www.gioba.it\/sito\/wp-json\/wp\/v2\/comments?post=3219"}],"version-history":[{"count":1,"href":"https:\/\/www.gioba.it\/sito\/wp-json\/wp\/v2\/posts\/3219\/revisions"}],"predecessor-version":[{"id":3221,"href":"https:\/\/www.gioba.it\/sito\/wp-json\/wp\/v2\/posts\/3219\/revisions\/3221"}],"wp:attachment":[{"href":"https:\/\/www.gioba.it\/sito\/wp-json\/wp\/v2\/media?parent=3219"}],"wp:term":[{"taxonomy":"category","embeddable":true,"href":"https:\/\/www.gioba.it\/sito\/wp-json\/wp\/v2\/categories?post=3219"},{"taxonomy":"post_tag","embeddable":true,"href":"https:\/\/www.gioba.it\/sito\/wp-json\/wp\/v2\/tags?post=3219"}],"curies":[{"name":"wp","href":"https:\/\/api.w.org\/{rel}","templated":true}]}}