{"id":3228,"date":"2020-01-17T18:16:15","date_gmt":"2020-01-17T18:16:15","guid":{"rendered":"http:\/\/www.gioba.it\/?p=3228"},"modified":"2020-01-17T18:20:12","modified_gmt":"2020-01-17T18:20:12","slug":"la-fede-oltre-la-superficie","status":"publish","type":"post","link":"https:\/\/www.gioba.it\/sito\/2020\/01\/17\/la-fede-oltre-la-superficie\/","title":{"rendered":"la fede oltre la superficie"},"content":{"rendered":"<p style=\"text-align: justify;\"><a href=\"http:\/\/www.gioba.it\/sito\/wp-content\/uploads\/2020\/01\/battista-colpi-di-sole-colored.jpg\"><img loading=\"lazy\" decoding=\"async\" class=\"alignleft wp-image-3229\" src=\"http:\/\/www.gioba.it\/sito\/wp-content\/uploads\/2020\/01\/battista-colpi-di-sole-colored.jpg\" alt=\"\" width=\"590\" height=\"497\" \/><\/a><\/p>\n<p style=\"text-align: justify;\"><strong><span style=\"font-family: arial, helvetica, sans-serif;\">DOMENICA 19 gennaio 2020<\/span><\/strong><\/p>\n<blockquote>\n<p style=\"text-align: justify;\"><span style=\"font-family: arial, helvetica, sans-serif;\">In quel tempo, Giovanni, vedendo Ges\u00f9 venire verso di lui, disse: \u00abEcco l&#8217;agnello di Dio, colui che toglie il peccato del mondo! Egli \u00e8 colui del quale ho detto: &#8220;Dopo di me viene un uomo che \u00e8 avanti a me, perch\u00e8 era prima di me&#8221;. Io non lo conoscevo, ma sono venuto a battezzare nell&#8217;acqua, perch\u00e8 egli fosse manifestato a Israele\u00bb.<\/span><br \/>\n<span style=\"font-family: arial, helvetica, sans-serif;\">Giovanni testimoni\u00f2 dicendo: \u00abHo contemplato lo Spirito discendere come una colomba dal cielo e rimanere su di lui. Io non lo conoscevo, ma proprio colui che mi ha inviato a battezzare nell&#8217;acqua mi disse: &#8220;Colui sul quale vedrai discendere e rimanere lo Spirito, \u00e8 lui che battezza nello Spirito Santo&#8221;. E io ho visto e ho testimoniato che questi \u00e8 il Figlio di Dio\u00bb.<\/span><\/p>\n<p style=\"text-align: justify;\"><span style=\"font-family: arial, helvetica, sans-serif;\">(dal Vangelo di Giovanni 1,29-34)<\/span><\/p>\n<\/blockquote>\n<p style=\"text-align: justify;\"><strong><span style=\"font-family: arial, helvetica, sans-serif;\">&#8220;Conosci Ges\u00f9?&#8221; era lo slogan scelto da un gruppo di frati venuti in una parrocchia per una settimana per una missione popolare. Le missioni al popolo, che vengono organizzare nelle parrocchie, sono una occasione molto forte di risveglio della fede dentro le comunit\u00e0\u00a0 cristiane che spesso hanno un po&#8217; spento la fede avendo ridotto la vita cristiana solo ad alcune pratiche tradizionali.<\/span><\/strong><\/p>\n<p style=\"text-align: justify;\"><strong><span style=\"font-family: arial, helvetica, sans-serif;\">Quando la religione diventa pi\u00f9 importante della fede, quando la pratica religiosa con i suoi aspetti esteriori diventa pi\u00f9 importante delle motivazioni interiori e dell&#8217;amore per Dio, \u00e8 bene ridare vitalit\u00e0\u00a0 alla fede e ritornare all&#8217;essenziale. Forse \u00e8 quello che sta accadendo anche nella nostra comunit\u00e0\u00a0 cristiana e magari anche dentro la nostra stessa vita personale come cristiani. Siamo cristiani, battezzati, frequentiamo con fedelt\u00e0\u00a0 i vari appuntamenti religiosi della parrocchia, abbiamo in casa i segni della nostra appartenenza religiosa con immagini che la richiamano, ma&#8230; non sentiamo pi\u00f9 il calore della fede e quello che in fondo ci spinge nelle nostre scelte di vita, anche quotidiana, non \u00e8 pi\u00f9 il Vangelo, non \u00e8 la Parola di Dio. E&#8217; la situazione nella quale si trova il popolo di Israele al tempo dei racconti su Ges\u00f9. Il popolo vive una vita segnata da ritmi e leggi religiose, con i capi religiosi che indicano cosa fare e cosa non fare, ma la fede sembra spenta e sembra davvero che non ci sia pi\u00f9 vero spazio per un incontro vivo con Dio.<\/span><\/strong><\/p>\n<p style=\"text-align: justify;\"><strong><span style=\"font-family: arial, helvetica, sans-serif;\">Il Vangelo ci parla di Ges\u00f9 che appare nella storia del suo popolo come l&#8217;intervento definitivo di Dio, per risvegliare la fede del suo popolo e dare compimento a tutte le promesse. In questa storia all&#8217;inizio ci sta proprio la figura fondamentale di Giovanni il Battista, protagonista del Vangelo di questa domenica.<\/span><\/strong><\/p>\n<p style=\"text-align: justify;\"><strong><span style=\"font-family: arial, helvetica, sans-serif;\">Giovanni il Battista d\u00e0\u00a0 la sua coraggiosa e decisa testimonianza che Dio \u00e8 presente in mezzo agli uomini, indicando nell&#8217;uomo Ges\u00f9 questa presenza. Lo fa dando a Ges\u00f9 un titolo molto significativo per la cultura religiosa dl tempo. Lo chiama &#8220;Agnello di Dio&#8221;. Con questo titolo l&#8217;uomo Ges\u00f9 \u00e8 presentato come salvatore che toglie l&#8217;uomo da quello che lo allontana da Dio, il peccato. Giovanni non parla di peccati al plurale, perch\u00e8 non si riferisce alle azioni sbagliate dell&#8217;uomo e alle sue fragilit\u00e0\u00a0. Il Battista dice che Ges\u00f9 toglie &#8220;il peccato&#8221;, cio\u00e8 quel non amore che chiude l&#8217;uomo in s\u00e8 stesso non riconoscendo Dio dentro la sua vita. Giovanni ha questo compito: risvegliare un popolo un po&#8217; addormentato in una religiosit\u00e0\u00a0 smorta e indica che proprio in quell&#8217;uomo che vede arrivare, che non \u00e8 un re o un superuomo, ma un semplice uomo come tanti, \u00e8 presente Dio che si fa vivo, che \u00e8 vivente e concreto, raggiungibile.<\/span><\/strong><\/p>\n<p style=\"text-align: justify;\"><strong><span style=\"font-family: arial, helvetica, sans-serif;\">L&#8217;espressione che mi ha colpito di questo brano e che ricorre ben due volte in poche righe \u00e8 &#8220;io non lo conoscevo&#8230;&#8221; e che non pu\u00f2 che stimolare una domanda che mi faccio personalmente: &#8220;io conosco Ges\u00f9?&#8221;<\/span><\/strong><\/p>\n<p style=\"text-align: justify;\"><strong><span style=\"font-family: arial, helvetica, sans-serif;\">Conoscere non \u00e8 solo sapere qualcosa e avere quattro dati. Molto probabilmente Giovanni conosceva Ges\u00f9 in modo superficiale ma non cos\u00ec profondamente. Ha avuto bisogno di una rivelazione personale che lo facesse andare oltre le apparenze e la superficialit\u00e0\u00a0 per arrivare a conoscerlo davvero.<\/span><\/strong><\/p>\n<p style=\"text-align: justify;\"><strong><span style=\"font-family: arial, helvetica, sans-serif;\">Se pure il Battista riconosce di non aver conosciuto bene Ges\u00f9, anche io non posso che ammettere che la mia conoscenza di Ges\u00f9, della fede e di Dio sono superficiali e che in questa superficialit\u00e0\u00a0 spesso mi adagio. Conosco davvero Ges\u00f9 cos\u00ec da potermi davvero fidare delle sue parole della sua proposta di vita? Conosco bene quel Vangelo che mi riporta le sue parole e i suoi gesti? Conosco davvero gli insegnamenti della fede che nascono dal Vangelo e che la Chiesa nella storia ha portato avanti?<\/span><\/strong><\/p>\n<p style=\"text-align: justify;\"><strong><span style=\"font-family: arial, helvetica, sans-serif;\">Come allora conoscere sempre di pi\u00f9 Ges\u00f9?<\/span><\/strong><\/p>\n<p style=\"text-align: justify;\"><strong><span style=\"font-family: arial, helvetica, sans-serif;\">Leggere, approfondire e vivere il Vangelo, questo \u00e8 il primo modo per conoscere Ges\u00f9 davvero. E Ges\u00f9 lo posso conoscere in modo non superficiale se in modo non superficiale incontro chi porta il suo nome oggi, i cristiani come me. Vivere la Chiesa come comunit\u00e0\u00a0 di battezzati mi porta a conoscere davvero Ges\u00f9, che nella Chiesa mette la sua faccia, la sua parola e le sue mani.  \u00a0Non parlo della Chiesa-Vaticano, come spesso in modo superficiale intendiamo la Chiesa, ma la Chiesa di persone che mi vivono accanto, la Chiesa nella quale gi\u00e0\u00a0 sono, la mia parrocchia o la parrocchia dove decido di vivere la mia fede.<\/span><\/strong><\/p>\n<p style=\"text-align: justify;\"><strong><span style=\"font-family: arial, helvetica, sans-serif;\">&#8220;Conosci Ges\u00f9?&#8221; \u00e8 quindi una provocazione che devo e dobbiamo tutti mantenere viva. Non spegniamo questa domanda e in modo altrettanto deciso non spegniamo la nostra curiosit\u00e0\u00a0 di cercare, conoscere approfondire la presenza di Ges\u00f9 dentro la nostra vita e dentro la nostra comunit\u00e0\u00a0 cristiana.<\/span><\/strong><\/p>\n<p style=\"text-align: justify;\"><strong><span style=\"font-family: arial, helvetica, sans-serif;\">Se non siamo tanto distratti e superficiali troveremo di tanto in tanto qualche &#8220;Giovanni Battista&#8221; che ci indica la presenza di Ges\u00f9 dentro la nostra vita offrendoci la possibilit\u00e0\u00a0 di accoglierlo per davvero. E anche noi saremo a nostra volta spesso chiamati a diventare dei &#8220;Giovanni Battista&#8221; che con umilt\u00e0\u00a0 ma anche con decisione porteremo altri ad incontrare Ges\u00f9 nella loro vita.<\/span><\/strong><\/p>\n<p style=\"text-align: justify;\"><span style=\"font-family: arial, helvetica, sans-serif;\">Giovanni don<\/span><\/p>\n","protected":false},"excerpt":{"rendered":"<p>DOMENICA 19 gennaio 2020 In quel tempo, Giovanni, vedendo Ges\u00f9 venire verso di lui, disse: \u00abEcco l&#8217;agnello di Dio, colui che toglie il peccato del mondo! Egli \u00e8 colui del quale ho detto: &#8220;Dopo di me viene un uomo che \u00e8 avanti a me, perch\u00e8 era prima di me&#8221;. Io non lo conoscevo, ma sono venuto a battezzare nell&#8217;acqua, perch\u00e8 egli fosse manifestato a Israele\u00bb. Giovanni testimoni\u00f2 dicendo: \u00abHo contemplato lo Spirito discendere come una colomba dal cielo e rimanere su di lui. Io non lo conoscevo, ma proprio colui che mi ha inviato a battezzare nell&#8217;acqua mi disse: &#8220;Colui<\/p>\n","protected":false},"author":1,"featured_media":0,"comment_status":"open","ping_status":"open","sticky":false,"template":"","format":"standard","meta":{"footnotes":""},"categories":[],"tags":[],"class_list":["post-3228","post","type-post","status-publish","format-standard","hentry"],"_links":{"self":[{"href":"https:\/\/www.gioba.it\/sito\/wp-json\/wp\/v2\/posts\/3228","targetHints":{"allow":["GET"]}}],"collection":[{"href":"https:\/\/www.gioba.it\/sito\/wp-json\/wp\/v2\/posts"}],"about":[{"href":"https:\/\/www.gioba.it\/sito\/wp-json\/wp\/v2\/types\/post"}],"author":[{"embeddable":true,"href":"https:\/\/www.gioba.it\/sito\/wp-json\/wp\/v2\/users\/1"}],"replies":[{"embeddable":true,"href":"https:\/\/www.gioba.it\/sito\/wp-json\/wp\/v2\/comments?post=3228"}],"version-history":[{"count":2,"href":"https:\/\/www.gioba.it\/sito\/wp-json\/wp\/v2\/posts\/3228\/revisions"}],"predecessor-version":[{"id":3231,"href":"https:\/\/www.gioba.it\/sito\/wp-json\/wp\/v2\/posts\/3228\/revisions\/3231"}],"wp:attachment":[{"href":"https:\/\/www.gioba.it\/sito\/wp-json\/wp\/v2\/media?parent=3228"}],"wp:term":[{"taxonomy":"category","embeddable":true,"href":"https:\/\/www.gioba.it\/sito\/wp-json\/wp\/v2\/categories?post=3228"},{"taxonomy":"post_tag","embeddable":true,"href":"https:\/\/www.gioba.it\/sito\/wp-json\/wp\/v2\/tags?post=3228"}],"curies":[{"name":"wp","href":"https:\/\/api.w.org\/{rel}","templated":true}]}}