{"id":3265,"date":"2020-03-21T17:16:25","date_gmt":"2020-03-21T17:16:25","guid":{"rendered":"http:\/\/www.gioba.it\/?p=3265"},"modified":"2020-03-22T11:21:56","modified_gmt":"2020-03-22T11:21:56","slug":"guariti-come-il-cieco-vedente","status":"publish","type":"post","link":"https:\/\/www.gioba.it\/sito\/2020\/03\/21\/guariti-come-il-cieco-vedente\/","title":{"rendered":"Ges\u00f9 luce per i nostri occhi bui"},"content":{"rendered":"<p style=\"text-align: justify;\"><a href=\"http:\/\/www.gioba.it\/sito\/wp-content\/uploads\/2020\/03\/Cristo-luce-del-mondo-colored.jpg\"><img loading=\"lazy\" decoding=\"async\" class=\"alignleft wp-image-3266\" src=\"http:\/\/www.gioba.it\/sito\/wp-content\/uploads\/2020\/03\/Cristo-luce-del-mondo-colored.jpg\" alt=\"\" width=\"592\" height=\"499\" \/><\/a><\/p>\n<p style=\"text-align: justify;\"><strong><span style=\"font-family: arial, helvetica, sans-serif;\">DOMENICA 22 marzo 2020<\/span><\/strong><\/p>\n<p style=\"text-align: justify;\"><strong><span style=\"font-family: arial, helvetica, sans-serif;\">Quarta di quaresima<\/span><\/strong><\/p>\n<blockquote>\n<p style=\"text-align: justify;\"><span style=\"font-family: arial, helvetica, sans-serif;\">In quel tempo, Ges\u00f9 passando vide un uomo cieco dalla nascita; sput\u00f2 per terra, fece del fango con la saliva, spalm\u00f2 il fango sugli occhi del cieco e gli disse: \u00abVa&#8217; a lavarti nella piscina di S\u00ecloe\u00bb, che significa &#8220;Inviato&#8221;. Quegli and\u00f2, si lav\u00f2 e torn\u00f2 che ci vedeva. Allora i vicini e quelli che lo avevano visto prima, perch\u00e8 era un mendicante, dicevano: \u00abNon \u00e8 lui quello che stava seduto a chiedere l&#8217;elemosina?\u00bb. Alcuni dicevano: \u00abE&#8217; lui\u00bb; altri dicevano: \u00abNo, ma \u00e8 uno che gli assomiglia\u00bb. Ed egli diceva: \u00abSono io!\u00bb.<\/span><br \/>\n<span style=\"font-family: arial, helvetica, sans-serif;\">Condussero dai farisei quello che era stato cieco: era un sabato, il giorno in cui Ges\u00f9 aveva fatto del fango e gli aveva aperto gli occhi. Anche i farisei dunque gli chiesero di nuovo come aveva acquistato la vista. Ed egli disse loro: \u00abMi ha messo del fango sugli occhi, mi sono lavato e ci vedo\u00bb. Allora alcuni dei farisei dicevano: \u00abQuest&#8217;uomo non viene da Dio, perch\u00e8 non osserva il sabato\u00bb. Altri invece dicevano: \u00abCome pu\u00f2 un peccatore compiere segni di questo genere?\u00bb. E c&#8217;era dissenso tra loro. Allora dissero di nuovo al cieco: \u00abTu, che cosa dici di lui, dal momento che ti ha aperto gli occhi?\u00bb. Egli rispose: \u00abE&#8217; un profeta!\u00bb. Gli replicarono: \u00abSei nato tutto nei peccati e insegni a noi?\u00bb. E lo cacciarono fuori.<\/span><br \/>\n<span style=\"font-family: arial, helvetica, sans-serif;\">Ges\u00f9 seppe che l&#8217;avevano cacciato fuori; quando lo trov\u00f2, gli disse: \u00abTu, credi nel Figlio dell&#8217;uomo?\u00bb. Egli rispose: \u00abE chi \u00e8, Signore, perch\u00e8 io creda in lui?\u00bb. Gli disse Ges\u00f9: \u00abLo hai visto: \u00e8 colui che parla con te\u00bb. Ed egli disse: \u00abCredo, Signore!\u00bb. E si prostr\u00f2 dinanzi a lui<\/span><\/p>\n<p style=\"text-align: justify;\"><span style=\"font-family: arial, helvetica, sans-serif;\">(dal Vangelo di Giovanni capitolo 9)<\/span><\/p>\n<\/blockquote>\n<p style=\"text-align: justify;\"><strong><span style=\"font-family: arial, helvetica, sans-serif;\">Sembra una finzione tutto quello che stiamo vivendo in questi giorni a livello mondiale, e che ci tocca personalmente e come famiglie. Siamo immersi in un reality di paura che pensavamo fosse possibile solo dentro i confini dello schermo tv ma in realt\u00e0\u00a0 di avvolge e ci entra nel cuore.<\/span><\/strong><\/p>\n<p style=\"text-align: justify;\"><strong><span style=\"font-family: arial, helvetica, sans-serif;\">E&#8217; invece la realt\u00e0\u00a0 di prima, quella a cui eravamo abituati tutti i giorni ad essere relegata dentro lo schermo televisivo. Personalmente quando vedo in uno spot televisivo o film  \u00a0le persone che si parlano, si abbracciano, escono di casa sorridenti, mi sembra di vedere una fastidiosissima finzione che aumenta ancora di pi\u00f9 la sensazione di disagio. Quello che era fantasy \u00e8 diventato realt\u00e0\u00a0 e quello che era realt\u00e0\u00a0 ora \u00e8 un fantasy.<\/span><\/strong><\/p>\n<p style=\"text-align: justify;\"><strong><span style=\"font-family: arial, helvetica, sans-serif;\">Pensando a storie fantasy me ne viene in mente una: &#8220;Un ponte per Terabithia&#8221;, romanzo del 1976 di Katherine Paterson, diventato uno splendido film nel 2007.<\/span><\/strong><\/p>\n<p style=\"text-align: justify;\"><strong><span style=\"font-family: arial, helvetica, sans-serif;\">Il romanzo narra dell&#8217;amicizia tra due ragazzi, Jess e Leslie, che con l&#8217;aiuto della fantasia costruiscono un mondo fantastico di giochi dove imparano a vedere in modo diverso la dura realt\u00e0\u00a0 famigliare e sociale nella quale sono inseriti.<\/span><\/strong><\/p>\n<p style=\"text-align: justify;\"><strong><span style=\"font-family: arial, helvetica, sans-serif;\">&#8220;Chiudi gli occhi e apri bene la mente&#8221;, \u00e8 l&#8217;insegnamento che d\u00e0\u00a0 la giovane Leslie all&#8217;amico Jess quando iniziano a giocare. E facendo cos\u00ec riescono pian piano a vedere dentro le persone e dentro le loro storie, non fermandosi alle apparenze e alla superfice spesso ingannatoria.<\/span><\/strong><\/p>\n<p style=\"text-align: justify;\"><strong><span style=\"font-family: arial, helvetica, sans-serif;\">Quante volte abbiamo pensato in questi giorni di chiudere gli occhi e poi riaprirli e accorgerci che era tutto finto. Quante volte anche io ho sperato di accendere il telegiornale o aprire la pagina delle news su internet e non vedere alcuna traccia dell&#8217;emergenza coronavirus.<\/span><\/strong><\/p>\n<p style=\"text-align: justify;\"><strong><span style=\"font-family: arial, helvetica, sans-serif;\">Ma purtroppo non \u00e8 cos\u00ec. Come non \u00e8 cos\u00ec per tanti nel mondo che vivono la paura e la precariet\u00e0\u00a0 di vita in tante situazioni di guerra e persecuzione. La cosa diversa \u00e8 che ora tutto il mondo \u00e8 nella stessa situazione.<\/span><\/strong><\/p>\n<p style=\"text-align: justify;\"><strong><span style=\"font-family: arial, helvetica, sans-serif;\">Nel Vangelo Ges\u00f9 tocca gli occhi di questo cieco e gli dona la vista fisica. Questa guarigione per\u00f2 mette in mostra che ci sono altre cecit\u00e0\u00a0 forse ben peggiori di quella fisica.<\/span><\/strong><\/p>\n<p style=\"text-align: justify;\"><strong><span style=\"font-family: arial, helvetica, sans-serif;\">Per primi sono i discepoli di Ges\u00f9 a dimostrare di essere ciechi spiritualmente quando non riescono a vedere Dio per quel che veramente \u00e8. Per loro Dio \u00e8 uno che punisce a seconda dei peccati, per questo domandano a Ges\u00f9 se il cieco \u00e8 cos\u00ec dalla nascita per i suoi peccati o quelli dei suoi genitori.<\/span><\/strong><\/p>\n<p style=\"text-align: justify;\"><strong><span style=\"font-family: arial, helvetica, sans-serif;\">Sono ciechi anche i cosiddetti &#8220;vicini&#8221; di casa di questo cieco che non riescono a riconoscerlo ora che \u00e8 guarito e ci vede. Per loro era solo un povero malato ed ora che \u00e8 guarito non sanno chi \u00e8. Quante volte pure noi siamo ciechi non vedendo le persone per quello che sono davvero e ci fermiamo solo a delle caratteristiche parziali che non ci raccontano tutta la persona: il colore della pelle, la provenienza geografica, un limite fisico, una cosa che abbiamo sentito su di lei, un modo di fare&#8230;<\/span><\/strong><\/p>\n<p style=\"text-align: justify;\"><strong><span style=\"font-family: arial, helvetica, sans-serif;\">Sono ciechi i Farisei, e il racconto evangelico mette bene in luce tutta la loro cecit\u00e0\u00a0 spirituale fatta di chiusure mentali e rigidit\u00e0\u00a0. Questi farisei fanno di tutto per non vedere quello che \u00e8 evidente e finiscono per allontanare dai loro occhi proprio il segno pi\u00f9 evidente che Dio \u00e8 in mezzo a loro.<\/span><\/strong><\/p>\n<p style=\"text-align: justify;\"><strong><span style=\"font-family: arial, helvetica, sans-serif;\">Il meno cieco di tutti sembra essere proprio questo cieco che si fida ciecamente della parola di Ges\u00f9 anche se non lo conosce. Sembra che lo veda pi\u00f9 con il cuore che con gli occhi. Pian piano nel racconto si comprende che non solo ha acquistato la luce negli occhi ma soprattutto quello spirituale che lo rende forte e coraggioso. Da cieco povero diventa un annunciatore di fede!<\/span><\/strong><\/p>\n<p style=\"text-align: justify;\"><strong><span style=\"font-family: arial, helvetica, sans-serif;\">Forse anche noi abbiamo bisogno di chiudere un po&#8217; gli occhi e aprire la mente. Il mio non \u00e8 un invito a non guardare in faccia la realt\u00e0\u00a0 ma a vederla meglio e in modo pi\u00f9 profondo. Abbiamo bisogno che Ges\u00f9 guarisca il nostro sguardo accecato dalla paura, dal dolore e anche dai nostri limiti e giudizi.<\/span><\/strong><\/p>\n<p style=\"text-align: justify;\"><strong><span style=\"font-family: arial, helvetica, sans-serif;\">Abbiamo bisogno di chiudere gli occhi malati e provare a immaginare come Dio ci guarda. Dobbiamo chiudere gli occhi e aprire la mente e il cuore riuscendo anche a vedere con gli occhi del prossimo, immaginando anche le sue difficolta, paure, dolori e anche speranze e desideri.<\/span><\/strong><\/p>\n<p style=\"text-align: justify;\"><strong><span style=\"font-family: arial, helvetica, sans-serif;\">Chiudiamo gli occhi e chiediamo a Ges\u00f9 che ce li guarisca in modo da poterli riaprire con uno sguardo nuovo sul mondo e sulla storia, capaci di vedere dentro il male che ci circonda anche il pi\u00f9 piccolo segno di bene, e soprattutto ci faccia vedere chi ci sta accanto con uno sguardo sempre di amore, lo sguardo di Dio.<\/span><\/strong><\/p>\n<p style=\"text-align: justify;\"><span style=\"font-family: arial, helvetica, sans-serif;\">Giovanni don<\/span><\/p>\n","protected":false},"excerpt":{"rendered":"<p>DOMENICA 22 marzo 2020 Quarta di quaresima In quel tempo, Ges\u00f9 passando vide un uomo cieco dalla nascita; sput\u00f2 per terra, fece del fango con la saliva, spalm\u00f2 il fango sugli occhi del cieco e gli disse: \u00abVa&#8217; a lavarti nella piscina di S\u00ecloe\u00bb, che significa &#8220;Inviato&#8221;. Quegli and\u00f2, si lav\u00f2 e torn\u00f2 che ci vedeva. Allora i vicini e quelli che lo avevano visto prima, perch\u00e8 era un mendicante, dicevano: \u00abNon \u00e8 lui quello che stava seduto a chiedere l&#8217;elemosina?\u00bb. Alcuni dicevano: \u00abE&#8217; lui\u00bb; altri dicevano: \u00abNo, ma \u00e8 uno che gli assomiglia\u00bb. Ed egli diceva: \u00abSono io!\u00bb. Condussero<\/p>\n","protected":false},"author":1,"featured_media":0,"comment_status":"open","ping_status":"open","sticky":false,"template":"","format":"standard","meta":{"footnotes":""},"categories":[],"tags":[],"class_list":["post-3265","post","type-post","status-publish","format-standard","hentry"],"_links":{"self":[{"href":"https:\/\/www.gioba.it\/sito\/wp-json\/wp\/v2\/posts\/3265","targetHints":{"allow":["GET"]}}],"collection":[{"href":"https:\/\/www.gioba.it\/sito\/wp-json\/wp\/v2\/posts"}],"about":[{"href":"https:\/\/www.gioba.it\/sito\/wp-json\/wp\/v2\/types\/post"}],"author":[{"embeddable":true,"href":"https:\/\/www.gioba.it\/sito\/wp-json\/wp\/v2\/users\/1"}],"replies":[{"embeddable":true,"href":"https:\/\/www.gioba.it\/sito\/wp-json\/wp\/v2\/comments?post=3265"}],"version-history":[{"count":6,"href":"https:\/\/www.gioba.it\/sito\/wp-json\/wp\/v2\/posts\/3265\/revisions"}],"predecessor-version":[{"id":3272,"href":"https:\/\/www.gioba.it\/sito\/wp-json\/wp\/v2\/posts\/3265\/revisions\/3272"}],"wp:attachment":[{"href":"https:\/\/www.gioba.it\/sito\/wp-json\/wp\/v2\/media?parent=3265"}],"wp:term":[{"taxonomy":"category","embeddable":true,"href":"https:\/\/www.gioba.it\/sito\/wp-json\/wp\/v2\/categories?post=3265"},{"taxonomy":"post_tag","embeddable":true,"href":"https:\/\/www.gioba.it\/sito\/wp-json\/wp\/v2\/tags?post=3265"}],"curies":[{"name":"wp","href":"https:\/\/api.w.org\/{rel}","templated":true}]}}