{"id":3303,"date":"2020-05-09T07:56:08","date_gmt":"2020-05-09T07:56:08","guid":{"rendered":"http:\/\/www.gioba.it\/?p=3303"},"modified":"2020-05-09T14:07:19","modified_gmt":"2020-05-09T14:07:19","slug":"che-faccia-ha-dio","status":"publish","type":"post","link":"https:\/\/www.gioba.it\/sito\/2020\/05\/09\/che-faccia-ha-dio\/","title":{"rendered":"che faccia ha Dio?"},"content":{"rendered":"<p style=\"text-align: justify;\"><a href=\"http:\/\/www.gioba.it\/sito\/wp-content\/uploads\/2020\/05\/posti-sanificati-colored.jpg\"><img loading=\"lazy\" decoding=\"async\" class=\"alignleft wp-image-3304\" src=\"http:\/\/www.gioba.it\/sito\/wp-content\/uploads\/2020\/05\/posti-sanificati-colored.jpg\" alt=\"\" width=\"590\" height=\"497\" \/><\/a><\/p>\n<p style=\"text-align: justify;\"><strong><span style=\"font-family: arial, helvetica, sans-serif;\">DOMENICA 10 maggio 2020<\/span><\/strong><\/p>\n<p style=\"text-align: justify;\"><strong><span style=\"font-family: arial, helvetica, sans-serif;\">V di Pasqua<\/span><\/strong><\/p>\n<blockquote>\n<p style=\"text-align: justify;\"><span style=\"font-family: arial, helvetica, sans-serif;\">In quel tempo, Ges\u00f9 disse ai suoi discepoli: \u00abNon sia turbato il vostro cuore. Abbiate fede in Dio e abbiate fede anche in me. Nella casa del Padre mio vi sono molte dimore. Se no, vi avrei mai detto: &#8220;Vado a prepararvi un posto&#8221;? Quando sar\u00f2 andato e vi avr\u00f2 preparato un posto, verr\u00f2 di nuovo e vi prender\u00f2 con me, perch\u00e8 dove sono io siate anche voi. E del luogo dove io vado, conoscete la via\u00bb.<\/span><br \/>\n<span style=\"font-family: arial, helvetica, sans-serif;\">Gli disse Tommaso: \u00abSignore, non sappiamo dove vai; come possiamo conoscere la via?\u00bb. Gli disse Ges\u00f9: \u00abIo sono la via, la verit\u00e0\u00a0 e la vita. Nessuno viene al Padre se non per mezzo di me. Se avete conosciuto me, conoscerete anche il Padre mio: fin da ora lo conoscete e lo avete veduto\u00bb.<\/span><br \/>\n<span style=\"font-family: arial, helvetica, sans-serif;\">Gli disse Filippo: \u00abSignore, mostraci il Padre e ci basta\u00bb. Gli rispose Ges\u00f9: \u00abDa tanto tempo sono con voi e tu non mi hai conosciuto, Filippo? Chi ha visto me, ha visto il Padre. Come puoi tu dire: &#8220;Mostraci il Padre&#8221;? Non credi che io sono nel Padre e il Padre \u00e8 in me? Le parole che io vi dico, non le dico da me stesso; ma il Padre, che rimane in me, compie le sue opere.<\/span><br \/>\n<span style=\"font-family: arial, helvetica, sans-serif;\">Credete a me: io sono nel Padre e il Padre \u00e8 in me. Se non altro, credetelo per le opere stesse.<\/span><br \/>\n<span style=\"font-family: arial, helvetica, sans-serif;\">In verit\u00e0\u00a0, in verit\u00e0\u00a0 io vi dico: chi crede in me, anch&#8217;egli compir\u00e0\u00a0 le opere che io compio e ne compir\u00e0\u00a0 di pi\u00f9 grandi di queste, perch\u00e8 io vado al Padre\u00bb.<\/span><br \/>\n<span style=\"font-family: arial, helvetica, sans-serif;\">(dal Vangelo di Giovanni 14,1-12)<\/span><\/p>\n<\/blockquote>\n<p style=\"text-align: justify;\"><strong><span style=\"font-family: arial, helvetica, sans-serif;\">Com&#8217;\u00e8 Dio? Io solitamente nelle mie vignette lo disegno come un vecchio un po&#8217; abbondante, barba lunga bianca con i capelli anch&#8217;essi lunghi e bianchi sormontati da un triangolo dorato segno che \u00e8 uno e trino. La nostra tradizione illustrativa lo ha sempre rappresentato pi\u00f9 o meno cos\u00ec, immaginando che sia un grande vecchio. Molte tradizioni religiose tra cui anche quella ebraica e islamica proibiscono di rappresentare Dio e penso che in questo ci sia una ragione positiva che dovrebbe farci pensare. Rappresentare Dio con una immagine dice quale idea noi abbiamo di Lui in rapporto a noi, e si corre il rischio di farne una caricatura che non corrisponde al vero. \u00a0<\/span><\/strong><\/p>\n<p style=\"text-align: justify;\"><strong><span style=\"font-family: arial, helvetica, sans-serif;\">Ma allora come \u00e8 Dio? Che faccia ha? Sar\u00e0\u00a0 possibile vederlo solamente quando moriremo?<\/span><\/strong><\/p>\n<p style=\"text-align: justify;\"><strong><span style=\"font-family: arial, helvetica, sans-serif;\">Il Vangelo di questa domenica ci racconta di Ges\u00f9 che parla con i suoi discepoli, e parla loro di Dio come Padre. Non sta parlando loro in astratto come fosse in una conferenza culturale. Sta parlando loro come amico e come maestro. Infatti guarda loro negli occhi, anzi oltre gli occhi vede il loro cuore. Comprende che vivono nella paura, la paura per il futuro in generale come gruppo, e anche la paura legata alle loro personali incertezze. \u00a0<\/span><\/strong><\/p>\n<p style=\"text-align: justify;\"><strong><span style=\"font-family: arial, helvetica, sans-serif;\">Ges\u00f9 risponde mostrando loro la strada per sentire Dio vicino, per far capire che Dio stesso che ha fatto tutta la strada per venire da loro dentro la vita.<\/span><\/strong><\/p>\n<p style=\"text-align: justify;\"><strong><span style=\"font-family: arial, helvetica, sans-serif;\">Alla domanda &#8220;mostraci il Padre e ci basta!&#8221;, fatta da uno di loro (ma che interpreta il desiderio di tutti), Ges\u00f9 risponde ricordando il volto di Dio. \u00a0<\/span><\/strong><\/p>\n<p style=\"text-align: justify;\"><strong><span style=\"font-family: arial, helvetica, sans-serif;\">Dio ha il volto di Ges\u00f9. Chi vede Ges\u00f9 vede Dio. Chi ascolta le parole e vede tutta la vita concreta di Ges\u00f9 ascolta e pu\u00f2 dire di aver visto davvero Dio.<\/span><\/strong><\/p>\n<p style=\"text-align: justify;\"><strong><span style=\"font-family: arial, helvetica, sans-serif;\">La Fede ci insegna che Ges\u00f9 \u00e8 Dio, e questo \u00e8 uno dei capisaldi del nostro Credo. Rovesciando la prospettiva bisogna che ci ricordiamo che Dio \u00e8 Ges\u00f9, l&#8217;uomo Ges\u00f9, con i suoi gesti concreti e quotidiani di amore, ascolto, persino il sacrificio e il dono della propria vita. \u00a0<\/span><\/strong><\/p>\n<p style=\"text-align: justify;\"><strong><span style=\"font-family: arial, helvetica, sans-serif;\">&#8220;Chi ha visto me ha visto il Padre&#8221;, dice Ges\u00f9. \u00a0<\/span><\/strong><\/p>\n<p style=\"text-align: justify;\"><strong><span style=\"font-family: arial, helvetica, sans-serif;\">Non \u00e8 dunque scrutando i cieli pi\u00f9 profondi, oppure immaginando Dio in qualche forma strana o inconoscibile, ma \u00e8 proprio nell&#8217;umanit\u00e0\u00a0 vera e profonda di Ges\u00f9 che noi possiamo dire di vedere Dio. \u00a0<\/span><\/strong><\/p>\n<p style=\"text-align: justify;\"><strong><span style=\"font-family: arial, helvetica, sans-serif;\">Ecco la via vera che ci fa sperimentare la vita piena che \u00e8 Dio. E&#8217; la via dell&#8217;umanit\u00e0\u00a0 di Cristo che \u00e8 dentro ogni uomo che ama come lui. \u00a0<\/span><\/strong><\/p>\n<p style=\"text-align: justify;\"><strong><span style=\"font-family: arial, helvetica, sans-serif;\">Quando noi vediamo anche il pi\u00f9 piccolo gesto di amore sullo stile di Ges\u00f9 possiamo dire di vedere Ges\u00f9 e quindi anche Dio nella sua forma pi\u00f9 splendida e vera.<\/span><\/strong><\/p>\n<p style=\"text-align: justify;\"><strong><span style=\"font-family: arial, helvetica, sans-serif;\">Io continuo a disegnare nelle mie vignette Dio nella forma classica della nostra tradizione, come un grande vecchio sulle nuvole, ci aggiungo un po&#8217; di ironia e sorriso, sapendo che forse questa \u00e8 la parte pi\u00f9 somigliante a Dio come ce lo racconta il Vangelo. Sono consapevole che il mio modo di disegnare Dio \u00e8 solamente un&#8217;immagine limitata. Ma so che io stesso posso diventare la pi\u00f9 bella immagine di Dio nel momento in cui ogni mia parola e ogni mio gesto diventano come quelli di Ges\u00f9.<\/span><\/strong><\/p>\n<p style=\"text-align: justify;\"><span style=\"font-family: arial, helvetica, sans-serif;\">Giovanni don<\/span><\/p>\n","protected":false},"excerpt":{"rendered":"<p>DOMENICA 10 maggio 2020 V di Pasqua In quel tempo, Ges\u00f9 disse ai suoi discepoli: \u00abNon sia turbato il vostro cuore. Abbiate fede in Dio e abbiate fede anche in me. Nella casa del Padre mio vi sono molte dimore. Se no, vi avrei mai detto: &#8220;Vado a prepararvi un posto&#8221;? Quando sar\u00f2 andato e vi avr\u00f2 preparato un posto, verr\u00f2 di nuovo e vi prender\u00f2 con me, perch\u00e8 dove sono io siate anche voi. E del luogo dove io vado, conoscete la via\u00bb. Gli disse Tommaso: \u00abSignore, non sappiamo dove vai; come possiamo conoscere la via?\u00bb. Gli disse Ges\u00f9:<\/p>\n","protected":false},"author":1,"featured_media":0,"comment_status":"open","ping_status":"open","sticky":false,"template":"","format":"standard","meta":{"footnotes":""},"categories":[],"tags":[],"class_list":["post-3303","post","type-post","status-publish","format-standard","hentry"],"_links":{"self":[{"href":"https:\/\/www.gioba.it\/sito\/wp-json\/wp\/v2\/posts\/3303","targetHints":{"allow":["GET"]}}],"collection":[{"href":"https:\/\/www.gioba.it\/sito\/wp-json\/wp\/v2\/posts"}],"about":[{"href":"https:\/\/www.gioba.it\/sito\/wp-json\/wp\/v2\/types\/post"}],"author":[{"embeddable":true,"href":"https:\/\/www.gioba.it\/sito\/wp-json\/wp\/v2\/users\/1"}],"replies":[{"embeddable":true,"href":"https:\/\/www.gioba.it\/sito\/wp-json\/wp\/v2\/comments?post=3303"}],"version-history":[{"count":6,"href":"https:\/\/www.gioba.it\/sito\/wp-json\/wp\/v2\/posts\/3303\/revisions"}],"predecessor-version":[{"id":3310,"href":"https:\/\/www.gioba.it\/sito\/wp-json\/wp\/v2\/posts\/3303\/revisions\/3310"}],"wp:attachment":[{"href":"https:\/\/www.gioba.it\/sito\/wp-json\/wp\/v2\/media?parent=3303"}],"wp:term":[{"taxonomy":"category","embeddable":true,"href":"https:\/\/www.gioba.it\/sito\/wp-json\/wp\/v2\/categories?post=3303"},{"taxonomy":"post_tag","embeddable":true,"href":"https:\/\/www.gioba.it\/sito\/wp-json\/wp\/v2\/tags?post=3303"}],"curies":[{"name":"wp","href":"https:\/\/api.w.org\/{rel}","templated":true}]}}