{"id":3311,"date":"2020-05-15T17:59:34","date_gmt":"2020-05-15T17:59:34","guid":{"rendered":"http:\/\/www.gioba.it\/?p=3311"},"modified":"2020-05-15T19:59:38","modified_gmt":"2020-05-15T19:59:38","slug":"il-respiro-dellamore","status":"publish","type":"post","link":"https:\/\/www.gioba.it\/sito\/2020\/05\/15\/il-respiro-dellamore\/","title":{"rendered":"il respiro dell&#8217;amore"},"content":{"rendered":"<p style=\"text-align: justify;\"><a href=\"http:\/\/www.gioba.it\/sito\/wp-content\/uploads\/2020\/05\/Paraclito-svedese-colored.jpg\"><img loading=\"lazy\" decoding=\"async\" class=\"alignleft wp-image-3312\" src=\"http:\/\/www.gioba.it\/sito\/wp-content\/uploads\/2020\/05\/Paraclito-svedese-colored.jpg\" alt=\"\" width=\"592\" height=\"499\" \/><\/a><\/p>\n<p style=\"text-align: justify;\"><strong><span style=\"font-family: arial, helvetica, sans-serif;\">DOMENICA 17 maggio 2020<\/span><\/strong><\/p>\n<p style=\"text-align: justify;\"><strong><span style=\"font-family: arial, helvetica, sans-serif;\">VI di Pasqua<\/span><\/strong><\/p>\n<blockquote>\n<p style=\"text-align: justify;\"><span style=\"font-family: arial, helvetica, sans-serif;\">In quel tempo, Ges\u00f9 disse ai suoi discepoli: \u00abSe mi amate, osserverete i miei comandamenti; e io pregher\u00f2 il Padre ed egli vi dar\u00e0\u00a0 un altro Par\u00e0\u00a0clito perch\u00e8 rimanga con voi per sempre, lo Spirito della verit\u00e0\u00a0, che il mondo non pu\u00f2 ricevere perch\u00e8 non lo vede e non lo conosce. Voi lo conoscete perch\u00e8 egli rimane presso di voi e sar\u00e0\u00a0 in voi.<\/span><br \/>\n<span style=\"font-family: arial, helvetica, sans-serif;\">Non vi lascer\u00f2 orfani: verr\u00f2 da voi. Ancora un poco e il mondo non mi vedr\u00e0\u00a0 pi\u00f9; voi invece mi vedrete, perch\u00e8 io vivo e voi vivrete. In quel giorno voi saprete che io sono nel Padre mio e voi in me e io in voi.<\/span><br \/>\n<span style=\"font-family: arial, helvetica, sans-serif;\">Chi accoglie i miei comandamenti e li osserva, questi \u00e8 colui che mi ama. Chi ama me sar\u00e0\u00a0 amato dal Padre mio e anch&#8217;io lo amer\u00f2 e mi manifester\u00f2 a lui\u00bb.<\/span><\/p>\n<p style=\"text-align: justify;\"><span style=\"font-family: arial, helvetica, sans-serif;\">(Dal Vangelo di Giovanni 14,15-21)<\/span><\/p>\n<\/blockquote>\n<p style=\"text-align: justify;\"><strong><span style=\"font-family: arial, helvetica, sans-serif;\">Ci sono due cose che sono fondamentali per la vita, senza le quali moriamo. Sono due cose che per\u00f2 diamo sempre per scontate e non ci pensiamo mai se non quando sono compromesse e faticose e quindi siamo in pericolo immediato di vita. Allora si che ce ne prendiamo cura e tutto il resto diventa secondario.<\/span><\/strong><\/p>\n<p style=\"text-align: justify;\"><strong><span style=\"font-family: arial, helvetica, sans-serif;\">Sto parlando del respiro e del battito cardiaco. Quando si sente la testimonianza di un malato grave per il covid, la cosa che viene sempre detta \u00e8 l&#8217;esperienza terribile del mettere un respiro dietro l&#8217;altro, e come ossigenare i polmoni e il corpo diventi la priorit\u00e0\u00a0 assoluta nella mente, e tutti gli altri mali e tutto quello che sta attorno scompare.<\/span><\/strong><\/p>\n<p style=\"text-align: justify;\"><strong><span style=\"font-family: arial, helvetica, sans-serif;\">Il respiro e il battito del cuore, che sono strettamente legati nel far vivere il corpo, sono forse l&#8217;immagine pi\u00f9 bella di cos&#8217;\u00e8 lo Spirito Santo per noi come cristiani, per la Chiesa e anche per ogni essere umano.<\/span><\/strong><\/p>\n<p style=\"text-align: justify;\"><strong><span style=\"font-family: arial, helvetica, sans-serif;\">Ges\u00f9 parlando ai suoi discepoli e amici annuncia che dall&#8217;amore di Dio verr\u00e0\u00a0 a loro un dono chiamato &#8220;Par\u00e0\u00a0clito&#8221; e che subito dopo chiama &#8220;Spirito della verit\u00e0\u00a0&#8220;.<\/span><\/strong><\/p>\n<p style=\"text-align: justify;\"><strong><span style=\"font-family: arial, helvetica, sans-serif;\">Difficile davvero dare un nome che definisca lo Spirito Santo, un nome a questo dono che mantiene in vita la nostra anima, la nostra vita spirituale che abita la vita fisica e ne \u00e8 strettamente legata. La Chiesa per tradurre in italiano questo passo del Vangelo, scritto originariamente in greco, in passato usava l&#8217;espressione &#8220;Consolatore&#8221;, ma alla fine ci si \u00e8 accorti che l&#8217;espressione &#8220;\u00cf\u20ac\u00ce\u00b1\u00cf\u0081\u00ce\u00ac\u00ce\u00ba\u00ce\u00bb\u00ce\u00b7\u00cf\u201e\u00ce\u00bf\u00cf\u201a, \u00a0par\u00e0\u00a0cletos&#8221; \u00e8 talmente ampia di significati che &#8220;consolatore&#8221; forse era troppo poco. Per alcuni studiosi quel termine indica una specie di avvocato difensore, e quindi il dono di Dio \u00e8 questa presenza di sostegno e aiuto in ogni situazione.<\/span><\/strong><\/p>\n<p style=\"text-align: justify;\"><strong><span style=\"font-family: arial, helvetica, sans-serif;\">Il messaggio di fondo che Ges\u00f9 vuole dare ai suoi amici (e quindi anche a noi oggi), \u00e8 che l&#8217;esperienza di Dio non \u00e8 la semplice applicazione di norme date in passato (i comandamenti) in attesa di una verifica finale (il giudizio universale), ma \u00e8 un accompagnamento continuo che abbiamo sempre. Dio \u00e8 sempre accanto l&#8217;uomo, anzi dentro l&#8217;uomo, come il cuore e i polmoni, e ci mantiene in vita. Ges\u00f9 \u00e8 venuto per insegnarci come far si che questo &#8220;respiro di Dio&#8221; in noi, questo Spirito di Dio che batte dentro di noi, non si ammali e lo trascuriamo a tal punto da rischiare di perderlo e morire spiritualmente, anche se il respiro materiale e il cuore funzionano benissimo e il corpo \u00e8 in perfetta forma.<\/span><\/strong><\/p>\n<p style=\"text-align: justify;\"><strong><span style=\"font-family: arial, helvetica, sans-serif;\">&#8220;Se mi amate, osserverete i miei comandamenti&#8221; dice Ges\u00f9. E&#8217; una proposta libera di un legame che da vita e ci fa scoprire la bellezza di Dio dentro la nostra vita in ogni istante. Amare nello stile di Ges\u00f9 conoscendo la sua storia ci porta a renderci conto di quanto Dio \u00e8 pi\u00f9 in noi di quanto pensiamo, di quanto la sua forza di vita, il suo respiro, \u00e8 dentro di noi.<\/span><\/strong><\/p>\n<p style=\"text-align: justify;\"><strong><span style=\"font-family: arial, helvetica, sans-serif;\">E&#8217; l&#8217;amore tradotto in gesti concreti di vita che ci fa conoscere e amare Ges\u00f9. E&#8217; amando che facciamo la prova che il nostro respiro spirituale \u00e8 buono e nella nostra anima circola l&#8217;aria di Dio e il cuore batte al ritmo giusto del Vangelo.<\/span><\/strong><\/p>\n<p style=\"text-align: justify;\"><strong><span style=\"font-family: arial, helvetica, sans-serif;\">La nostra Diocesi di Verona ha lanciato una proposta molto semplice alle parrocchie e alle famiglie e che ha chiamato &#8220;andr\u00e0\u00a0 tutto nuovo&#8221;, parafrasando la frase di speranza che ha caratterizzato la prima parte della pandemia in Italia (&#8220;andr\u00e0\u00a0 tutto bene&#8221;). E&#8217; l&#8217;invito a domandarsi cosa abbiamo imparato in questo periodo come singoli cristiani, come famiglie e comunit\u00e0\u00a0 cristiana.<\/span><\/strong><\/p>\n<p style=\"text-align: justify;\"><strong><span style=\"font-family: arial, helvetica, sans-serif;\">Pensando proprio alle parole del Vangelo di questa sesta domenica dopo Pasqua, io personalmente posso dire di aver imparato come non sia per niente scontata la presenza di Dio nella mia vita e in quella delle persone. Le restrizioni sanitarie hanno eliminato tutte o quasi tutte le espressioni tradizionali della nostra vita cristiana comunitaria: messe, celebrazioni di sacramenti, matrimoni, catechismo, incontri formativi, oratorio&#8230; Non \u00e8 rimasto altro modo di coltivare la fede se non la preghiera personale e la Parola di Dio.<\/span><\/strong><\/p>\n<p style=\"text-align: justify;\"><strong><span style=\"font-family: arial, helvetica, sans-serif;\">E non \u00e8 rimasto altro che Dio stesso, nonostante tutto, nonostante non possa celebrarlo in modo comunitario. Dio, come il respiro e il battito del cuore, non \u00e8 venuto meno e ho visto come in tantissime persone, anche in tante che in chiesa non venivano, Dio \u00e8 rimasto davvero come una presenza e un punto di riferimento senza il quale davvero la vita finisce e siamo senza speranza in questa situazione.<\/span><\/strong><\/p>\n<p style=\"text-align: justify;\"><strong><span style=\"font-family: arial, helvetica, sans-serif;\">Posso dire che proprio mancando tutto, ho visto che l&#8217;essenziale, lo Spirito di Dio, \u00e8 rimasto ed \u00e8 lui che mi e sostiene, sempre&#8230; anche se non me ne rendo conto, come il respiro come il battito cardiaco&#8230;<\/span><\/strong><\/p>\n<p style=\"text-align: justify;\"><span style=\"font-family: arial, helvetica, sans-serif;\">Giovanni don<\/span><\/p>\n","protected":false},"excerpt":{"rendered":"<p>DOMENICA 17 maggio 2020 VI di Pasqua In quel tempo, Ges\u00f9 disse ai suoi discepoli: \u00abSe mi amate, osserverete i miei comandamenti; e io pregher\u00f2 il Padre ed egli vi dar\u00e0\u00a0 un altro Par\u00e0\u00a0clito perch\u00e8 rimanga con voi per sempre, lo Spirito della verit\u00e0\u00a0, che il mondo non pu\u00f2 ricevere perch\u00e8 non lo vede e non lo conosce. Voi lo conoscete perch\u00e8 egli rimane presso di voi e sar\u00e0\u00a0 in voi. Non vi lascer\u00f2 orfani: verr\u00f2 da voi. Ancora un poco e il mondo non mi vedr\u00e0\u00a0 pi\u00f9; voi invece mi vedrete, perch\u00e8 io vivo e voi vivrete. In quel<\/p>\n","protected":false},"author":1,"featured_media":0,"comment_status":"open","ping_status":"open","sticky":false,"template":"","format":"standard","meta":{"footnotes":""},"categories":[],"tags":[],"class_list":["post-3311","post","type-post","status-publish","format-standard","hentry"],"_links":{"self":[{"href":"https:\/\/www.gioba.it\/sito\/wp-json\/wp\/v2\/posts\/3311","targetHints":{"allow":["GET"]}}],"collection":[{"href":"https:\/\/www.gioba.it\/sito\/wp-json\/wp\/v2\/posts"}],"about":[{"href":"https:\/\/www.gioba.it\/sito\/wp-json\/wp\/v2\/types\/post"}],"author":[{"embeddable":true,"href":"https:\/\/www.gioba.it\/sito\/wp-json\/wp\/v2\/users\/1"}],"replies":[{"embeddable":true,"href":"https:\/\/www.gioba.it\/sito\/wp-json\/wp\/v2\/comments?post=3311"}],"version-history":[{"count":2,"href":"https:\/\/www.gioba.it\/sito\/wp-json\/wp\/v2\/posts\/3311\/revisions"}],"predecessor-version":[{"id":3314,"href":"https:\/\/www.gioba.it\/sito\/wp-json\/wp\/v2\/posts\/3311\/revisions\/3314"}],"wp:attachment":[{"href":"https:\/\/www.gioba.it\/sito\/wp-json\/wp\/v2\/media?parent=3311"}],"wp:term":[{"taxonomy":"category","embeddable":true,"href":"https:\/\/www.gioba.it\/sito\/wp-json\/wp\/v2\/categories?post=3311"},{"taxonomy":"post_tag","embeddable":true,"href":"https:\/\/www.gioba.it\/sito\/wp-json\/wp\/v2\/tags?post=3311"}],"curies":[{"name":"wp","href":"https:\/\/api.w.org\/{rel}","templated":true}]}}