{"id":3320,"date":"2020-05-30T14:26:01","date_gmt":"2020-05-30T14:26:01","guid":{"rendered":"http:\/\/www.gioba.it\/?p=3320"},"modified":"2020-05-30T14:27:11","modified_gmt":"2020-05-30T14:27:11","slug":"focolaio-di-dio","status":"publish","type":"post","link":"https:\/\/www.gioba.it\/sito\/2020\/05\/30\/focolaio-di-dio\/","title":{"rendered":"Focolaio di Dio"},"content":{"rendered":"<p style=\"text-align: justify;\"><a href=\"http:\/\/www.gioba.it\/sito\/wp-content\/uploads\/2020\/05\/pentecoste-pandemica-2020-colored.jpg\"><img loading=\"lazy\" decoding=\"async\" class=\"alignleft wp-image-3322\" src=\"http:\/\/www.gioba.it\/sito\/wp-content\/uploads\/2020\/05\/pentecoste-pandemica-2020-colored.jpg\" alt=\"\" width=\"592\" height=\"492\" \/><\/a><\/p>\n<p style=\"text-align: justify;\"><strong><span style=\"font-family: arial, helvetica, sans-serif;\">DOMENICA 31 maggio 2020<\/span><\/strong><\/p>\n<p style=\"text-align: justify;\"><strong><span style=\"font-family: arial, helvetica, sans-serif;\">PENTECOSTE<\/span><\/strong><\/p>\n<blockquote>\n<p style=\"text-align: justify;\"><span style=\"font-family: arial, helvetica, sans-serif;\">La sera di quel giorno, il primo della settimana, mentre erano chiuse le porte del luogo dove si trovavano i discepoli per timore dei Giudei, venne Ges\u00f9, stette in mezzo e disse loro: \u00abPace a voi!\u00bb. Detto questo, mostr\u00f2 loro le mani e il fianco. E i discepoli gioirono al vedere il Signore.<\/span><br \/>\n<span style=\"font-family: arial, helvetica, sans-serif;\">Ges\u00f9 disse loro di nuovo: \u00abPace a voi! Come il Padre ha mandato me, anche io mando voi\u00bb. Detto questo, soffi\u00f2 e disse loro: \u00abRicevete lo Spirito Santo. A coloro a cui perdonerete i peccati, saranno perdonati; a coloro a cui non perdonerete, non saranno perdonati\u00bb.<\/span><\/p>\n<p style=\"text-align: justify;\"><span style=\"font-family: arial, helvetica, sans-serif;\">(dal Vangelo di Giovanni 20,19-23)<\/span><\/p>\n<\/blockquote>\n<p style=\"text-align: justify;\"><strong><span style=\"font-family: arial, helvetica, sans-serif;\">COMMENTO<\/span><\/strong><\/p>\n<p style=\"text-align: justify;\"><strong><span style=\"font-family: arial, helvetica, sans-serif;\">Collocato nella controfacciata interna della nostra chiesa parrocchiale di Moniga, sopra la porta d&#8217;ingresso, c&#8217;\u00e8 una grande tela della fine del &#8216;600 con la firma di Gioia Abraha Stols, probabilmente una pittrice di cui non ho trovato alcuna altra notizia su internet. La scena che per\u00f2 rappresenta \u00e8 famosa, ed \u00e8 la Pentecoste.<\/span><\/strong><\/p>\n<p style=\"text-align: justify;\"><strong><span style=\"font-family: arial, helvetica, sans-serif;\">Come da tradizione la pittrice rappresenta il gruppo degli apostoli in cerchio e al centro Maria, la Madre di Ges\u00f9. Sopra tutti i personaggi si vede la colomba luminosa dello Spirito Santo con le fiammelle che si posano su tutti i presenti, compresa Maria. C&#8217;\u00e8 anche Pietro nella scena, ma il capo degli apostoli non \u00e8 al centro ma anche lui a lato, con le chiavi che lo identificano posate a terra.<\/span><\/strong><\/p>\n<figure id=\"attachment_3321\" aria-describedby=\"caption-attachment-3321\" style=\"width: 350px\" class=\"wp-caption alignleft\"><a href=\"http:\/\/www.gioba.it\/sito\/wp-content\/uploads\/2020\/05\/20200527_102625-01.jpeg\"><img loading=\"lazy\" decoding=\"async\" class=\"wp-image-3321\" src=\"http:\/\/www.gioba.it\/sito\/wp-content\/uploads\/2020\/05\/20200527_102625-01.jpeg\" alt=\"\" width=\"350\" height=\"279\" \/><\/a><figcaption id=\"caption-attachment-3321\" class=\"wp-caption-text\">&#8220;La Pentecoste&#8221; Gioia Abraha Stols, fine del XVII secolo, Chiesa parrocchiale di Moniga del Garda (Brescia)<\/figcaption><\/figure>\n<p style=\"text-align: justify;\"><strong><span style=\"font-family: arial, helvetica, sans-serif;\">La scena dipinta secondo la classica rappresentazione, mette insieme diversi elementi che si raccolgono nei vari racconti biblici. Quel giorno di Pentecoste, raccontato da Luca nel secondo capitolo degli Atti degli Apostoli, non si sa se era presente Maria nel cenacolo, ma che si fosse unita al gruppo degli Apostoli viene detto prima. La posizione circolare degli Apostoli che fa si che nessuno sia pi\u00f9 importante di altri richiama pi\u00f9 la pagina del Vangelo di Giovanni, nella quale si racconta che Ges\u00f9 Risorto appare ai discepoli chiusi per paura nel Cenacolo e si mette in mezzo. Da questa posizione centrale ribadita pi\u00f9 volte dall&#8217;evangelista, Ges\u00f9 dona Spirito Santo a tutti in ugual modo, senza che ci sia qualcuno pi\u00f9 vicino e privilegiato e qualcuno pi\u00f9 distante e meno importante.<\/span><\/strong><\/p>\n<p style=\"text-align: justify;\"><strong><span style=\"font-family: arial, helvetica, sans-serif;\">Ecco la Chiesa che viene fuori da questi racconti della Pentecoste. E&#8217; una Chiesa nella quale nessuno sta al centro e che ha nella circolarit\u00e0\u00a0 il suo modello, e non \u00e8 una piramide di potere. La Chiesa, comunit\u00e0\u00a0 di credenti di cui facciamo parte tutti noi con il Battesimo, \u00e8 un luogo di fraternit\u00e0\u00a0 dove al centro sta solamente Ges\u00f9 come presenza sempre viva, come fonte di amore e di missione che tocca tutti in ugual intensit\u00e0\u00a0 anche se in modi diversi.<\/span><\/strong><\/p>\n<p style=\"text-align: justify;\"><strong><span style=\"font-family: arial, helvetica, sans-serif;\">Il dipinto, cos\u00ec come i racconti biblici che stanno alla sua origine, hanno un qualcosa che richiama per simbologia quello che stiamo vivendo proprio oggi, in modo da una parte ironico ma anche molto significativo.<\/span><\/strong><\/p>\n<p style=\"text-align: justify;\"><strong><span style=\"font-family: arial, helvetica, sans-serif;\">L&#8217;evangelista Giovanni racconta che Ges\u00f9 appare al gruppetto chiuso in casa per paura, come la nostra, e fa un qualcosa che oggi se lo prendiamo alla lettera davvero fa paura: alita su di loro. E&#8217; questo il modo scelto da Ges\u00f9 per donare il suo Spirito Santo. Alitare per dare vita richiama quello che Dio ha fatto nella creazione del primo uomo, quando dopo averlo formato fisicamente e biologicamente, alita il suo amore dentro, e solo allora Adamo prende vita. E&#8217; questo quello che fa Ges\u00f9 con i discepoli anche di oggi, cio\u00e8 con noi. E&#8217; qui nella preghiera domenicale, ma anche in ogni istante che lo preghiamo, per soffiarci dentro la sua forza vita e contagiarci di Dio.<\/span><\/strong><\/p>\n<p style=\"text-align: justify;\"><strong><span style=\"font-family: arial, helvetica, sans-serif;\">Il racconto di Atti dice la stessa cosa con parole e immagini diverse ma che alla fine hanno il medesimo messaggio. Anche in questo racconto i discepoli sono chiusi in casa, bloccati dalla paura e dal non sapere come fare per portare il messaggio di Ges\u00f9 in un modo cos\u00ec complesso e complicato, pieno di cos\u00ec tante diversit\u00e0\u00a0 da sembrare condannato solo alla divisione. Ecco lo Spirito che scende come un fuoco e trasforma quel gruppo di discepoli in un vero e proprio &#8220;focolaio di Dio&#8221;. Sono tutti cos\u00ec contagiati e pericolosamente pieni della forza di Dio che basta che aprano bocca e quel che hanno ricevuto viene trasmesso.<\/span><\/strong><\/p>\n<p style=\"text-align: justify;\"><strong><span style=\"font-family: arial, helvetica, sans-serif;\">Rimanendo con il linguaggio dell&#8217;attualit\u00e0\u00a0, Ges\u00f9 \u00e8 il &#8220;paziente zero&#8221; che contagiando i suoi discepoli li spinge per una &#8220;pandemia&#8221; del suo amore.<\/span><\/strong><\/p>\n<p style=\"text-align: justify;\"><strong><span style=\"font-family: arial, helvetica, sans-serif;\">Fin da subito quel contagio \u00e8 stato contrastato, &#8220;distanziando&#8221; i discepoli, cercando di farli fuori e isolandoli. Molte &#8220;cure&#8221; e &#8220;vaccini&#8221; sono stati messi in campo nella storia, attraverso ricchezze, lotte di potere, divisioni nella comunit\u00e0\u00a0. Ma grazie proprio alla forza contagiosa del Vangelo, il &#8220;paziente zero&#8221; che \u00e8 Ges\u00f9 &#8220;contagia&#8221; anche noi oggi, se lo lasciamo entrare, se non ci ostiniamo a tenerlo &#8220;distanziato&#8221;.<\/span><\/strong><\/p>\n<p style=\"text-align: justify;\"><strong><span style=\"font-family: arial, helvetica, sans-serif;\">Forse questo parallelismo con la storia attuale della pandemia rischia di essere forzato e magari urtante, ma \u00e8 importante che ci sentiamo anche oggi parte di quella storia.<\/span><\/strong><\/p>\n<p style=\"text-align: justify;\"><strong><span style=\"font-family: arial, helvetica, sans-serif;\">Il dipinto sopra alla porta della chiesa non pu\u00f2 rimanere solamente una decorazione o il racconto di una storia passata che non ci riguarda. In quei personaggi sui quali scende la forza dello Spirito di Dio ci possiamo mettere noi stessi, per diventare ogni giorno e ovunque, fuori dalle porte della chiesa, un quadro vivente della Pentecoste.<\/span><\/strong><\/p>\n<p style=\"text-align: justify;\"><span style=\"font-family: arial, helvetica, sans-serif;\">Giovanni don<\/span><\/p>\n","protected":false},"excerpt":{"rendered":"<p>DOMENICA 31 maggio 2020 PENTECOSTE La sera di quel giorno, il primo della settimana, mentre erano chiuse le porte del luogo dove si trovavano i discepoli per timore dei Giudei, venne Ges\u00f9, stette in mezzo e disse loro: \u00abPace a voi!\u00bb. Detto questo, mostr\u00f2 loro le mani e il fianco. E i discepoli gioirono al vedere il Signore. Ges\u00f9 disse loro di nuovo: \u00abPace a voi! Come il Padre ha mandato me, anche io mando voi\u00bb. Detto questo, soffi\u00f2 e disse loro: \u00abRicevete lo Spirito Santo. A coloro a cui perdonerete i peccati, saranno perdonati; a coloro a cui non<\/p>\n","protected":false},"author":1,"featured_media":0,"comment_status":"open","ping_status":"open","sticky":false,"template":"","format":"standard","meta":{"footnotes":""},"categories":[],"tags":[],"class_list":["post-3320","post","type-post","status-publish","format-standard","hentry"],"_links":{"self":[{"href":"https:\/\/www.gioba.it\/sito\/wp-json\/wp\/v2\/posts\/3320","targetHints":{"allow":["GET"]}}],"collection":[{"href":"https:\/\/www.gioba.it\/sito\/wp-json\/wp\/v2\/posts"}],"about":[{"href":"https:\/\/www.gioba.it\/sito\/wp-json\/wp\/v2\/types\/post"}],"author":[{"embeddable":true,"href":"https:\/\/www.gioba.it\/sito\/wp-json\/wp\/v2\/users\/1"}],"replies":[{"embeddable":true,"href":"https:\/\/www.gioba.it\/sito\/wp-json\/wp\/v2\/comments?post=3320"}],"version-history":[{"count":3,"href":"https:\/\/www.gioba.it\/sito\/wp-json\/wp\/v2\/posts\/3320\/revisions"}],"predecessor-version":[{"id":3325,"href":"https:\/\/www.gioba.it\/sito\/wp-json\/wp\/v2\/posts\/3320\/revisions\/3325"}],"wp:attachment":[{"href":"https:\/\/www.gioba.it\/sito\/wp-json\/wp\/v2\/media?parent=3320"}],"wp:term":[{"taxonomy":"category","embeddable":true,"href":"https:\/\/www.gioba.it\/sito\/wp-json\/wp\/v2\/categories?post=3320"},{"taxonomy":"post_tag","embeddable":true,"href":"https:\/\/www.gioba.it\/sito\/wp-json\/wp\/v2\/tags?post=3320"}],"curies":[{"name":"wp","href":"https:\/\/api.w.org\/{rel}","templated":true}]}}