{"id":3330,"date":"2020-06-12T10:48:50","date_gmt":"2020-06-12T10:48:50","guid":{"rendered":"http:\/\/www.gioba.it\/?p=3330"},"modified":"2020-06-12T10:48:50","modified_gmt":"2020-06-12T10:48:50","slug":"laltare-della-vita","status":"publish","type":"post","link":"https:\/\/www.gioba.it\/sito\/2020\/06\/12\/laltare-della-vita\/","title":{"rendered":"L&#8217;altare della vita"},"content":{"rendered":"<p style=\"text-align: justify;\"><a href=\"http:\/\/www.gioba.it\/sito\/wp-content\/uploads\/2020\/06\/messa-covid-colored.jpg\"><img loading=\"lazy\" decoding=\"async\" class=\"alignleft  wp-image-3331\" src=\"http:\/\/www.gioba.it\/sito\/wp-content\/uploads\/2020\/06\/messa-covid-colored.jpg\" alt=\"\" width=\"592\" height=\"542\" \/><\/a><\/p>\n<p style=\"text-align: justify;\"><strong><span style=\"font-family: arial, helvetica, sans-serif;\">DOMENICA 14 giugno 2020<\/span><\/strong><\/p>\n<p style=\"text-align: justify;\"><strong><span style=\"font-family: arial, helvetica, sans-serif;\">Corpus Domini<\/span><\/strong><\/p>\n<p style=\"text-align: justify;\">\n<blockquote>\n<p style=\"text-align: justify;\"><span style=\"font-family: arial, helvetica, sans-serif;\">In quel tempo, Ges\u00f9 disse alla folla:<\/span><br \/>\n<span style=\"font-family: arial, helvetica, sans-serif;\">\u00abIo sono il pane vivo, disceso dal cielo. Se uno mangia di questo pane vivr\u00e0\u00a0 in eterno e il pane che io dar\u00f2 \u00e8 la mia carne per la vita del mondo\u00bb.<\/span><br \/>\n<span style=\"font-family: arial, helvetica, sans-serif;\">Allora i Giudei si misero a discutere aspramente fra loro: \u00abCome pu\u00f2 costui darci la sua carne da mangiare?\u00bb.<\/span><br \/>\n<span style=\"font-family: arial, helvetica, sans-serif;\">Ges\u00f9 disse loro: \u00abIn verit\u00e0\u00a0, in verit\u00e0\u00a0 io vi dico: se non mangiate la carne del Figlio dell&#8217;uomo e non bevete il suo sangue, non avete in voi la vita. Chi mangia la mia carne e beve il mio sangue ha la vita eterna e io lo risusciter\u00f2 nell&#8217;ultimo giorno. Perch\u00e8 la mia carne \u00e8 vero cibo e il mio sangue vera bevanda.<\/span><br \/>\n<span style=\"font-family: arial, helvetica, sans-serif;\">Chi mangia la mia carne e beve il mio sangue rimane in me e io in lui. Come il Padre, che ha la vita, ha mandato me e io vivo per il Padre, cos\u00ec anche colui che mangia me vivr\u00e0\u00a0 per me. Questo \u00e8 il pane disceso dal cielo; non \u00e8 come quello che mangiarono i padri e morirono. Chi mangia questo pane vivr\u00e0\u00a0 in eterno\u00bb.<\/span><\/p>\n<p style=\"text-align: justify;\"><span style=\"font-family: arial, helvetica, sans-serif;\">(dal Vangelo di Giovanni 6,51-58)<\/span><\/p>\n<p style=\"text-align: justify;\">\n<\/blockquote>\n<p style=\"text-align: justify;\"><strong><span style=\"font-family: arial, helvetica, sans-serif;\">Posso dire che sono cristiano anche senza andare a Messa la domenica e fare la Comunione?<\/span><\/strong><\/p>\n<p style=\"text-align: justify;\"><strong><span style=\"font-family: arial, helvetica, sans-serif;\">Mi piacerebbe davvero iniziare la messa domenicale con questa domanda e discuterne insieme con chi \u00e8 presente. Ognuno arriva a messa, me compreso, con le sue motivazioni e il suo cammino di fede personale. Non \u00e8 detto che tutti riguardo la domanda iniziale abbiamo la medesima risposta, che non pu\u00f2 essere sbrigativamente risolta con un &#8220;si&#8221; o un &#8220;no&#8221; &#8230;<\/span><\/strong><\/p>\n<p style=\"text-align: justify;\"><strong><span style=\"font-family: arial, helvetica, sans-serif;\">La Chiesa nella seconda domenica dopo la Pentecoste, dopo aver riflettuto su Dio come Trinit\u00e0\u00a0 portandoci a livelli dal punto di vista teologico cos\u00ec alti da risultare quasi estranei al nostro vero interesse, in questa domenica dedicata al Corpo e Sangue del Signore fa una inversione di marcia e ci riporta ad un aspetto concretissimo della nostra fede. Dio in s\u00e8 stesso \u00e8 Trinit\u00e0\u00a0 di persone in una sola sostanza divina, ma per noi si mostra nella concretezza dell&#8217;uomo Ges\u00f9, fatto di carne e sangue, di vita vera, come la nostra.<\/span><\/strong><\/p>\n<p style=\"text-align: justify;\"><strong><span style=\"font-family: arial, helvetica, sans-serif;\">Carne e sangue, che nella mentalit\u00e0\u00a0 biblica non \u00e8 solo il corpo fisico ma tutta la concretezza della vita fatta di scelte, passioni, decisioni, dolore, contatto fisico e anche morte vera. Questo \u00e8 Dio per noi: l&#8217;uomo Ges\u00f9. Nella via dell&#8217;umanit\u00e0\u00a0, fatta di carne e sangue di ogni uomo, noi possiamo arrivare a Dio, anzi \u00e8 Dio stesso che arriva a noi. Questa \u00e8 la novit\u00e0\u00a0 pi\u00f9 profonda del Vangelo che scandalizzava a quel tempo cos\u00ec come anche oggi risulta difficile da accettare fino in fondo.<\/span><\/strong><\/p>\n<p style=\"text-align: justify;\"><strong><span style=\"font-family: arial, helvetica, sans-serif;\">Credere in un dio che sta distaccato in un olimpo divino fuori dal mondo, che detta regole da seguire pi\u00f9 o meno comprensibili e che ci aspetta alla fine per un castigo o premio, \u00e8 forse pi\u00f9 facile da credere e accettare. Un dio senza carne e sangue \u00e8 &#8220;pi\u00f9 dio&#8221; secondo la logica umana. Infatti noi sperimentiamo quanto siamo fragili e limitati, e quanto la nostra concretezza fisica e sociale abbia davvero poco di divino. Un vero dio non ha nulla a che fare con noi se non una distaccata presenza e sostegno, ma con la massima attenzione di non mescolarsi con la bassezza umana.<\/span><\/strong><\/p>\n<p style=\"text-align: justify;\"><strong><span style=\"font-family: arial, helvetica, sans-serif;\">Ma il Vangelo ci racconta un&#8217;altra visione di Dio, ed \u00e8 proprio per questo che \u00e8 Vangelo, cio\u00e8 &#8220;buona notizia&#8221;: L&#8217;uomo Ges\u00f9 \u00e8 Dio, quindi Dio \u00e8 l&#8217;uomo Ges\u00f9, con la sua carne e il suo sangue. E in questa carnalit\u00e0\u00a0 umana segnata da tutte le fragilit\u00e0\u00a0 posso incontrare Dio.<\/span><\/strong><\/p>\n<p style=\"text-align: justify;\"><strong><span style=\"font-family: arial, helvetica, sans-serif;\">Le parole del Vangelo di questa domenica che la Chiesa ha scelto per la solennit\u00e0\u00a0 del Corpus Domini, sono le ultime di un lungo discorso che Ges\u00f9 fa alla folla dei discepoli dopo aver operato un segno miracoloso concreto: la moltiplicazione dei pani. Da questo gesto concreto di sostegno alla vita fisica, Ges\u00f9 porta l&#8217;insegnamento su chi \u00e8 lui stesso. \u00abIo sono il pane vivo, disceso dal cielo. Se uno mangia di questo pane vivr\u00e0\u00a0 in eterno e il pane che io dar\u00f2 \u00e8 la mia carne per la vita del mondo\u00bb. Chi \u00e8 Ges\u00f9? Un essere semidivino venuto a mostrare la potenza di Dio con prodigi cos\u00ec da sottomettere la volont\u00e0\u00a0 umana a quella divina? No. Ges\u00f9 \u00e8 venuto a mostrare Dio che davvero nel concreto si sottomette lui ai bisogni veri dell&#8217;uomo, l&#8217;uomo concreto di carne e sangue che ha il bisogno primario di vivere e di sentirsi amato. Ges\u00f9 \u00e8 il cibo per l&#8217;uomo perch\u00e8 viva dentro la sua vita concreta la bellezza di Dio, l&#8217;eternit\u00e0\u00a0 possibile anche se la vita non sembra cos\u00ec eterna ed \u00e8 fragile. Ges\u00f9 si \u00e8 fatto davvero mangiare dalla folla sei sui discepoli e del mondo di allora fino alla croce, quando il suo corpo \u00e8 stato innalzato e il sangue versato. L&#8217;uomo di carne e sangue Ges\u00f9 mostra chi \u00e8 veramente anche l&#8217;uomo stesso e quanto la sua carne e sangue possono essere pieni di Dio.<\/span><\/strong><\/p>\n<p style=\"text-align: justify;\"><strong><span style=\"font-family: arial, helvetica, sans-serif;\">La domanda dei Giudei, che l&#8217;evangelista riporta nel suo racconto, \u00e8 una domanda vera anche per noi: \u00abCome pu\u00f2 costui darci la sua carne da mangiare?\u00bb<\/span><\/strong><\/p>\n<p style=\"text-align: justify;\"><strong><span style=\"font-family: arial, helvetica, sans-serif;\">Ges\u00f9 quando \u00e8 uomo vivente non invita ovviamente al cannibalismo, ma insegna a riconoscere proprio nella sua concretezza la presenza di Dio che dona vita. Ma le parole di Ges\u00f9 raccolte nel Vangelo rimangono valide per i cristiani soprattutto dopo la sua morte e resurrezione, quindi anche fino a noi oggi. Con il pane e il vino della celebrazione domenicale, i cristiani ora davvero possono mangiare e bere Ges\u00f9, possono ancora oggi, entrare in contatto fisico con Ges\u00f9, con Dio stesso, con la sua forza vitale che cambia il mondo. Questa \u00e8 l&#8217;Eucarestia domenicale, e non una serie di riti pi\u00f9 o meno incomprensibili che ci eleva a Dio. L&#8217;Eucarestia domenicale \u00e8 una azione concreta che abbassa Dio a livello umano, come \u00e8 stato allora nel Vangelo. Questa comunione con il corpo e sangue di Ges\u00f9 nel pane e sangue eucaristici, non possono allora che ricordarci nel profondo che la via per arrivare a Dio \u00e8 quella dell&#8217;uomo, di ogni uomo, di ogni carne e sangue umano, specialmente quello pi\u00f9 debole e povero.<\/span><\/strong><\/p>\n<p style=\"text-align: justify;\"><strong><span style=\"font-family: arial, helvetica, sans-serif;\">Alla domanda iniziale se posso dirmi cristiano senza andare a Messa, la mia risposta personale dopo aver letto questo Vangelo \u00e8 che per essere un vero cristiano ho bisogno della Messa e della Comunione! Al di la dell&#8217;aspetto rituale, in quel gesto che faccio insieme ad altri fratelli e sorelle accanto a me, mantengo la mia fede ancorata alla vita, quella di Ges\u00f9 e quella degli altri. La Comunione al suo corpo e al suo sangue, mi sostiene nella vita di comunione con il corpo e il sangue di Ges\u00f9 che non trovo solo nel pane e nel calice sull&#8217;altare in chiesa, ma nella vita del prossimo sull&#8217;altare della vita.<\/span><\/strong><\/p>\n<p style=\"text-align: justify;\"><span style=\"font-family: arial, helvetica, sans-serif;\">Giovanni don<\/span><\/p>\n","protected":false},"excerpt":{"rendered":"<p>DOMENICA 14 giugno 2020 Corpus Domini In quel tempo, Ges\u00f9 disse alla folla: \u00abIo sono il pane vivo, disceso dal cielo. Se uno mangia di questo pane vivr\u00e0\u00a0 in eterno e il pane che io dar\u00f2 \u00e8 la mia carne per la vita del mondo\u00bb. Allora i Giudei si misero a discutere aspramente fra loro: \u00abCome pu\u00f2 costui darci la sua carne da mangiare?\u00bb. Ges\u00f9 disse loro: \u00abIn verit\u00e0\u00a0, in verit\u00e0\u00a0 io vi dico: se non mangiate la carne del Figlio dell&#8217;uomo e non bevete il suo sangue, non avete in voi la vita. Chi mangia la mia carne e<\/p>\n","protected":false},"author":1,"featured_media":0,"comment_status":"open","ping_status":"open","sticky":false,"template":"","format":"standard","meta":{"footnotes":""},"categories":[],"tags":[],"class_list":["post-3330","post","type-post","status-publish","format-standard","hentry"],"_links":{"self":[{"href":"https:\/\/www.gioba.it\/sito\/wp-json\/wp\/v2\/posts\/3330","targetHints":{"allow":["GET"]}}],"collection":[{"href":"https:\/\/www.gioba.it\/sito\/wp-json\/wp\/v2\/posts"}],"about":[{"href":"https:\/\/www.gioba.it\/sito\/wp-json\/wp\/v2\/types\/post"}],"author":[{"embeddable":true,"href":"https:\/\/www.gioba.it\/sito\/wp-json\/wp\/v2\/users\/1"}],"replies":[{"embeddable":true,"href":"https:\/\/www.gioba.it\/sito\/wp-json\/wp\/v2\/comments?post=3330"}],"version-history":[{"count":1,"href":"https:\/\/www.gioba.it\/sito\/wp-json\/wp\/v2\/posts\/3330\/revisions"}],"predecessor-version":[{"id":3332,"href":"https:\/\/www.gioba.it\/sito\/wp-json\/wp\/v2\/posts\/3330\/revisions\/3332"}],"wp:attachment":[{"href":"https:\/\/www.gioba.it\/sito\/wp-json\/wp\/v2\/media?parent=3330"}],"wp:term":[{"taxonomy":"category","embeddable":true,"href":"https:\/\/www.gioba.it\/sito\/wp-json\/wp\/v2\/categories?post=3330"},{"taxonomy":"post_tag","embeddable":true,"href":"https:\/\/www.gioba.it\/sito\/wp-json\/wp\/v2\/tags?post=3330"}],"curies":[{"name":"wp","href":"https:\/\/api.w.org\/{rel}","templated":true}]}}