{"id":3333,"date":"2020-06-20T10:13:06","date_gmt":"2020-06-20T10:13:06","guid":{"rendered":"http:\/\/www.gioba.it\/?p=3333"},"modified":"2020-06-20T10:13:17","modified_gmt":"2020-06-20T10:13:17","slug":"missionari-senza-paura","status":"publish","type":"post","link":"https:\/\/www.gioba.it\/sito\/2020\/06\/20\/missionari-senza-paura\/","title":{"rendered":"Missionari senza paura"},"content":{"rendered":"<p><a href=\"http:\/\/www.gioba.it\/sito\/wp-content\/uploads\/2020\/06\/capelli-contati-colored.jpg\"><img loading=\"lazy\" decoding=\"async\" class=\"alignleft wp-image-3335\" src=\"http:\/\/www.gioba.it\/sito\/wp-content\/uploads\/2020\/06\/capelli-contati-colored.jpg\" alt=\"\" width=\"592\" height=\"488\" \/><\/a><\/p>\n<p style=\"text-align: justify;\"><strong><span style=\"font-family: arial, helvetica, sans-serif;\">DOMENICA 21 giugno 2020<\/span><\/strong><\/p>\n<p style=\"text-align: justify;\"><strong><span style=\"font-family: arial, helvetica, sans-serif;\">XII domenica anno A<\/span><\/strong><\/p>\n<blockquote><p><span style=\"font-family: arial, helvetica, sans-serif;\">In quel tempo, Ges\u00f9 disse ai suoi apostoli:<\/span><br \/>\n<span style=\"font-family: arial, helvetica, sans-serif;\">\u00abNon abbiate paura degli uomini, poich\u00e8 nulla vi \u00e8 di nascosto che non sar\u00e0\u00a0 svelato n\u00e8 di segreto che non sar\u00e0\u00a0 conosciuto. Quello che io vi dico nelle tenebre voi ditelo nella luce, e quello che ascoltate all&#8217;orecchio voi annunciatelo dalle terrazze.<\/span><br \/>\n<span style=\"font-family: arial, helvetica, sans-serif;\">E non abbiate paura di quelli che uccidono il corpo, ma non hanno potere di uccidere l&#8217;anima; abbiate paura piuttosto di colui che ha il potere di far perire nella Ge\u00e8nna e l&#8217;anima e il corpo.<\/span><br \/>\n<span style=\"font-family: arial, helvetica, sans-serif;\">Due passeri non si vendono forse per un soldo? Eppure nemmeno uno di essi cadr\u00e0\u00a0 a terra senza il volere del Padre vostro. Perfino i capelli del vostro capo sono tutti contati. Non abbiate dunque paura: voi valete pi\u00f9 di molti passeri!<\/span><br \/>\n<span style=\"font-family: arial, helvetica, sans-serif;\">Perci\u00f2 chiunque mi riconoscer\u00e0\u00a0 davanti agli uomini, anch&#8217;io lo riconoscer\u00f2 davanti al Padre mio che \u00e8 nei cieli; chi invece mi rinnegher\u00e0\u00a0 davanti agli uomini, anch&#8217;io lo rinnegher\u00f2 davanti al Padre mio che \u00e8 nei cieli\u00bb.<\/span><\/p>\n<p><span style=\"font-family: arial, helvetica, sans-serif;\">(dal Vangelo di Matteo 10,26-33)<\/span><\/p><\/blockquote>\n<p style=\"text-align: justify;\"><strong><span style=\"font-family: arial, helvetica, sans-serif;\">E&#8217; la paura uno dei pi\u00f9 grandi freni della vita umana. La paura \u00e8 positiva solo quando ci avverte dei pericoli pi\u00f9 immediati e ci fa essere pi\u00f9 prudenti, ma spesso, quando prende il sopravvento su tutto il resto ci blocca, non solo fisicamente, ma come persone, nella nostra crescita umana e sociale.<\/span><\/strong><\/p>\n<p style=\"text-align: justify;\"><strong><span style=\"font-family: arial, helvetica, sans-serif;\">E&#8217; la paura del giudizio altrui, la paura di non riuscire nei propri obiettivi, la paura per la propria salute e di morire, la paura di diventare poveri e di perdere quello che abbiamo. La paura ha tante facce e ognuno di noi ne ha a che fare, se non tutti i giorni, molto spesso, perch\u00e8 fa parte di noi.<\/span><\/strong><\/p>\n<p style=\"text-align: justify;\"><strong><span style=\"font-family: arial, helvetica, sans-serif;\">Nel racconto dei Vangeli troviamo spesso inviti a non avere paura. Anche a Maria durante l&#8217;annuncio dell&#8217;angelo avere ricevuto un invito: &#8220;non temere, Maria, perch\u00e8 hai trovato grazia presso Dio&#8230;&#8221; (Vangelo di Luca 1,30). E&#8217; Ges\u00f9 rivolto ai suoi discepoli che pi\u00f9 spesso invita a non aver paura, perch\u00e8 sa bene che questo sentimento bloccante abita sempre nel cuore di tutti e rischia di fermare la persona e in discepolo nel suo compito.<\/span><\/strong><\/p>\n<p style=\"text-align: justify;\"><strong><span style=\"font-family: arial, helvetica, sans-serif;\">In questa pagina del Vangelo che la Chiesa ci fa leggere e meditare in questa domenica, troviamo pi\u00f9 volte l&#8217;invito a non aver paura. Queste parole fanno parte del lungo discorso che Ges\u00f9 fa ai suoi amici mentre li sta inviando come missionari.  \u00a0Siamo nel capitolo 10 del Vangelo di Matteo, e il Maestro manda i discepoli a portare la sua presenza nel territorio che li circonda. E&#8217; una missione a breve raggio e in qualche modo sperimentale con la quale prepara la missione definitiva che inizier\u00e0\u00a0 dopo la sua morte e resurrezione. Nella missione qui narrata possiamo trovare tutti gli elementi di ogni missione cristiana, quindi ci riguarda personalmente e come comunit\u00e0\u00a0 cristiana oggi.<\/span><\/strong><\/p>\n<p style=\"text-align: justify;\"><strong><span style=\"font-family: arial, helvetica, sans-serif;\">Allora mi domando: quali sono le paure che mi bloccano come cristiano? E quali risposte trovo nelle parole che Ges\u00f9 ha rivolto allora ai suoi amici?<\/span><\/strong><\/p>\n<p style=\"text-align: justify;\"><strong><span style=\"font-family: arial, helvetica, sans-serif;\">Se mi interrogo nel profondo, e per fare questo mi devo fermare e davvero meditare nella preghiera, sento che una prima paura \u00e8 quella di non essere all&#8217;altezza del mio compito mentre una seconda \u00e8 che quella di sentirmi inefficace verso gli altri. Faccio tante cose, mi impegno a organizzare, insegnare e agire, ma pare che tutto questo non abbia negli altri quell&#8217;efficacia che mi aspetto. E allora ecco accendersi la paura che sta pi\u00f9 sotto: non sono capace&#8230; non valgo molto&#8230;<\/span><\/strong><\/p>\n<p style=\"text-align: justify;\"><strong><span style=\"font-family: arial, helvetica, sans-serif;\">Questo vale per me come prete, ma anche come genitore, come lavoratore, come volontario&#8230; E  \u00a0pi\u00f9 cresce e pi\u00f9 ascolto la paura del non essere efficace insieme a quella di non sentirmi all&#8217;altezza e pi\u00f9 mi blocco e mi tiro indietro, lamentandomi triste, pensando che in fondo non valgo niente!<\/span><\/strong><\/p>\n<p style=\"text-align: justify;\"><strong><span style=\"font-family: arial, helvetica, sans-serif;\">&#8220;Non abbiate paura&#8221; dice Ges\u00f9 al cuore dei suoi amici cos\u00ec come lo dice anche al mio cuore. Vorrei davvero che queste parole, come una specie di defibrillatore evangelico, scuotessero il mio cuore che rischia davvero di spegnersi insieme alla fede.<\/span><\/strong><\/p>\n<p style=\"text-align: justify;\"><strong><span style=\"font-family: arial, helvetica, sans-serif;\">Ges\u00f9 mi invita a non avere paura dei risultati che non vedo e dagli errori che commetto, e che rischio sempre di amplificare (o che altri amplificano). Ges\u00f9 mi dice di aver fiducia che qualsiasi cosa fatta per il Vangelo non va perduta, e qualsiasi azione fatta per amore non va perduta. L&#8217;unica realt\u00e0\u00a0 di cui avere paura \u00e8 la cattiveria che uccide sia le cose buone che lo spirito buono. Non devo temere Dio, per il quale anche cose che sembrano non valere nulla (ecco l&#8217;immagine bellissima dei passeri e dei capelli) sono importanti e non sono dimenticati.<\/span><\/strong><\/p>\n<p style=\"text-align: justify;\"><strong><span style=\"font-family: arial, helvetica, sans-serif;\">Devo avere paura di chi mette paura e coltiva le paure per schiacciare le persone e chiuderle in s\u00e8 stesse.<\/span><\/strong><\/p>\n<p style=\"text-align: justify;\"><strong><span style=\"font-family: arial, helvetica, sans-serif;\">Di questo si che \u00e8 giusto avere paura, e quindi, in modo sano, starne alla larga e proteggersi.<\/span><\/strong><\/p>\n<p style=\"text-align: justify;\"><strong><span style=\"font-family: arial, helvetica, sans-serif;\">Ma per il Vangelo e per ogni azione che \u00e8 nella scia del Vangelo non ci deve essere paura che blocca!<\/span><\/strong><\/p>\n<p style=\"text-align: justify;\"><strong><span style=\"font-family: arial, helvetica, sans-serif;\">La Chiesa quindi, come comunit\u00e0\u00a0 di credenti, \u00e8 missionaria senza paura, con le porte aperte e sempre lanciata in avanti, sapendo che il Vangelo davvero cambia il mondo e dona l&#8217;anima del mondo. La Chiesa ha questa missione, proprio quella di sconfiggere le paure in modo che non blocchino il mondo e lo rendano un fortino chiuso in difesa&#8230; e morente!<\/span><\/strong><\/p>\n<p style=\"text-align: justify;\"><span style=\"font-family: arial, helvetica, sans-serif;\">Giovanni don<\/span><\/p>\n","protected":false},"excerpt":{"rendered":"<p>DOMENICA 21 giugno 2020 XII domenica anno A In quel tempo, Ges\u00f9 disse ai suoi apostoli: \u00abNon abbiate paura degli uomini, poich\u00e8 nulla vi \u00e8 di nascosto che non sar\u00e0\u00a0 svelato n\u00e8 di segreto che non sar\u00e0\u00a0 conosciuto. Quello che io vi dico nelle tenebre voi ditelo nella luce, e quello che ascoltate all&#8217;orecchio voi annunciatelo dalle terrazze. E non abbiate paura di quelli che uccidono il corpo, ma non hanno potere di uccidere l&#8217;anima; abbiate paura piuttosto di colui che ha il potere di far perire nella Ge\u00e8nna e l&#8217;anima e il corpo. Due passeri non si vendono forse<\/p>\n","protected":false},"author":1,"featured_media":0,"comment_status":"open","ping_status":"open","sticky":false,"template":"","format":"standard","meta":{"footnotes":""},"categories":[],"tags":[],"class_list":["post-3333","post","type-post","status-publish","format-standard","hentry"],"_links":{"self":[{"href":"https:\/\/www.gioba.it\/sito\/wp-json\/wp\/v2\/posts\/3333","targetHints":{"allow":["GET"]}}],"collection":[{"href":"https:\/\/www.gioba.it\/sito\/wp-json\/wp\/v2\/posts"}],"about":[{"href":"https:\/\/www.gioba.it\/sito\/wp-json\/wp\/v2\/types\/post"}],"author":[{"embeddable":true,"href":"https:\/\/www.gioba.it\/sito\/wp-json\/wp\/v2\/users\/1"}],"replies":[{"embeddable":true,"href":"https:\/\/www.gioba.it\/sito\/wp-json\/wp\/v2\/comments?post=3333"}],"version-history":[{"count":2,"href":"https:\/\/www.gioba.it\/sito\/wp-json\/wp\/v2\/posts\/3333\/revisions"}],"predecessor-version":[{"id":3337,"href":"https:\/\/www.gioba.it\/sito\/wp-json\/wp\/v2\/posts\/3333\/revisions\/3337"}],"wp:attachment":[{"href":"https:\/\/www.gioba.it\/sito\/wp-json\/wp\/v2\/media?parent=3333"}],"wp:term":[{"taxonomy":"category","embeddable":true,"href":"https:\/\/www.gioba.it\/sito\/wp-json\/wp\/v2\/categories?post=3333"},{"taxonomy":"post_tag","embeddable":true,"href":"https:\/\/www.gioba.it\/sito\/wp-json\/wp\/v2\/tags?post=3333"}],"curies":[{"name":"wp","href":"https:\/\/api.w.org\/{rel}","templated":true}]}}