{"id":3347,"date":"2020-07-11T10:41:32","date_gmt":"2020-07-11T10:41:32","guid":{"rendered":"http:\/\/www.gioba.it\/?p=3347"},"modified":"2020-07-11T15:22:05","modified_gmt":"2020-07-11T15:22:05","slug":"seminatore-instancabile-di-vita","status":"publish","type":"post","link":"https:\/\/www.gioba.it\/sito\/2020\/07\/11\/seminatore-instancabile-di-vita\/","title":{"rendered":"seminatore instancabile di vita"},"content":{"rendered":"<p style=\"text-align: justify;\"><a href=\"http:\/\/www.gioba.it\/sito\/wp-content\/uploads\/2020\/07\/parabole-moderne-colored.jpg\"><img loading=\"lazy\" decoding=\"async\" class=\"alignleft wp-image-3348\" src=\"http:\/\/www.gioba.it\/sito\/wp-content\/uploads\/2020\/07\/parabole-moderne-colored.jpg\" alt=\"\" width=\"591\" height=\"510\" \/><\/a><\/p>\n<p style=\"text-align: justify;\"><strong><span style=\"font-family: arial, helvetica, sans-serif;\">DOMENICA 12 luglio 2020<\/span><\/strong><\/p>\n<p style=\"text-align: justify;\"><strong><span style=\"font-family: arial, helvetica, sans-serif;\">XV domenica anno A<\/span><\/strong><\/p>\n<blockquote>\n<p style=\"text-align: justify;\"><span style=\"font-family: arial, helvetica, sans-serif;\">Quel giorno Ges\u00f9 usc\u00ec di casa e sedette in riva al mare. Si radun\u00f2 attorno a lui tanta folla che egli sal\u00ec su una barca e si mise a sedere, mentre tutta la folla stava sulla spiaggia.<\/span><br \/>\n<span style=\"font-family: arial, helvetica, sans-serif;\">Egli parl\u00f2 loro di molte cose con parabole. E disse: \u00abEcco, il seminatore usc\u00ec a seminare. Mentre seminava, una parte cadde lungo la strada; vennero gli uccelli e la mangiarono. Un&#8217;altra parte cadde sul terreno sassoso, dove non c&#8217;era molta terra; germogli\u00f2 subito, perch\u00e8 il terreno non era profondo, ma quando spunt\u00f2 il sole fu bruciata e, non avendo radici, secc\u00f2. Un&#8217;altra parte cadde sui rovi, e i rovi crebbero e la soffocarono. Un&#8217;altra parte cadde sul terreno buono e diede frutto: il cento, il sessanta, il trenta per uno. Chi ha orecchi, ascolti\u00bb.<\/span><\/p>\n<p style=\"text-align: justify;\"><span style=\"font-family: arial, helvetica, sans-serif;\">(dal Vangelo di Matteo 13,1-9)<\/span><\/p>\n<\/blockquote>\n<p><strong><span style=\"font-family: arial, helvetica, sans-serif;\">A quale domanda principale risponde il Vangelo? Non \u00e8 certo la domanda se Dio esiste o meno, perch\u00e8 nel contesto in cui \u00e8 nato e vissuto Ges\u00f9 e la prima comunit\u00e0\u00a0 cristiana l&#8217;esistenza di Dio non era messa in discussione. La domanda non se Dio c&#8217;\u00e8, ma chi \u00e8 Dio! Ges\u00f9 ha dato la vita per mostrare il vero volto di Dio, come Dio agisce nella storia umana e cosa centra con la nostra storia personale.<\/span><\/strong><\/p>\n<p><strong><span style=\"font-family: arial, helvetica, sans-serif;\">Chi \u00e8 Dio? Noi cristiani pensiamo di conoscerlo ma non \u00e8 detto che lo conosciamo veramente, e spesso abbiamo una idea sbagliata di Dio che ci porta ad una vita religiosa sbagliata o addirittura a rifiutare Dio.<\/span><\/strong><\/p>\n<p><strong><span style=\"font-family: arial, helvetica, sans-serif;\">Mi capita di sentir dire &#8220;Dio non esiste&#8221; oppure &#8220;Non ci credo a quello che la Chiesa dice di Dio&#8230;&#8221;, che porta come conseguenza l&#8217;abbandono della vita di fede e della vita comunitaria nella Chiesa.<\/span><\/strong><\/p>\n<p><strong><span style=\"font-family: arial, helvetica, sans-serif;\">Poi ascolto profondamente il mio cuore e domando a me stesso: &#8220;Dico di credere in Dio&#8230; ma conosco davvero Dio?&#8221;<\/span><\/strong><\/p>\n<p><strong><span style=\"font-family: arial, helvetica, sans-serif;\">Se guardiamo alla nostra vita religiosa spesso riveliamo di avere pi\u00f9 una &#8220;caricatura&#8221; di Dio che una vera conoscenza secondo il Vangelo. Se la nostra preoccupazione principale come credenti \u00e8 osservare le leggi morali pensando che Dio ha una specie di schedario in cui segna buone e cattive azioni, in vista di una promozione o bocciatura nell&#8217;aldil\u00e0\u00a0, forse forse non abbiamo di Dio le idee chiare.<\/span><\/strong><\/p>\n<p><strong><span style=\"font-family: arial, helvetica, sans-serif;\">Le parole di Ges\u00f9 nel Vangelo di questa domenica sono una specie di boccata di ossigeno per la nostra fede. Usando una immagine molto concreta della vita agricola Ges\u00f9 vuole entrare nel profondo del cuore di chi lo ascolta e indirizzarlo verso una corretta visione di Dio.<\/span><\/strong><\/p>\n<p><strong><span style=\"font-family: arial, helvetica, sans-serif;\">&#8220;Ecco, il seminatore usc\u00ec a seminare. Mentre seminava, una parte cadde&#8230;&#8221;<\/span><\/strong><\/p>\n<p><strong><span style=\"font-family: arial, helvetica, sans-serif;\">E&#8217; davvero stupenda questa immagine di Dio come di un seminatore che a piene mani getta vita nei solchi della storia del mondo e anche nei solchi della nostra storia. Dio seminatore e non Dio giudice o legislatore! Potremmo obiettare che Dio semina con grande spreco, vedendo come finisce male parte del suo seme, anzi i tre quarti del seme&#8230;<\/span><\/strong><\/p>\n<p><strong><span style=\"font-family: arial, helvetica, sans-serif;\">Ma Dio semina senza paura e senza calcolo, perch\u00e8 \u00e8 cos\u00ec quando si ama davvero. Ges\u00f9 ha amato senza calcolo tutti, senza star li a verificare ritorno e contraccambio, ma sapendo che l&#8217;amore anche se a volte \u00e8 rifiutato, quando \u00e8 accolto fa miracoli. Dio \u00e8 cos\u00ec secondo il Vangelo, secondo la &#8220;buona notizia&#8221; che mi rasserena. Dio semina il suo amore in me anche se talvolta sono duro come una strada e quindi non accolgo quell&#8217;amore e non lo faccio nemmeno attecchire dentro di me. Dio semina il suo amore attraverso la sua Parola, nella preghiera, attraverso le persone che incontro. Ma posso essere come un terreno sassoso e quindi superficiale nel vivere il suo amore e la sua Parola. E cos\u00ec basta poco che mi dimentico quello che ho ricevuto e vivo come se non avessi Dio, anche se lo proclamo con la bocca e dico di essere credente. Ma Dio semina e semina senza stancare in me anche se sono talvolta cos\u00ec chiuso e preso da tante cose da fare, preoccupazioni, paure e vizi, che soffocano la sua presenza, ridotta solo allo spazio della messa domenicale o dentro l&#8217;angusto spazio di qualche rapida preghiera. Ma Ges\u00f9 ci tiene a farmi sapere che Dio \u00e8 il seminatore instancabile di vita, e che a forza di seminare alla fine quel poco accolto diventer\u00e0\u00a0 tutto. Il Vangelo mi rassicura che se in modo sincero accolgo la presenza e la Parola di Dio succede qualcosa di davvero straordinario e divento anche io produttore di seme per altri. Cos\u00ec vengo anche io trasformato in seminatore sull&#8217;esempio di Ges\u00f9, e come lui devo dispensare l&#8217;amore ricevuto senza calcolo e senza stancarmi, senza giudizio ma con generosit\u00e0\u00a0. Anche io con la vita di Dio nel cuore, nella mente e nelle mie azioni, posso comunicarla ad altri, con la fiducia che anche poco, se viene da Dio, \u00e8 capace di miracoli.<\/span><\/strong><\/p>\n<p><strong><span style=\"font-family: arial, helvetica, sans-serif;\">Ecco chi \u00e8 Dio veramente, ecco perch\u00e8 \u00e8 importante sapere quale \u00e8 veramente Dio nel quale sono chiamato ad affidare la mia vita. Da questo Dio seminatore instancabile di vita, capisco meglio chi sono anch&#8217;io, capisco le mie potenzialit\u00e0\u00a0 e quale \u00e8 il mio posto nel mondo.<\/span><\/strong><\/p>\n<p style=\"text-align: justify;\"><span style=\"font-family: arial, helvetica, sans-serif;\">Giovanni don<\/span><\/p>\n","protected":false},"excerpt":{"rendered":"<p>DOMENICA 12 luglio 2020 XV domenica anno A Quel giorno Ges\u00f9 usc\u00ec di casa e sedette in riva al mare. Si radun\u00f2 attorno a lui tanta folla che egli sal\u00ec su una barca e si mise a sedere, mentre tutta la folla stava sulla spiaggia. Egli parl\u00f2 loro di molte cose con parabole. E disse: \u00abEcco, il seminatore usc\u00ec a seminare. Mentre seminava, una parte cadde lungo la strada; vennero gli uccelli e la mangiarono. Un&#8217;altra parte cadde sul terreno sassoso, dove non c&#8217;era molta terra; germogli\u00f2 subito, perch\u00e8 il terreno non era profondo, ma quando spunt\u00f2 il sole fu<\/p>\n","protected":false},"author":1,"featured_media":0,"comment_status":"open","ping_status":"open","sticky":false,"template":"","format":"standard","meta":{"footnotes":""},"categories":[],"tags":[],"class_list":["post-3347","post","type-post","status-publish","format-standard","hentry"],"_links":{"self":[{"href":"https:\/\/www.gioba.it\/sito\/wp-json\/wp\/v2\/posts\/3347","targetHints":{"allow":["GET"]}}],"collection":[{"href":"https:\/\/www.gioba.it\/sito\/wp-json\/wp\/v2\/posts"}],"about":[{"href":"https:\/\/www.gioba.it\/sito\/wp-json\/wp\/v2\/types\/post"}],"author":[{"embeddable":true,"href":"https:\/\/www.gioba.it\/sito\/wp-json\/wp\/v2\/users\/1"}],"replies":[{"embeddable":true,"href":"https:\/\/www.gioba.it\/sito\/wp-json\/wp\/v2\/comments?post=3347"}],"version-history":[{"count":2,"href":"https:\/\/www.gioba.it\/sito\/wp-json\/wp\/v2\/posts\/3347\/revisions"}],"predecessor-version":[{"id":3350,"href":"https:\/\/www.gioba.it\/sito\/wp-json\/wp\/v2\/posts\/3347\/revisions\/3350"}],"wp:attachment":[{"href":"https:\/\/www.gioba.it\/sito\/wp-json\/wp\/v2\/media?parent=3347"}],"wp:term":[{"taxonomy":"category","embeddable":true,"href":"https:\/\/www.gioba.it\/sito\/wp-json\/wp\/v2\/categories?post=3347"},{"taxonomy":"post_tag","embeddable":true,"href":"https:\/\/www.gioba.it\/sito\/wp-json\/wp\/v2\/tags?post=3347"}],"curies":[{"name":"wp","href":"https:\/\/api.w.org\/{rel}","templated":true}]}}