{"id":3378,"date":"2020-08-25T20:23:05","date_gmt":"2020-08-25T20:23:05","guid":{"rendered":"http:\/\/www.gioba.it\/?p=3378"},"modified":"2020-08-25T20:23:05","modified_gmt":"2020-08-25T20:23:05","slug":"chi-sono-io-per-te-2","status":"publish","type":"post","link":"https:\/\/www.gioba.it\/sito\/2020\/08\/25\/chi-sono-io-per-te-2\/","title":{"rendered":"chi sono io per te?"},"content":{"rendered":"<p style=\"text-align: justify;\"><a href=\"http:\/\/www.gioba.it\/sito\/wp-content\/uploads\/2020\/08\/poco-Vangelo-colored.jpg\"><img loading=\"lazy\" decoding=\"async\" class=\"alignleft  wp-image-3379\" src=\"http:\/\/www.gioba.it\/sito\/wp-content\/uploads\/2020\/08\/poco-Vangelo-colored.jpg\" alt=\"\" width=\"592\" height=\"511\" \/><\/a><\/p>\n<p style=\"text-align: justify;\"><span style=\"font-family: arial, helvetica, sans-serif;\"><strong>DOMENICA 23 agosto 2020<\/strong><\/span><\/p>\n<p style=\"text-align: justify;\"><span style=\"font-family: arial, helvetica, sans-serif;\"><strong>XXI anno A<\/strong><\/span><\/p>\n<p style=\"text-align: justify;\">\n<blockquote>\n<p style=\"text-align: justify;\"><span style=\"font-family: arial, helvetica, sans-serif;\">In quel tempo, Ges\u00f9, giunto nella regione di Cesar\u00e8a di Filippo, domand\u00f2 ai suoi discepoli: \u00abLa gente, chi dice che sia il Figlio dell&#8217;uomo?\u00bb. Risposero: \u00abAlcuni dicono Giovanni il Battista, altri El\u00eca, altri Gerem\u00eca o qualcuno dei profeti\u00bb.<\/span><br \/>\n<span style=\"font-family: arial, helvetica, sans-serif;\">Disse loro: \u00abMa voi, chi dite che io sia?\u00bb. Rispose Simon Pietro: \u00abTu sei il Cristo, il Figlio del Dio vivente\u00bb.<\/span><br \/>\n<span style=\"font-family: arial, helvetica, sans-serif;\">E Ges\u00f9 gli disse: \u00abBeato sei tu, Simone, figlio di Giona, perch\u00e8 n\u00e8 carne n\u00e8 sangue te lo hanno rivelato, ma il Padre mio che \u00e8 nei cieli. E io a te dico: tu sei Pietro e su questa pietra edificher\u00f2 la mia Chiesa e le potenze degli inferi non prevarranno su di essa. A te dar\u00f2 le chiavi del regno dei cieli: tutto ci\u00f2 che legherai sulla terra sar\u00e0\u00a0 legato nei cieli, e tutto ci\u00f2 che scioglierai sulla terra sar\u00e0\u00a0 sciolto nei cieli\u00bb.<\/span><br \/>\n<span style=\"font-family: arial, helvetica, sans-serif;\">Allora ordin\u00f2 ai discepoli di non dire ad alcuno che egli era il Cristo.<\/span><\/p>\n<p style=\"text-align: justify;\"><span style=\"font-family: arial, helvetica, sans-serif;\">(dal Vangelo di Matteo 16,13-20)<\/span><\/p>\n<\/blockquote>\n<p style=\"text-align: justify;\">\n<p style=\"text-align: justify;\"><strong><span style=\"font-family: arial, helvetica, sans-serif;\">Che effetti sta avendo questa pandemia sulla Chiesa e sulla vita di fede nei cristiani?<\/span><\/strong><\/p>\n<p style=\"text-align: justify;\"><strong><span style=\"font-family: arial, helvetica, sans-serif;\">Si parla di una fortissima riduzione della partecipazione alla messa domenicale e non solo perch\u00e8 per un periodo non si poteva andare e ora ci sono posti limitati. La situazione di lockdown sembra aver accelerato la progressiva diminuzione della partecipazione dei cristiani battezzati alla preghiera comunitaria domenicale. A parte la messa, che fine sta facendo il legame dei cristiani con Ges\u00f9?<\/span><\/strong><\/p>\n<p style=\"text-align: justify;\"><strong><span style=\"font-family: arial, helvetica, sans-serif;\">Interessante in questo passo del Vangelo \u00e8 la collocazione del dialogo tra Ges\u00f9 e i suoi amici.<\/span><\/strong><\/p>\n<p style=\"text-align: justify;\"><strong><span style=\"font-family: arial, helvetica, sans-serif;\">L&#8217;evangelista Matteo presenta il Maestro che porta i discepoli in una regione pagana, a nord, lontana da Gerusalemme, il centro della fede dei Padri antichi e luogo del culto ufficiale nel Tempio. Cesarea di Filippo \u00e8 una citt\u00e0\u00a0 in costruzione e li vicino ci sono le fonti del fiume Giordano e un luogo che secondo la tradizione pagana c&#8217;era la porta degli inferi, luogo dei morti.<\/span><\/strong><\/p>\n<p style=\"text-align: justify;\"><strong><span style=\"font-family: arial, helvetica, sans-serif;\">E&#8217; proprio l\u00ec, lontano da tutto e tutti, da ogni condizionamento culturale e religioso, che Ges\u00f9 fa la domanda delle domande per ogni discepolo: &#8220;chi sono io per te?&#8221;<\/span><\/strong><\/p>\n<p style=\"text-align: justify;\"><strong><span style=\"font-family: arial, helvetica, sans-serif;\">La domanda inizia un po&#8217; &#8220;alla larga&#8221; con il chiedere cosa la gente ha capito di lui, e nella risposta dei discepoli c&#8217;\u00e8 tutta la confusione e l&#8217;ignoranza di chi non ha capito bene chi \u00e8 Ges\u00f9. Viene confuso con suo cugino Giovanni che sarebbe risorto non si sa come, oppure scambiato per uno dei profeti redivivi. Sembra che su Ges\u00f9 per capirlo si debba guardare al passato e basta&#8230; Ges\u00f9 poi domanda in maniera pi\u00f9 diretta a chi ha davanti in quel momento e che \u00e8 &#8220;costretto&#8221; a non mentire: &#8220;Ma voi, chi dite che io sia?&#8221;<\/span><\/strong><\/p>\n<p style=\"text-align: justify;\"><strong><span style=\"font-family: arial, helvetica, sans-serif;\">Domanda diretta che non si pu\u00f2 scappare, posta direttamente da Ges\u00f9 che parla ai loro orecchi e al loro cuore. E&#8217; la domanda che fa anche a me, a noi, se non fuggiamo e se non facciamo finta di non sentire.<\/span><\/strong><\/p>\n<p style=\"text-align: justify;\"><strong><span style=\"font-family: arial, helvetica, sans-serif;\">Ho bisogno che questa domanda mi sia rivolta pi\u00f9 e pi\u00f9 volte, perch\u00e8 \u00e8 dall&#8217;ascolto della domanda che dipende la mia fede. Se non mi metto in ascolto di Ges\u00f9 che mi domanda &#8220;chi sono io per te&#8221; rischio di far morire la mia fede perch\u00e8 non c&#8217;\u00e8 nulla che la tiene accesa e stimolata. E una fede che non \u00e8 tenuta accesa si trasforma in una vita religiosa di facciata, fatta di una serie di pratiche religiose esterne che basta poco siano anch&#8217;esse spazzate via, come abbiamo visto che sta succedendo in questo periodo.<\/span><\/strong><\/p>\n<p style=\"text-align: justify;\"><strong><span style=\"font-family: arial, helvetica, sans-serif;\">Alla domanda di Ges\u00f9, Pietro risponde in modo forte e profondo (&#8220;Tu sei il Cristo, il Figlio del Dio vivente&#8221;) e lo stesso Ges\u00f9 riconosce che in questa risposta c&#8217;\u00e8 una azione dello Spirito di Dio nel cuore aperto e disponibile dei discepoli. Ges\u00f9 riconosce che se un credente tiene acceso il desiderio di imparare, crescere e ascoltare, lo Spirito di Dio riesce a farsi sentire.<\/span><\/strong><\/p>\n<p style=\"text-align: justify;\"><strong><span style=\"font-family: arial, helvetica, sans-serif;\">&#8220;Chi sono io per te&#8221; \u00e8 la domanda quindi da ascoltare non solo quando siamo in chiesa durante le liturgie, ma in ogni istante della nostra vita, in ogni situazione di vita bella o brutta, serena o impegnativa nella quale ci troviamo. &#8220;Cosa mi dice Ges\u00f9 in questa situazione?&#8221; \u00e8 la domanda da tenere sempre accesa e con la fede che in qualche modo, anche se non sempre \u00e8 chiaro, una risposta mi arriva e Ges\u00f9, che come maestro mi vuole guidare e soprattutto non mi abbandona.<\/span><\/strong><\/p>\n<p style=\"text-align: justify;\"><strong><span style=\"font-family: arial, helvetica, sans-serif;\">A Pietro Ges\u00f9 consegna le chiavi del Regno dei cieli e gli dice: &#8220;Tutto ci\u00f2 che legherai sulla terra sar\u00e0\u00a0 legato nei cieli, e tutto ci\u00f2 che scioglierai sulla terra sar\u00e0\u00a0 sciolto nei cieli&#8221;. Non \u00e8 una consegna di potere, ma un affidamento fatto in fiducia. Ges\u00f9 chiama Pietro a fidarsi di lui e lui si affida a Pietro perch\u00e8 custodisca i suoi insegnamenti. E questo atto di fiducia che Ges\u00f9 fa nei confronti di Pietro e degli altri lo fa anche con me, con noi. Per avere le chiavi basta solo una cosa, semplice quanto fondamentale: ascoltare la domanda &#8220;chi sono io per te?&#8221;&#8230;<\/span><\/strong><\/p>\n<p style=\"text-align: justify;\"><span style=\"font-family: arial, helvetica, sans-serif;\">Giovanni don<\/span><\/p>\n","protected":false},"excerpt":{"rendered":"<p>DOMENICA 23 agosto 2020 XXI anno A In quel tempo, Ges\u00f9, giunto nella regione di Cesar\u00e8a di Filippo, domand\u00f2 ai suoi discepoli: \u00abLa gente, chi dice che sia il Figlio dell&#8217;uomo?\u00bb. Risposero: \u00abAlcuni dicono Giovanni il Battista, altri El\u00eca, altri Gerem\u00eca o qualcuno dei profeti\u00bb. Disse loro: \u00abMa voi, chi dite che io sia?\u00bb. Rispose Simon Pietro: \u00abTu sei il Cristo, il Figlio del Dio vivente\u00bb. E Ges\u00f9 gli disse: \u00abBeato sei tu, Simone, figlio di Giona, perch\u00e8 n\u00e8 carne n\u00e8 sangue te lo hanno rivelato, ma il Padre mio che \u00e8 nei cieli. E io a te dico: tu<\/p>\n","protected":false},"author":1,"featured_media":0,"comment_status":"open","ping_status":"open","sticky":false,"template":"","format":"standard","meta":{"footnotes":""},"categories":[],"tags":[],"class_list":["post-3378","post","type-post","status-publish","format-standard","hentry"],"_links":{"self":[{"href":"https:\/\/www.gioba.it\/sito\/wp-json\/wp\/v2\/posts\/3378","targetHints":{"allow":["GET"]}}],"collection":[{"href":"https:\/\/www.gioba.it\/sito\/wp-json\/wp\/v2\/posts"}],"about":[{"href":"https:\/\/www.gioba.it\/sito\/wp-json\/wp\/v2\/types\/post"}],"author":[{"embeddable":true,"href":"https:\/\/www.gioba.it\/sito\/wp-json\/wp\/v2\/users\/1"}],"replies":[{"embeddable":true,"href":"https:\/\/www.gioba.it\/sito\/wp-json\/wp\/v2\/comments?post=3378"}],"version-history":[{"count":1,"href":"https:\/\/www.gioba.it\/sito\/wp-json\/wp\/v2\/posts\/3378\/revisions"}],"predecessor-version":[{"id":3380,"href":"https:\/\/www.gioba.it\/sito\/wp-json\/wp\/v2\/posts\/3378\/revisions\/3380"}],"wp:attachment":[{"href":"https:\/\/www.gioba.it\/sito\/wp-json\/wp\/v2\/media?parent=3378"}],"wp:term":[{"taxonomy":"category","embeddable":true,"href":"https:\/\/www.gioba.it\/sito\/wp-json\/wp\/v2\/categories?post=3378"},{"taxonomy":"post_tag","embeddable":true,"href":"https:\/\/www.gioba.it\/sito\/wp-json\/wp\/v2\/tags?post=3378"}],"curies":[{"name":"wp","href":"https:\/\/api.w.org\/{rel}","templated":true}]}}