{"id":3387,"date":"2020-09-05T15:30:35","date_gmt":"2020-09-05T15:30:35","guid":{"rendered":"http:\/\/www.gioba.it\/?p=3387"},"modified":"2020-09-05T15:30:35","modified_gmt":"2020-09-05T15:30:35","slug":"comunita-sinfonica","status":"publish","type":"post","link":"https:\/\/www.gioba.it\/sito\/2020\/09\/05\/comunita-sinfonica\/","title":{"rendered":"comunit\u00e0\u00a0 sinfonica"},"content":{"rendered":"<p style=\"text-align: justify;\"><a href=\"http:\/\/www.gioba.it\/sito\/wp-content\/uploads\/2020\/09\/Ges\u00f9-in-mezzo-colored.jpg\"><img loading=\"lazy\" decoding=\"async\" class=\"alignleft  wp-image-3388\" src=\"http:\/\/www.gioba.it\/sito\/wp-content\/uploads\/2020\/09\/Ges\u00f9-in-mezzo-colored.jpg\" alt=\"\" width=\"591\" height=\"493\" \/><\/a><\/p>\n<p style=\"text-align: justify;\"><strong><span style=\"font-family: arial, helvetica, sans-serif;\">DOMENICA 6 settembre 2020<\/span><\/strong><\/p>\n<p style=\"text-align: justify;\"><strong><span style=\"font-family: arial, helvetica, sans-serif;\">XXIII anno A<\/span><\/strong><\/p>\n<p style=\"text-align: justify;\">\n<blockquote>\n<p style=\"text-align: justify;\"><span style=\"font-family: arial, helvetica, sans-serif;\">In quel tempo, Ges\u00f9 disse ai suoi discepoli:<\/span><br \/>\n<span style=\"font-family: arial, helvetica, sans-serif;\">\u00abSe il tuo fratello commetter\u00e0\u00a0 una colpa contro di te, va&#8217; e ammoniscilo fra te e lui solo; se ti ascolter\u00e0\u00a0, avrai guadagnato il tuo fratello; se non ascolter\u00e0\u00a0, prendi ancora con te una o due persone, perch\u00e8 ogni cosa sia risolta sulla parola di due o tre testimoni. Se poi non ascolter\u00e0\u00a0 costoro, dillo alla comunit\u00e0\u00a0; e se non ascolter\u00e0\u00a0 neanche la comunit\u00e0\u00a0, sia per te come il pagano e il pubblicano.<\/span><br \/>\n<span style=\"font-family: arial, helvetica, sans-serif;\">In verit\u00e0\u00a0 io vi dico: tutto quello che legherete sulla terra sar\u00e0\u00a0 legato in cielo, e tutto quello che scioglierete sulla terra sar\u00e0\u00a0 sciolto in cielo.<\/span><br \/>\n<span style=\"font-family: arial, helvetica, sans-serif;\">In verit\u00e0\u00a0 io vi dico ancora: se due di voi sulla terra si metteranno d&#8217;accordo per chiedere qualunque cosa, il Padre mio che \u00e8 nei cieli gliela conceder\u00e0\u00a0. Perch\u00e8 dove sono due o tre riuniti nel mio nome, l\u00ec sono io in mezzo a loro\u00bb.<\/span><\/p>\n<p style=\"text-align: justify;\"><span style=\"font-family: arial, helvetica, sans-serif;\">(dal Vangelo di Matteo 18,15-20)<\/span><\/p>\n<\/blockquote>\n<p style=\"text-align: justify;\">\n<p style=\"text-align: justify;\">\n<p style=\"text-align: justify;\"><strong><span style=\"font-family: arial, helvetica, sans-serif;\">Disegnando la vignetta per questa domenica, legata alle parole del Vangelo quando Ges\u00f9 dice: &#8220;&#8230; io sono in mezzo a voi&#8221;, ho voluto fare un Ges\u00f9 decisamente sovrappeso, dalla corporatura estremamente tonda. L&#8217;ironia della vignetta sta nel fatto che visto il distanziamento obbligatorio di almeno un metro tra i fedeli in chiesa, Ges\u00f9 in mezzo si pu\u00f2 permettere di essere bello largo. Mia sorella vedendo la vignetta mi ha detto: &#8220;Carina, ma stai attento al body shaming&#8230; qualcuno potrebbe offendersi facendo ironia sulla rotondit\u00e0\u00a0 di Ges\u00f9!&#8221;.<\/span><\/strong><\/p>\n<p style=\"text-align: justify;\"><strong><span style=\"font-family: arial, helvetica, sans-serif;\">Il \u00a0body shaming, che in italiano si traduce con \u00a0&#8220;derisione del corpo&#8221;, \u00e8 un termine internazionale che dice l&#8217;atto di deridere una persona per il suo aspetto fisico. Con il &#8220;body shaming&#8221; qualsiasi caratteristica fisica pu\u00f2 essere presa di mira, specialmente se si discosta da quei canoni di bellezza che sono imposti dalla cultura, ma che non rispecchiano la reale variet\u00e0\u00a0 delle persone: altezza, colore della pelle, costituzione fisica, dettagli del corpo&#8230; Forse ci sembra una piccola cosa, ma in realt\u00e0\u00a0 quanta sofferenza si \u00e8 creata prendendo in giro una persona perch\u00e8 ha una determinata caratteristica fisica? E quando questa presa in giro \u00e8 diventata vera e propria esclusione sociale e lavorativa, quanto male si \u00e8 fatto a livello di relazioni sociali?<\/span><\/strong><\/p>\n<p style=\"text-align: justify;\"><strong><span style=\"font-family: arial, helvetica, sans-serif;\">Tutto questo nasce dagli schemi a volte troppo rigidi di bellezza e di cosiddetta normalit\u00e0\u00a0, che dividono arbitrariamente le persone in belle o brutte, in normali o anormali. Penso che un po&#8217; di colpa forse sta anche nello stesso modo di rappresentare i personaggi sacri della Bibbia, in primis Ges\u00f9, Maria, gli apostoli e i santi. Nessuno per rappresentare Ges\u00f9 o Maria in qualche pittura o anche rappresentazione cinematografica si sognerebbe di usare l&#8217;immagine di una persona &#8220;brutta&#8221; secondo gli schemi di bellezza imposti dalla maggioranza. E cos\u00ec Ges\u00f9, Maria e i Santi sono sempre magri, alti, perfetti&#8230; se non addirittura biondi e con gli occhi azzurri, se pensati da noi Europei.<\/span><\/strong><\/p>\n<p style=\"text-align: justify;\"><strong><span style=\"font-family: arial, helvetica, sans-serif;\">C&#8217;\u00e8 una espressione nel Vangelo di questa domenica che nella traduzione italiana non rende bene il senso della parola greca con quale Matteo scrive il suo Vangelo. Quando scrive &#8220;se due di voi sulla terra si metteranno d&#8217;accordo&#8230;&#8221;, usa una parola greca che richiama la parola &#8220;sinfonia&#8221;. Ges\u00f9 ha in mente una comunit\u00e0\u00a0 di persone che quando sono insieme formano una vera e propria sinfonia, ed \u00e8 allora che lui \u00e8 presente, che Dio \u00e8 presente.<\/span><\/strong><\/p>\n<p style=\"text-align: justify;\"><strong><span style=\"font-family: arial, helvetica, sans-serif;\">Essere in sinfonia significa dare spazio a tutti, in tutti i modi, superando schemi rigidi e visioni chiuse. E&#8217; proprio come una orchestra dove ogni strumento ha il suo posto e il suo perch\u00e8. Che sia piccolo o grande, che sia a fiato o a corda o percussione, che suoni di pi\u00f9 o di meno, che segua un rigo musicale o un altro, alla fine ogni strumento partecipa all&#8217;unica sinfonia. Non avrebbe senso dire che uno strumento \u00e8 pi\u00f9 bello di un altro, perch\u00e8 ognuno ha la sua bellezza nel fatto stesso di fare la sua parte per la sinfonia generale.<\/span><\/strong><\/p>\n<p style=\"text-align: justify;\"><strong><span style=\"font-family: arial, helvetica, sans-serif;\">Questa \u00e8 la comunit\u00e0\u00a0 che sogna Ges\u00f9 e che insegna ai suoi discepoli. Questa \u00e8 la comunit\u00e0\u00a0 dei primi cristiani e che anche noi siamo chiamati a costruire. Non c&#8217;\u00e8 spazio per il &#8220;body shaming&#8221;, cio\u00e8 per ogni forma di discriminazione e di giudizio, ma proprio come cristiani siamo i primi nemici di questa forma di derisione e giudizio che esclude e crea sofferenza e fratture nella comunit\u00e0\u00a0 umana.<\/span><\/strong><\/p>\n<p style=\"text-align: justify;\"><strong><span style=\"font-family: arial, helvetica, sans-serif;\">&#8220;La bellezza sta negli occhi di chi guarda&#8221; dice un famoso proverbio. Per Dio noi siamo tutti belli indipendentemente dalle nostre caratteristiche fisiche e anche di vita, perch\u00e8 gli occhi di Dio sono pieni di amore.<\/span><\/strong><\/p>\n<p style=\"text-align: justify;\"><strong><span style=\"font-family: arial, helvetica, sans-serif;\">Una comunit\u00e0\u00a0 come la nostra deve avere questo stesso sguardo, in modo che la sinfonia delle nostre vite diverse mostri al mondo la bellezza dell&#8217;amore di Dio.<\/span><\/strong><\/p>\n<p style=\"text-align: justify;\"><span style=\"font-family: arial, helvetica, sans-serif;\">Giovanni don<\/span><\/p>\n","protected":false},"excerpt":{"rendered":"<p>DOMENICA 6 settembre 2020 XXIII anno A In quel tempo, Ges\u00f9 disse ai suoi discepoli: \u00abSe il tuo fratello commetter\u00e0\u00a0 una colpa contro di te, va&#8217; e ammoniscilo fra te e lui solo; se ti ascolter\u00e0\u00a0, avrai guadagnato il tuo fratello; se non ascolter\u00e0\u00a0, prendi ancora con te una o due persone, perch\u00e8 ogni cosa sia risolta sulla parola di due o tre testimoni. Se poi non ascolter\u00e0\u00a0 costoro, dillo alla comunit\u00e0\u00a0; e se non ascolter\u00e0\u00a0 neanche la comunit\u00e0\u00a0, sia per te come il pagano e il pubblicano. In verit\u00e0\u00a0 io vi dico: tutto quello che legherete sulla terra sar\u00e0\u00a0<\/p>\n","protected":false},"author":1,"featured_media":0,"comment_status":"open","ping_status":"open","sticky":false,"template":"","format":"standard","meta":{"footnotes":""},"categories":[],"tags":[],"class_list":["post-3387","post","type-post","status-publish","format-standard","hentry"],"_links":{"self":[{"href":"https:\/\/www.gioba.it\/sito\/wp-json\/wp\/v2\/posts\/3387","targetHints":{"allow":["GET"]}}],"collection":[{"href":"https:\/\/www.gioba.it\/sito\/wp-json\/wp\/v2\/posts"}],"about":[{"href":"https:\/\/www.gioba.it\/sito\/wp-json\/wp\/v2\/types\/post"}],"author":[{"embeddable":true,"href":"https:\/\/www.gioba.it\/sito\/wp-json\/wp\/v2\/users\/1"}],"replies":[{"embeddable":true,"href":"https:\/\/www.gioba.it\/sito\/wp-json\/wp\/v2\/comments?post=3387"}],"version-history":[{"count":1,"href":"https:\/\/www.gioba.it\/sito\/wp-json\/wp\/v2\/posts\/3387\/revisions"}],"predecessor-version":[{"id":3389,"href":"https:\/\/www.gioba.it\/sito\/wp-json\/wp\/v2\/posts\/3387\/revisions\/3389"}],"wp:attachment":[{"href":"https:\/\/www.gioba.it\/sito\/wp-json\/wp\/v2\/media?parent=3387"}],"wp:term":[{"taxonomy":"category","embeddable":true,"href":"https:\/\/www.gioba.it\/sito\/wp-json\/wp\/v2\/categories?post=3387"},{"taxonomy":"post_tag","embeddable":true,"href":"https:\/\/www.gioba.it\/sito\/wp-json\/wp\/v2\/tags?post=3387"}],"curies":[{"name":"wp","href":"https:\/\/api.w.org\/{rel}","templated":true}]}}