{"id":3394,"date":"2020-09-19T08:51:24","date_gmt":"2020-09-19T08:51:24","guid":{"rendered":"http:\/\/www.gioba.it\/?p=3394"},"modified":"2020-09-19T08:51:31","modified_gmt":"2020-09-19T08:51:31","slug":"offendere-dio","status":"publish","type":"post","link":"https:\/\/www.gioba.it\/sito\/2020\/09\/19\/offendere-dio\/","title":{"rendered":"offendere Dio"},"content":{"rendered":"<p style=\"text-align: justify;\"><a href=\"http:\/\/www.gioba.it\/sito\/wp-content\/uploads\/2020\/09\/niente-inferno-colored.jpg\"><img loading=\"lazy\" decoding=\"async\" class=\"alignleft wp-image-3395\" src=\"http:\/\/www.gioba.it\/sito\/wp-content\/uploads\/2020\/09\/niente-inferno-colored.jpg\" alt=\"\" width=\"591\" height=\"493\" \/><\/a><\/p>\n<p style=\"text-align: justify;\"><strong><span style=\"font-family: arial, helvetica, sans-serif;\">DOMENICA 20 settembre 2020<\/span><\/strong><\/p>\n<p style=\"text-align: justify;\"><strong><span style=\"font-family: arial, helvetica, sans-serif;\">XXV anno A<\/span><\/strong><\/p>\n<blockquote>\n<p style=\"text-align: justify;\"><span style=\"font-family: arial, helvetica, sans-serif;\">In quel tempo, Ges\u00f9 disse ai suoi discepoli questa parabola:<\/span><br \/>\n<span style=\"font-family: arial, helvetica, sans-serif;\">\u00abIl regno dei cieli \u00e8 simile a un padrone di casa che usc\u00ec all&#8217;alba per prendere a giornata lavoratori per la sua vigna. Si accord\u00f2 con loro per un denaro al giorno e li mand\u00f2 nella sua vigna. Uscito poi verso le nove del mattino, ne vide altri che stavano in piazza, disoccupati, e disse loro: &#8220;Andate anche voi nella vigna; quello che \u00e8 giusto ve lo dar\u00f2&#8221;. Ed essi andarono. Usc\u00ec di nuovo verso mezzogiorno e verso le tre, e fece altrettanto. Uscito ancora verso le cinque, ne vide altri che se ne stavano l\u00ec e disse loro: &#8220;Perch\u00e8 ve ne state qui tutto il giorno senza far niente?&#8221;. Gli risposero: &#8220;Perch\u00e8 nessuno ci ha presi a giornata&#8221;. Ed egli disse loro: &#8220;Andate anche voi nella vigna&#8221;.<\/span><br \/>\n<span style=\"font-family: arial, helvetica, sans-serif;\">Quando fu sera, il padrone della vigna disse al suo fattore: &#8220;Chiama i lavoratori e dai loro la paga, incominciando dagli ultimi fino ai primi&#8221;. Venuti quelli delle cinque del pomeriggio, ricevettero ciascuno un denaro. Quando arrivarono i primi, pensarono che avrebbero ricevuto di pi\u00f9. Ma anch&#8217;essi ricevettero ciascuno un denaro. Nel ritirarlo, per\u00f2, mormoravano contro il padrone dicendo: &#8220;Questi ultimi hanno lavorato un&#8217;ora soltanto e li hai trattati come noi, che abbiamo sopportato il peso della giornata e il caldo&#8221;.<\/span><br \/>\n<span style=\"font-family: arial, helvetica, sans-serif;\">Ma il padrone, rispondendo a uno di loro, disse: &#8220;Amico, io non ti faccio torto. Non hai forse concordato con me per un denaro? Prendi il tuo e vattene. Ma io voglio dare anche a quest&#8217;ultimo quanto a te: non posso fare delle mie cose quello che voglio? Oppure tu sei invidioso perch\u00e8 io sono buono?&#8221;. Cos\u00ec gli ultimi saranno primi e i primi, ultimi\u00bb.<\/span><\/p>\n<p style=\"text-align: justify;\"><span style=\"font-family: arial, helvetica, sans-serif;\">(dal Vangelo di Matteo 20,1-16)<\/span><\/p>\n<\/blockquote>\n<p style=\"text-align: justify;\"><strong><span style=\"font-family: arial, helvetica, sans-serif;\">Cos&#8217;\u00e8 la bestemmia? E&#8217; una offesa a Dio. Questo \u00e8 quello che ci viene insegnato. Per bestemmia di solito indichiamo quell&#8217;intercalare che accosta espressioni volgari al nome di Dio, disegnandone con le parole una &#8220;volgare caricatura&#8221;. E&#8217; davvero questo quello che offende Dio? Siamo sicuri che sia questa la bestemmia da evitare? Nel Vangelo Ges\u00f9 stesso viene accusato dai capi religiosi di essere un bestemmiatore! In un passo del Vangelo di Matteo (al capitolo 6) si racconta di Ges\u00f9 che pronuncia parole di perdono verso un paralitico e prontamente gli scribi (i teologi del tempo) affermano &#8220;costui bestemmia!&#8221;, perch\u00e8 compie gesti e usa parole che offendono Dio.<\/span><\/strong><\/p>\n<p style=\"text-align: justify;\"><strong><span style=\"font-family: arial, helvetica, sans-serif;\">La parabola di Ges\u00f9 di questa domenica ci vuole aiutare a guarire dalle false e volgari &#8220;caricature&#8221; di Dio che spesso abbiamo nella mente e nel cuore. Possiamo offendere Dio molte pi\u00f9 volte di quello che pensiamo, anche senza pronunciare le famose espressioni volgari di cui dicevo sopra.<\/span><\/strong><\/p>\n<p style=\"text-align: justify;\"><strong><span style=\"font-family: arial, helvetica, sans-serif;\">&#8220;Il regno dei cieli \u00e8 simile a&#8230;&#8221;. Con questa espressione ancora una volta Ges\u00f9 vuole ci condurre, usando una immagine efficace e piena di colpi di scena, a capire in che modo Dio si manifesta nella storia umana, nella nostra storia. E&#8217; un po&#8217; come dicesse &#8220;Dio funziona cos\u00ec&#8230;&#8221;, e nello stesso tempo invita pensare che &#8220;l&#8217;uomo, la comunit\u00e0\u00a0, il mondo quindi devono funzionare in un certo modo di conseguenza&#8230;&#8221;<\/span><\/strong><\/p>\n<p style=\"text-align: justify;\"><strong><span style=\"font-family: arial, helvetica, sans-serif;\">Dio \u00e8 come questo padrone di una vigna, che nella cultura di allora era il simbolo del popolo di Dio e noi potremmo dire della Chiesa oggi. Questo padrone non vuole che nessuno rimanga escluso dall&#8217;impresa di far fruttare al massimo la sua vigna. E&#8217; un padrone che non guarda al profitto, ma al bene di chi lavora, anche se preso all&#8217;ultimo. Continua ad uscire in cerca di lavoratori perch\u00e8 non solo c&#8217;\u00e8 bisogno per la vigna, ma tutti hanno bisogno di lavorare e avere qualcosa per cui vivere. Il padrone della vigna, cio\u00e8 Dio, va in cerca anche di quelli che daranno poco, perch\u00e8 esclusi (&#8220;nessuno ci ha presi&#8230;&#8221;) forse anche per colpa loro, per la loro pigrizia. Ma non importa! Dio chiama tutti, a tutti da&#8217; una possibilit\u00e0\u00a0.<\/span><\/strong><\/p>\n<p style=\"text-align: justify;\"><strong><span style=\"font-family: arial, helvetica, sans-serif;\">Cos\u00ec funzionano le cose con Dio.<\/span><\/strong><\/p>\n<p style=\"text-align: justify;\"><strong><span style=\"font-family: arial, helvetica, sans-serif;\">Gli operai chiamati fin al mattino vedendo che sono pagati quanto gli ultimi arrivati, si indignano e mormorano contro il padrone, anche se non \u00e8 stato ingiusto con loro, dando quanto avevano concordato. Sono invidiosi, e soprattutto non hanno capito chi \u00e8 il loro padrone, non hanno capito la sua bont\u00e0\u00a0 e la sua generosit\u00e0\u00a0. Ed \u00e8 per loro che arriva il duro rimprovero del padrone, che si sente offeso perch\u00e8 lo ritengono ingiusto e nello stesso tempo sconsiderato.<\/span><\/strong><\/p>\n<p style=\"text-align: justify;\"><strong><span style=\"font-family: arial, helvetica, sans-serif;\">Dio \u00e8 buono verso tutti, e a tutti, anche a chi non se lo merita secondo i nostri schemi, dona il suo amore e lo chiama a far parte della grande impresa del suo regno nel mondo. Quello che davvero offende Dio \u00e8 non capire questa sua bont\u00e0\u00a0 e generosit\u00e0\u00a0 che non fa calcoli umani ma usa calcoli divini di amore.<\/span><\/strong><\/p>\n<p style=\"text-align: justify;\"><strong><span style=\"font-family: arial, helvetica, sans-serif;\">Possiamo offendere Dio anche noi tutte le volte che pensiamo che Lui si comporti con i nostri criteri economici di dare e avere, di premio, ricompensa e punizione. E poi di conseguenza anche noi facciamo lo stesso tra noi, trattandoci secondo rigidi schemi economici, dove non c&#8217;\u00e8 spazio per la comprensione, il perdono e la generosit\u00e0\u00a0. Lo facciamo tra noi in famiglia, nella comunit\u00e0\u00a0 e anche tra esseri umani di diverse provenienze, etnie e condizioni sociali. Il padrone della vigna domanda a chi lo contesta: &#8220;tu sei invidioso perch\u00e8 io sono buono?&#8221;. Lo domanda anche a me&#8230; Affermiamo anche noi che Dio \u00e8 buono, ma non siamo disposti ad andare fino in fondo a questa bont\u00e0\u00a0 e metterla in pratica anche tra noi esseri umani, che di Dio siamo ad immagine e somiglianza.<\/span><\/strong><\/p>\n<p style=\"text-align: justify;\"><strong><span style=\"font-family: arial, helvetica, sans-serif;\">Ges\u00f9 lo faceva sempre con quelli che al suo tempo erano giudicati gli &#8220;ultimi arrivati&#8221; e &#8220;indegni&#8221; di Dio, e per questo motivo era contestato e ritenuto un cattivo maestro. Proviamo davvero a domandarci se anche noi in fondo non conosciamo veramente Dio cos\u00ec come ce lo insegna il Vangelo e se in fondo abbiamo di Dio una &#8220;caricatura&#8221; ma non la sua vera immagine, il suo vero volto.<\/span><\/strong><\/p>\n<p style=\"text-align: justify;\"><strong><span style=\"font-family: arial, helvetica, sans-serif;\">Don Roberto Malgesini, il prete di Como che abbiamo imparato a conoscere in questi giorni dopo la sua tragica fine, \u00e8 stato come quel padrone della vigna, perch\u00e8 andava in cerca proprio degli ultimi per aiutarli, non guardando se lo meritavano e se a lui venisse qualcosa in tasca, ma solo a partire dal loro bisogno. Questo \u00e8 lavorare per il Regno dei cieli qui in terra. E anche noi siamo chiamati a lavorarci. Il bello \u00e8 che lo possiamo fare sempre, a qualsiasi ora, anche all&#8217;ultima, perch\u00e8 Dio \u00e8 generoso e buono. Pensare il contrario questo s\u00ec che davvero lo offende&#8230;<\/span><\/strong><\/p>\n<p style=\"text-align: justify;\"><span style=\"font-family: arial, helvetica, sans-serif;\">Giovanni don<\/span><\/p>\n","protected":false},"excerpt":{"rendered":"<p>DOMENICA 20 settembre 2020 XXV anno A In quel tempo, Ges\u00f9 disse ai suoi discepoli questa parabola: \u00abIl regno dei cieli \u00e8 simile a un padrone di casa che usc\u00ec all&#8217;alba per prendere a giornata lavoratori per la sua vigna. Si accord\u00f2 con loro per un denaro al giorno e li mand\u00f2 nella sua vigna. Uscito poi verso le nove del mattino, ne vide altri che stavano in piazza, disoccupati, e disse loro: &#8220;Andate anche voi nella vigna; quello che \u00e8 giusto ve lo dar\u00f2&#8221;. Ed essi andarono. Usc\u00ec di nuovo verso mezzogiorno e verso le tre, e fece altrettanto.<\/p>\n","protected":false},"author":1,"featured_media":0,"comment_status":"open","ping_status":"open","sticky":false,"template":"","format":"standard","meta":{"footnotes":""},"categories":[],"tags":[],"class_list":["post-3394","post","type-post","status-publish","format-standard","hentry"],"_links":{"self":[{"href":"https:\/\/www.gioba.it\/sito\/wp-json\/wp\/v2\/posts\/3394","targetHints":{"allow":["GET"]}}],"collection":[{"href":"https:\/\/www.gioba.it\/sito\/wp-json\/wp\/v2\/posts"}],"about":[{"href":"https:\/\/www.gioba.it\/sito\/wp-json\/wp\/v2\/types\/post"}],"author":[{"embeddable":true,"href":"https:\/\/www.gioba.it\/sito\/wp-json\/wp\/v2\/users\/1"}],"replies":[{"embeddable":true,"href":"https:\/\/www.gioba.it\/sito\/wp-json\/wp\/v2\/comments?post=3394"}],"version-history":[{"count":2,"href":"https:\/\/www.gioba.it\/sito\/wp-json\/wp\/v2\/posts\/3394\/revisions"}],"predecessor-version":[{"id":3397,"href":"https:\/\/www.gioba.it\/sito\/wp-json\/wp\/v2\/posts\/3394\/revisions\/3397"}],"wp:attachment":[{"href":"https:\/\/www.gioba.it\/sito\/wp-json\/wp\/v2\/media?parent=3394"}],"wp:term":[{"taxonomy":"category","embeddable":true,"href":"https:\/\/www.gioba.it\/sito\/wp-json\/wp\/v2\/categories?post=3394"},{"taxonomy":"post_tag","embeddable":true,"href":"https:\/\/www.gioba.it\/sito\/wp-json\/wp\/v2\/tags?post=3394"}],"curies":[{"name":"wp","href":"https:\/\/api.w.org\/{rel}","templated":true}]}}