{"id":3399,"date":"2020-09-26T15:58:53","date_gmt":"2020-09-26T15:58:53","guid":{"rendered":"http:\/\/www.gioba.it\/?p=3399"},"modified":"2020-09-26T15:58:53","modified_gmt":"2020-09-26T15:58:53","slug":"dal-no-al-si","status":"publish","type":"post","link":"https:\/\/www.gioba.it\/sito\/2020\/09\/26\/dal-no-al-si\/","title":{"rendered":"dal no al si"},"content":{"rendered":"<p style=\"text-align: justify;\"><a href=\"http:\/\/www.gioba.it\/sito\/wp-content\/uploads\/2020\/09\/messa-in-pratica-colored.jpg\"><img loading=\"lazy\" decoding=\"async\" class=\"alignleft  wp-image-3400\" src=\"http:\/\/www.gioba.it\/sito\/wp-content\/uploads\/2020\/09\/messa-in-pratica-colored.jpg\" alt=\"\" width=\"591\" height=\"494\" \/><\/a><\/p>\n<p style=\"text-align: justify;\"><strong><span style=\"font-family: arial, helvetica, sans-serif;\">DOMENICA 27 settembre 2020<\/span><\/strong><\/p>\n<p style=\"text-align: justify;\"><strong><span style=\"font-family: arial, helvetica, sans-serif;\">XXVI anno A<\/span><\/strong><\/p>\n<p style=\"text-align: justify;\">\n<blockquote>\n<p style=\"text-align: justify;\"><span style=\"font-family: arial, helvetica, sans-serif;\">In quel tempo, Ges\u00f9 disse ai capi dei sacerdoti e agli anziani del popolo: \u00abChe ve ne pare? Un uomo aveva due figli. Si rivolse al primo e disse: &#8220;Figlio, oggi va&#8217; a lavorare nella vigna&#8221;. Ed egli rispose: &#8220;Non ne ho voglia&#8221;. Ma poi si pent\u00ec e vi and\u00f2. Si rivolse al secondo e disse lo stesso. Ed egli rispose: &#8220;S\u00ec, signore&#8221;. Ma non vi and\u00f2. Chi dei due ha compiuto la volont\u00e0\u00a0 del padre?\u00bb. Risposero: \u00abIl primo\u00bb.<\/span><br \/>\n<span style=\"font-family: arial, helvetica, sans-serif;\">E Ges\u00f9 disse loro: \u00abIn verit\u00e0\u00a0 io vi dico: i pubblicani e le prostitute vi passano avanti nel regno di Dio. Giovanni infatti venne a voi sulla via della giustizia, e non gli avete creduto; i pubblicani e le prostitute invece gli hanno creduto. Voi, al contrario, avete visto queste cose, ma poi non vi siete nemmeno pentiti cos\u00ec da credergli\u00bb.<\/span><\/p>\n<p style=\"text-align: justify;\"><span style=\"font-family: arial, helvetica, sans-serif;\">(dal Vangelo di Matteo 21,28-32)<\/span><\/p>\n<p style=\"text-align: justify;\">\n<\/blockquote>\n<p style=\"text-align: justify;\"><strong><span style=\"font-family: arial, helvetica, sans-serif;\">Quale \u00e8 la parte della Messa che pi\u00f9 ci piace?<\/span><\/strong><br \/>\n<strong><span style=\"font-family: arial, helvetica, sans-serif;\">Sembra una domanda un po&#8217; superficiale, come se si potesse fare una classifica di gradimento nella celebrazione Eucaristica che \u00e8 significativa e ricchissima in ogni sua parte e in ogni momento. In questi giorni viene pubblicato e tra qualche mese entrer\u00e0\u00a0 in vigore il nuovo Messale per la celebrazione della Messa. Il Messale \u00e8 quel libro che contiene tutte le preghiere e le modalit\u00e0\u00a0 con le quali celebrare il sacramento vertice dei cristiani, che \u00e8 appunto la celebrazione eucaristica. Ci sono state tante riforme e rinnovamenti del Messale, e il pi\u00f9 significativo degli ultimi tempi \u00e8 stato sicuramente quello dopo il Concilio, con una serie di cambiamenti anche radicali, non tanto nel significato ma soprattutto nel modo di celebrare. Uno su tutti l&#8217;uso della lingua italiano al posto del tradizionale latino. Questo nuovo Messale non stravolge le cose ma porta avanti un lavoro lungo di rinnovamento perch\u00e8 la celebrazione della Messa sia il pi\u00f9 possibile un saldo ponte tra tradizione e modernit\u00e0\u00a0, tra Vangelo pregato e riflettuto e il Vangelo vissuto.<\/span><\/strong><\/p>\n<p style=\"text-align: justify;\"><strong><span style=\"font-family: arial, helvetica, sans-serif;\">Il nuovo Messale \u00e8 quindi una buona occasione per tutti, preti e laici, per domandarsi come effettivamente viviamo la Messa nel suo complesso, al l\u00ec da dei singoli riti e parole.<\/span><\/strong><\/p>\n<p style=\"text-align: justify;\"><strong><span style=\"font-family: arial, helvetica, sans-serif;\">Ma tornando alla domanda su quale parte della Messa preferiamo, l&#8217;ironia potrebbe farci dire che \u00e8 quella dove il prete dice &#8220;andate in pace&#8221;, cio\u00e8 la parte finale, quando siamo liberati dal rito con le sue lungaggini e pesantezze. Dio cosa risponderebbe?<\/span><\/strong><\/p>\n<p style=\"text-align: justify;\"><strong><span style=\"font-family: arial, helvetica, sans-serif;\">Anche nel Vangelo Ges\u00f9 pone una domanda ai suoi ascoltatori, che sono coloro che lo accusano, ma non \u00e8 ovviamente una domanda sulla messa. Partendo da una storiella semplice li invita a prendere posizione senza nascondersi in argomentazioni complicate. Tra i due figli invitati dal padre a lavorare, chi davvero alla fine mette in pratica l&#8217;ordine di lavorare? Quello che a parole dice di no ma poi si pente e si mette a lavorare, oppure quello che a parole, molto altisonanti e di sottomissione (&#8220;Si, signore&#8221;), dice si ma poi non fa niente? La risposta \u00e8 assai semplice da dare, e subito Ges\u00f9 dalla domanda passa ad una accusa senza peli sulla lingua, facendo vedere che i suoi accusatori apparentemente molto religiosi a parole, in realt\u00e0\u00a0 nei fatti sono superati da pubblicani e prostitute amici di Ges\u00f9. Questi infatti, che per loro erano maledetti e lontani da Dio, si sono lasciati raggiungere da Ges\u00f9, dalla sua amicizia e proposta di vita e che hanno davvero cambiato la loro vita in bene. Chi ascolta questa pagina di Vangelo, me compreso, non pu\u00f2 non sentirsi tirato dentro, sia che la leggo da solo, sia che la ascolto in modo solenne durante la Messa domenicale.<\/span><\/strong><\/p>\n<p style=\"text-align: justify;\"><strong><span style=\"font-family: arial, helvetica, sans-serif;\">Anzi proprio mentre celebriamo la Messa queste parole di Ges\u00f9 ci coinvolgono di pi\u00f9 e ci chiedono di dare una risposta con la vita concreta e non solo con le labbra. Una religiosit\u00e0\u00a0 vissuta solo di adesione superficiale di parole, di qualche distratta preghiera, di qualche gesto &#8220;sacro&#8221; o immagine appesa alle pareti di casa o rosari al collo solo come ornamento, \u00e8 una religiosit\u00e0\u00a0 che allontana da Dio e ci fa rimanere bloccati.<\/span><\/strong><\/p>\n<p style=\"text-align: justify;\"><strong><span style=\"font-family: arial, helvetica, sans-serif;\">Il figlio che subito dice &#8220;no&#8221; e poi si pente e si mette a lavorare, ben rappresenta una fede viva e vera che \u00e8 fatta di dubbi e ribellioni ma anche di voglia di interrogarsi e cambiare. Lo spazio tra l&#8217;iniziale &#8220;no&#8221; e il successivo &#8220;si&#8221;, \u00e8 lo spazio della conversione, che porta a rivedere le proprie scelte, a ripensare il rapporto con Dio come Padre. E&#8217; il tempo in cui ci si accorge che lavorare per Dio \u00e8 molto meglio che lavorare solo per s\u00e8 stessi in modo egoistico. E sono tanti coloro che magari sembrano lontani da Dio (secondo i nostri schemi&#8230;), ma poi dentro la loro vita dicono &#8220;si&#8221; tante volte anche se noi non lo sappiamo. La nostra vita di fede non \u00e8 un immobile &#8220;si&#8221; dato per sempre ed esibito in qualche occasione pubblica, ma \u00e8 un continuo cambiamento a volte faticoso per portare concretamente il Vangelo nella nostra vita e nella vita del mondo che ci circonda.<\/span><\/strong><\/p>\n<p style=\"text-align: justify;\"><strong><span style=\"font-family: arial, helvetica, sans-serif;\">Penso che se domandassimo a Dio quale \u00e8 la parte della Messa che lui preferisce, quando ci vede celebrare, sono certo che direbbe quella che inizia dalla fine, quando vede che le parole e i gesti della liturgia diventano vita concreta e fanno s\u00ec che la Celebrazione del suo amore non si conclude mai&#8230; come piace a Lui.<\/span><\/strong><\/p>\n<p style=\"text-align: justify;\"><span style=\"font-family: arial, helvetica, sans-serif;\">Giovanni don<\/span><\/p>\n","protected":false},"excerpt":{"rendered":"<p>DOMENICA 27 settembre 2020 XXVI anno A In quel tempo, Ges\u00f9 disse ai capi dei sacerdoti e agli anziani del popolo: \u00abChe ve ne pare? Un uomo aveva due figli. Si rivolse al primo e disse: &#8220;Figlio, oggi va&#8217; a lavorare nella vigna&#8221;. Ed egli rispose: &#8220;Non ne ho voglia&#8221;. Ma poi si pent\u00ec e vi and\u00f2. Si rivolse al secondo e disse lo stesso. Ed egli rispose: &#8220;S\u00ec, signore&#8221;. Ma non vi and\u00f2. Chi dei due ha compiuto la volont\u00e0\u00a0 del padre?\u00bb. Risposero: \u00abIl primo\u00bb. E Ges\u00f9 disse loro: \u00abIn verit\u00e0\u00a0 io vi dico: i pubblicani e le prostitute<\/p>\n","protected":false},"author":1,"featured_media":0,"comment_status":"open","ping_status":"open","sticky":false,"template":"","format":"standard","meta":{"footnotes":""},"categories":[],"tags":[],"class_list":["post-3399","post","type-post","status-publish","format-standard","hentry"],"_links":{"self":[{"href":"https:\/\/www.gioba.it\/sito\/wp-json\/wp\/v2\/posts\/3399","targetHints":{"allow":["GET"]}}],"collection":[{"href":"https:\/\/www.gioba.it\/sito\/wp-json\/wp\/v2\/posts"}],"about":[{"href":"https:\/\/www.gioba.it\/sito\/wp-json\/wp\/v2\/types\/post"}],"author":[{"embeddable":true,"href":"https:\/\/www.gioba.it\/sito\/wp-json\/wp\/v2\/users\/1"}],"replies":[{"embeddable":true,"href":"https:\/\/www.gioba.it\/sito\/wp-json\/wp\/v2\/comments?post=3399"}],"version-history":[{"count":1,"href":"https:\/\/www.gioba.it\/sito\/wp-json\/wp\/v2\/posts\/3399\/revisions"}],"predecessor-version":[{"id":3401,"href":"https:\/\/www.gioba.it\/sito\/wp-json\/wp\/v2\/posts\/3399\/revisions\/3401"}],"wp:attachment":[{"href":"https:\/\/www.gioba.it\/sito\/wp-json\/wp\/v2\/media?parent=3399"}],"wp:term":[{"taxonomy":"category","embeddable":true,"href":"https:\/\/www.gioba.it\/sito\/wp-json\/wp\/v2\/categories?post=3399"},{"taxonomy":"post_tag","embeddable":true,"href":"https:\/\/www.gioba.it\/sito\/wp-json\/wp\/v2\/tags?post=3399"}],"curies":[{"name":"wp","href":"https:\/\/api.w.org\/{rel}","templated":true}]}}