{"id":3428,"date":"2020-11-21T10:10:31","date_gmt":"2020-11-21T10:10:31","guid":{"rendered":"http:\/\/www.gioba.it\/?p=3428"},"modified":"2020-11-21T10:25:47","modified_gmt":"2020-11-21T10:25:47","slug":"il-regno-che-non-ce","status":"publish","type":"post","link":"https:\/\/www.gioba.it\/sito\/2020\/11\/21\/il-regno-che-non-ce\/","title":{"rendered":"il Regno che non c&#8217;\u00e8"},"content":{"rendered":"<p style=\"text-align: justify;\"><a href=\"http:\/\/www.gioba.it\/sito\/wp-content\/uploads\/2020\/11\/Cristo-re-sole-small.jpg\"><img loading=\"lazy\" decoding=\"async\" class=\"alignleft wp-image-3429\" src=\"http:\/\/www.gioba.it\/sito\/wp-content\/uploads\/2020\/11\/Cristo-re-sole-small.jpg\" alt=\"\" width=\"591\" height=\"493\" \/><\/a><\/p>\n<p style=\"text-align: justify;\"><strong><span style=\"font-family: arial, helvetica, sans-serif;\">DOMENICA 22 novembre 2020<\/span><\/strong><\/p>\n<p style=\"text-align: justify;\"><strong><span style=\"font-family: arial, helvetica, sans-serif;\">XXXIV anno A &#8211; Cristo Re<\/span><\/strong><\/p>\n<blockquote>\n<p style=\"text-align: justify;\"><span style=\"font-family: arial, helvetica, sans-serif;\">In quel tempo, Ges\u00f9 disse ai suoi discepoli:<\/span><br \/>\n<span style=\"font-family: arial, helvetica, sans-serif;\">\u00abQuando il Figlio dell&#8217;uomo verr\u00e0\u00a0 nella sua gloria, e tutti gli angeli con lui, sieder\u00e0\u00a0 sul trono della sua gloria. Davanti a lui verranno radunati tutti i popoli. Egli separer\u00e0\u00a0 gli uni dagli altri, come il pastore separa le pecore dalle capre, e porr\u00e0\u00a0 le pecore alla sua destra e le capre alla sinistra.<\/span><br \/>\n<span style=\"font-family: arial, helvetica, sans-serif;\">Allora il re dir\u00e0\u00a0 a quelli che saranno alla sua destra: &#8220;Venite, benedetti del Padre mio, ricevete in eredit\u00e0\u00a0 il regno preparato per voi fin dalla creazione del mondo, perch\u00e8 ho avuto fame e mi avete dato da mangiare, ho avuto sete e mi avete dato da bere, ero straniero e mi avete accolto, nudo e mi avete vestito, malato e mi avete visitato, ero in carcere e siete venuti a trovarmi&#8221;.<\/span><br \/>\n<span style=\"font-family: arial, helvetica, sans-serif;\">Allora i giusti gli risponderanno: &#8220;Signore, quando ti abbiamo visto affamato e ti abbiamo dato da mangiare, o assetato e ti abbiamo dato da bere? Quando mai ti abbiamo visto straniero e ti abbiamo accolto, o nudo e ti abbiamo vestito? Quando mai ti abbiamo visto malato o in carcere e siamo venuti a visitarti?&#8221;. E il re risponder\u00e0\u00a0 loro: &#8220;In verit\u00e0\u00a0 io vi dico: tutto quello che avete fatto a uno solo di questi miei fratelli pi\u00f9 piccoli, l&#8217;avete fatto a me&#8221;.<\/span><br \/>\n<span style=\"font-family: arial, helvetica, sans-serif;\">Poi dir\u00e0\u00a0 anche a quelli che saranno alla sinistra: &#8220;Via, lontano da me, maledetti, nel fuoco eterno, preparato per il diavolo e per i suoi angeli, perch\u00e8 ho avuto fame e non mi avete dato da mangiare, ho avuto sete e non mi avete dato da bere, ero straniero e non mi avete accolto, nudo e non mi avete vestito, malato e in carcere e non mi avete visitato&#8221;.<\/span><br \/>\n<span style=\"font-family: arial, helvetica, sans-serif;\">Anch&#8217;essi allora risponderanno: &#8220;Signore, quando ti abbiamo visto affamato o assetato o straniero o nudo o malato o in carcere, e non ti abbiamo servito?&#8221;. Allora egli risponder\u00e0\u00a0 loro: &#8220;In verit\u00e0\u00a0 io vi dico: tutto quello che non avete fatto a uno solo di questi pi\u00f9 piccoli, non l&#8217;avete fatto a me&#8221;.<\/span><br \/>\n<span style=\"font-family: arial, helvetica, sans-serif;\">E se ne andranno: questi al supplizio eterno, i giusti invece alla vita eterna\u00bb.<\/span><\/p>\n<p style=\"text-align: justify;\"><span style=\"font-family: arial, helvetica, sans-serif;\">(dal Vangelo di Matteo 25,31-46)<\/span><\/p>\n<\/blockquote>\n<p style=\"text-align: justify;\"><em><strong><span style=\"font-family: arial, helvetica, sans-serif;\">&#8220;Seconda stella a destra, questo \u00e8 il cammino, e poi dritto, fino al mattino. Poi la strada la trovi da te. Porta all&#8217;isola che non c&#8217;\u00e8&#8230;&#8221;<\/span><\/strong><\/em><\/p>\n<p style=\"text-align: justify;\"><strong><span style=\"font-family: arial, helvetica, sans-serif;\">Ho riascoltato questa mattina questa bella canzone di Edoardo Bennato contenuta nel disco &#8220;Sono solo canzonette&#8221; del 1980. In questo concept album Bennato ripercorre la storia di Peter Pan e della sua isola che non c&#8217;\u00e8.<\/span><\/strong><\/p>\n<p style=\"text-align: justify;\"><em><strong><span style=\"font-family: arial, helvetica, sans-serif;\">&#8220;Son d&#8217;accordo con voi, non esiste una terra dove non ci son santi n\u00e8 eroi. E se non ci son ladri, se non c&#8217;\u00e8 mai la guerra, forse \u00e8 proprio l&#8217;isola che non c&#8217;\u00e8, che non c&#8217;\u00e8&#8230;&#8221;<\/span><\/strong><\/em><\/p>\n<p style=\"text-align: justify;\"><strong><span style=\"font-family: arial, helvetica, sans-serif;\">Questa ultima domenica prima di iniziare l&#8217;Avvento celebriamo Cristo come Re dell&#8217;Universo e della Storia. E&#8217; cos\u00ec quello che ci suggerisce la parabola di Matteo scelta dalla liturgia e come anche pi\u00f9 volte Ges\u00f9 si auto rivela, specialmente nel momento in cui a pochi passi dalla croce gli viene chiesto da Pilato se \u00e8 vero che lui \u00e8 re, e Ges\u00f9 risponde con &#8220;tu lo dici&#8221;.<\/span><\/strong><\/p>\n<p style=\"text-align: justify;\"><strong><span style=\"font-family: arial, helvetica, sans-serif;\">Il Regno di Ges\u00f9, come dice lui stesso, non \u00e8 di questo mondo, non tanto perch\u00e8 si trova spazialmente collocato chiss\u00e0\u00a0 dove in un&#8217;altra dimensione, ma non lo \u00e8 nel modo in cui vediamo il mondo noi e come siamo troppo abituati a viverlo.<\/span><\/strong><\/p>\n<p style=\"text-align: justify;\"><strong><span style=\"font-family: arial, helvetica, sans-serif;\">Tanti dicono che la Pandemia non ci ha reso migliori come pensavano, e che in realt\u00e0\u00a0 sono emersi ancora di pi\u00f9 tutti i difetti e tutte le cattiverie dell&#8217;animo umano. Sembra davvero che il regno umano, dove tutti siamo re e regine nei nostri piccoli regni personali, sia caratterizzato dall&#8217;ognuno pensa per s\u00e8, dalla gara a chi trae maggior profitto e coltiva la ricchezza personale in fama, beni e salute.<\/span><\/strong><\/p>\n<p style=\"text-align: justify;\"><strong><span style=\"font-family: arial, helvetica, sans-serif;\">Forse in questo senso davvero il regno di Ges\u00f9 non \u00e8 di questo mondo, di questo modo di vedere il mondo.<\/span><\/strong><\/p>\n<p style=\"text-align: justify;\"><strong><span style=\"font-family: arial, helvetica, sans-serif;\">La parabola di Matteo immagina un futuro lontano in cui la storia di ogni singolo essere umano tira le sue conclusioni. Il grande giudizio finale universale anticipato dal racconto di Ges\u00f9 \u00e8 un giudizio sul presente e anche un forte appello a verificare il mio presente. In quel lontano futuro si vedr\u00e0\u00a0 come abbiamo vissuto l&#8217;oggi.<\/span><\/strong><br \/>\n<strong><span style=\"font-family: arial, helvetica, sans-serif;\">Alcuni leggono questo brano come una &#8220;mazzata&#8221; spirituale, come fosse uno spauracchio per metterci in guardia. Io voglio leggerlo per\u00f2 anche come una specie di invito alla speranza. Ges\u00f9 con quella divisione finale tra chi ha amato e chi non ha amato, tra chi si \u00e8 preso cura dell&#8217;affamato, dell&#8217;assetato, del povero, dello straniero, del malato e carcerato e chi invece non l&#8217;ha fatto, vuole dirmi che per quanto negativo, chiuso ed egoista possa sembrarmi il mondo in realt\u00e0\u00a0 non \u00e8 proprio cos\u00ec. Anche nel regno umano di oggi ci sono uomini e donne che non si chiudono nel loro egoismo ma generosamente si prendono cura del prossimo. E in questo prossimo povero c&#8217;\u00e8 Ges\u00f9, anche se non tutti lo riconoscono apertamente. Ma il giudizio finale non sar\u00e0\u00a0 su chi ha esplicitamente riconosciuto Dio ma su chi l&#8217;avr\u00e0\u00a0 concretamente amato.<\/span><\/strong><\/p>\n<p style=\"text-align: justify;\"><strong><span style=\"font-family: arial, helvetica, sans-serif;\">Questa parabola mi invita davvero alla fiducia e a decidere da che parte stare fin da ora senza aspettare il giudizio finale. Gi\u00e0\u00a0 da ora posso credere e far parte del regno di amore di cui Ges\u00f9 \u00e8 il re nascosto ma potente. Gi\u00e0\u00a0 fin da ora posso prendere la strada che porta a questo regno che non \u00e8 distante e impossibile, devo solo crederci e seguire le indicazioni, che sono quelle del Vangelo. E poi la strada la trovo da me&#8230;<\/span><\/strong><\/p>\n<p style=\"text-align: justify;\"><strong><span style=\"font-family: arial, helvetica, sans-serif;\">E&#8217; un regno davvero strano quello di Cristo Re, dove non c&#8217;\u00e8 odio ma amore, dove non c&#8217;\u00e8 indifferenza ma cura, dove si combatte la battaglia alla povert\u00e0\u00a0 e non ai poveri. E la straordinariet\u00e0\u00a0 \u00e8 proprio che il Re si mescola con tutti coloro che sono in questo Regno di amore, un regno che sembra non ci sia, ma in realt\u00e0\u00a0 c&#8217;\u00e8.<\/span><\/strong><\/p>\n<p style=\"text-align: justify;\"><em><strong><span style=\"font-family: arial, helvetica, sans-serif;\">&#8220;E ti prendono in giro, se continui a cercarla, ma non darti per vinto perch\u00e8 chi ci ha gi\u00e0\u00a0 rinunciato e ti ride alle spalle&#8230; Forse \u00e8 ancora pi\u00f9 pazzo di te&#8221;<\/span><\/strong><\/em><\/p>\n<p style=\"text-align: justify;\"><strong><span style=\"font-family: arial, helvetica, sans-serif;\">Forse \u00e8 davvero da pazzi in questo mondo e in questo momento storico pensare alla solidariet\u00e0\u00a0, alla cura reciproca. Forse \u00e8 ancora pi\u00f9 da pazzi cercare Ges\u00f9 nei poveri e cercare Dio nella vita di ogni giorno anche fuori dai riti e dagli spazi sacri. Ma chi ci ha rinunciato forse \u00e8 ancora pi\u00f9 pazzo di te&#8230;<\/span><\/strong><\/p>\n<p style=\"text-align: justify;\"><span style=\"font-family: arial, helvetica, sans-serif;\">Giovanni don<\/span><\/p>\n","protected":false},"excerpt":{"rendered":"<p>DOMENICA 22 novembre 2020 XXXIV anno A &#8211; Cristo Re In quel tempo, Ges\u00f9 disse ai suoi discepoli: \u00abQuando il Figlio dell&#8217;uomo verr\u00e0\u00a0 nella sua gloria, e tutti gli angeli con lui, sieder\u00e0\u00a0 sul trono della sua gloria. Davanti a lui verranno radunati tutti i popoli. Egli separer\u00e0\u00a0 gli uni dagli altri, come il pastore separa le pecore dalle capre, e porr\u00e0\u00a0 le pecore alla sua destra e le capre alla sinistra. Allora il re dir\u00e0\u00a0 a quelli che saranno alla sua destra: &#8220;Venite, benedetti del Padre mio, ricevete in eredit\u00e0\u00a0 il regno preparato per voi fin dalla creazione del<\/p>\n","protected":false},"author":1,"featured_media":0,"comment_status":"open","ping_status":"open","sticky":false,"template":"","format":"standard","meta":{"footnotes":""},"categories":[],"tags":[],"class_list":["post-3428","post","type-post","status-publish","format-standard","hentry"],"_links":{"self":[{"href":"https:\/\/www.gioba.it\/sito\/wp-json\/wp\/v2\/posts\/3428","targetHints":{"allow":["GET"]}}],"collection":[{"href":"https:\/\/www.gioba.it\/sito\/wp-json\/wp\/v2\/posts"}],"about":[{"href":"https:\/\/www.gioba.it\/sito\/wp-json\/wp\/v2\/types\/post"}],"author":[{"embeddable":true,"href":"https:\/\/www.gioba.it\/sito\/wp-json\/wp\/v2\/users\/1"}],"replies":[{"embeddable":true,"href":"https:\/\/www.gioba.it\/sito\/wp-json\/wp\/v2\/comments?post=3428"}],"version-history":[{"count":6,"href":"https:\/\/www.gioba.it\/sito\/wp-json\/wp\/v2\/posts\/3428\/revisions"}],"predecessor-version":[{"id":3435,"href":"https:\/\/www.gioba.it\/sito\/wp-json\/wp\/v2\/posts\/3428\/revisions\/3435"}],"wp:attachment":[{"href":"https:\/\/www.gioba.it\/sito\/wp-json\/wp\/v2\/media?parent=3428"}],"wp:term":[{"taxonomy":"category","embeddable":true,"href":"https:\/\/www.gioba.it\/sito\/wp-json\/wp\/v2\/categories?post=3428"},{"taxonomy":"post_tag","embeddable":true,"href":"https:\/\/www.gioba.it\/sito\/wp-json\/wp\/v2\/tags?post=3428"}],"curies":[{"name":"wp","href":"https:\/\/api.w.org\/{rel}","templated":true}]}}