{"id":3436,"date":"2020-11-28T09:50:06","date_gmt":"2020-11-28T09:50:06","guid":{"rendered":"http:\/\/www.gioba.it\/?p=3436"},"modified":"2020-11-28T09:50:06","modified_gmt":"2020-11-28T09:50:06","slug":"siamo-capaci-di-cogliere-i-fulmini","status":"publish","type":"post","link":"https:\/\/www.gioba.it\/sito\/2020\/11\/28\/siamo-capaci-di-cogliere-i-fulmini\/","title":{"rendered":"Siamo capaci di cogliere i fulmini?"},"content":{"rendered":"<p style=\"text-align: justify;\"><a href=\"http:\/\/www.gioba.it\/sito\/wp-content\/uploads\/2020\/11\/omelia-sveglia-small.jpg\"><img loading=\"lazy\" decoding=\"async\" class=\"alignleft  wp-image-3437\" src=\"http:\/\/www.gioba.it\/sito\/wp-content\/uploads\/2020\/11\/omelia-sveglia-small.jpg\" alt=\"\" width=\"592\" height=\"493\" \/><\/a><\/p>\n<p style=\"text-align: justify;\"><strong><span style=\"font-family: arial, helvetica, sans-serif;\">DOMENICA 29 novembre 2020<\/span><\/strong><\/p>\n<p style=\"text-align: justify;\"><strong><span style=\"font-family: arial, helvetica, sans-serif;\">Prima di Avvento<\/span><\/strong><\/p>\n<p style=\"text-align: justify;\">\n<blockquote>\n<p style=\"text-align: justify;\"><span style=\"font-family: arial, helvetica, sans-serif;\">In quel tempo, Ges\u00f9 disse ai suoi discepoli:<\/span><br \/>\n<span style=\"font-family: arial, helvetica, sans-serif;\">\u00abFate attenzione, vegliate, perch\u00e8 non sapete quando \u00e8 il momento. E&#8217; come un uomo, che \u00e8 partito dopo aver lasciato la propria casa e dato il potere ai suoi servi, a ciascuno il suo compito, e ha ordinato al portiere di vegliare.<\/span><br \/>\n<span style=\"font-family: arial, helvetica, sans-serif;\">Vegliate dunque: voi non sapete quando il padrone di casa ritorner\u00e0\u00a0, se alla sera o a mezzanotte o al canto del gallo o al mattino; fate in modo che, giungendo all&#8217;improvviso, non vi trovi addormentati.<\/span><br \/>\n<span style=\"font-family: arial, helvetica, sans-serif;\">Quello che dico a voi, lo dico a tutti: vegliate!\u00bb.<\/span><\/p>\n<p style=\"text-align: justify;\"><span style=\"font-family: arial, helvetica, sans-serif;\">(dal Vangelo di Marco 13,33-37)<\/span><\/p>\n<\/blockquote>\n<p style=\"text-align: justify;\">\n<p style=\"text-align: justify;\">\n<p style=\"text-align: justify;\"><strong><span style=\"font-family: arial, helvetica, sans-serif;\">&#8220;&#8230;vegliate, perch\u00e8 non sapete quando \u00e8 il momento&#8221;, dice Ges\u00f9 ai suoi discepoli parlando dell&#8217;ora del giudizio finale.<\/span><\/strong><\/p>\n<p style=\"text-align: justify;\"><strong><span style=\"font-family: arial, helvetica, sans-serif;\">Se molti momenti della nostra vita li possiamo prevedere perch\u00e8 sono fissati da altri in modo preciso o li fissiamo noi (programmi televisivi e appuntamenti segnati sulla nostra agenda&#8230;), la gran parte non li possiamo davvero prevedere, specialmente quelli pi\u00f9 drammatici che a volte ci condizionano per la vita.<\/span><\/strong><\/p>\n<p style=\"text-align: justify;\"><strong><span style=\"font-family: arial, helvetica, sans-serif;\">Nel film &#8220;Ritorno al futuro&#8221;, di Robert Zemeckis, dove la storia ruota tutto intorno ai viaggi nel tempo, il protagonista Marty McFly si trova intrappolato nel passato, e l&#8217;unico modo per dare energia alla sua automobile speciale DeLorean \u00e8 avere l&#8217;energia sufficiente per il salto temporale in avanti, come quella di un fulmine. Ma i fulmini non si possono certo prevedere sia quando che dove cadono! Ma lui invece lo sa. Venendo dal futuro conosce che un fulmine si abbatter\u00e0\u00a0 sull&#8217;orologio del tribunale alle 22:04 del 12 novembre 1955, di l\u00ec a una settimana. L&#8217;evento verr\u00e0\u00a0 ricordato nel futuro perch\u00e8 il fulmine era stato cos\u00ec potente da danneggiare l&#8217;orologio fermandolo proprio su quell&#8217;ora. E cos\u00ec Marty con l&#8217;aiuto dell&#8217;amico inventore Doc, ritorna al futuro intrappolando l&#8217;energia del fulmine di cui conosce luogo e momento esatto.<\/span><\/strong><\/p>\n<p style=\"text-align: justify;\"><strong><span style=\"font-family: arial, helvetica, sans-serif;\">Ma la vita non \u00e8 cos\u00ec, e spesso le occasioni belle della vita ci passano davanti improvvise e non le cogliamo.<\/span><\/strong><\/p>\n<p style=\"text-align: justify;\"><strong><span style=\"font-family: arial, helvetica, sans-serif;\">Quando Ges\u00f9 invita i suoi discepoli a vegliare e non addormentarsi, non parla ovviamente della veglia notturna e della privazione del sonno, ma di un atteggiamento spirituale indispensabile nella vita del credente e anche di ogni uomo.<\/span><\/strong><\/p>\n<p style=\"text-align: justify;\"><strong><span style=\"font-family: arial, helvetica, sans-serif;\">Vegliare \u00e8 appunto prima di tutto assumere un atteggiamento di profonda attenzione a tutto quello che ci accade fuori e dentro, nei fatti della vita, nelle persone che incontriamo e anche in quello che avvertiamo nel cuore e nella mente.<\/span><\/strong><\/p>\n<p style=\"text-align: justify;\"><strong><span style=\"font-family: arial, helvetica, sans-serif;\">&#8220;Vegliate!&#8221; Ges\u00f9 lo ripete per ben tre volte in queste poche righe di Vangelo e al termine di un lungo discorso sulla storia umana, su dove la storia sta andando e come Dio agisce dentro di essa.<\/span><\/strong><\/p>\n<p style=\"text-align: justify;\"><strong><span style=\"font-family: arial, helvetica, sans-serif;\">&#8220;Vegliate!&#8221; \u00e8 l&#8217;ultima parola in questo passaggio del racconto del Vangelo di Marco, prima di iniziare dal capitolo successivo tutto il grande racconto della passione, morte e resurrezione di Ges\u00f9. E&#8217; come dicesse: &#8220;state bene attenti ora che entrerete nel centro della fede! Non fate addormentare la vostra mente e il cuore cos\u00ec da perdere il vero senso di quel che accade!&#8221;.<\/span><\/strong><\/p>\n<p style=\"text-align: justify;\"><strong><span style=\"font-family: arial, helvetica, sans-serif;\">&#8220;Vegliate!&#8221; \u00e8 un invito per noi oggi, che iniziamo con questo Vangelo in cammino di Avvento, e ci d\u00e0\u00a0 l&#8217;atteggiamento giusto per prepararci al Natale, a questo Natale 2020 cos\u00ec particolare e a prima vista pi\u00f9 difficile di altri passati.<\/span><\/strong><\/p>\n<p style=\"text-align: justify;\"><strong><span style=\"font-family: arial, helvetica, sans-serif;\">L&#8217;invito del Vangelo a non addormentarci non \u00e8 tanto per farci paura, ma al contrario per invitarci a cogliere il bello e il bene che si nascondono dentro il tempo che ci \u00e8 dato, a volte in momenti piccoli e improvvisi che non possiamo prevedere, ma ci sono.<\/span><\/strong><\/p>\n<p style=\"text-align: justify;\"><strong><span style=\"font-family: arial, helvetica, sans-serif;\">Un fulmine che distrugge un orologio pu\u00f2 diventare una opportunit\u00e0\u00a0 di salvezza, come ci racconta la favola del film, ma \u00e8 proprio per questo che il Vangelo ci invita a star svegli e a non perdere la speranza. Non possiamo prevedere i fulmini, ma possiamo imparare a cogliere l&#8217;energia di Dio dentro i piccoli momenti della vita.<\/span><\/strong><\/p>\n<p style=\"text-align: justify;\"><strong><span style=\"font-family: arial, helvetica, sans-serif;\">Non abbiamo il controllo del tempo e della storia se non in minima parte, ma abbiamo la possibilit\u00e0\u00a0 di cogliere il bene che c&#8217;\u00e8, il bello della vita anche dentro i fatti pi\u00f9 terribili e difficili.<\/span><\/strong><\/p>\n<p style=\"text-align: justify;\"><strong><span style=\"font-family: arial, helvetica, sans-serif;\">Ges\u00f9 dice ai suoi discepoli &#8220;Vegliate!&#8221;, e questo diventa anche un compito per loro a ripetere questo invito agli altri. E&#8217; il mio, \u00e8 il nostro compito di cristiani, quello di aiutarci tra noi e aiutare gli altri ad essere svegli nella propria vita con un atteggiamento di attenzione e speranza.<\/span><\/strong><\/p>\n<p style=\"text-align: justify;\"><strong><span style=\"font-family: arial, helvetica, sans-serif;\">La preghiera, che a volte ci viene la tentazione di ritenere come momento di riposo spirituale che ci stacca dalla vita come una parentesi a tratti inutile, in realt\u00e0\u00a0 \u00e8 un potente strumento di sveglia. La preghiera ci obbliga a guardare dentro noi stessi e dentro il Vangelo. La preghiera, da soli e con la comunit\u00e0\u00a0, sveglia dentro di noi quella parte spirituale che ci fa vedere Dio all&#8217;opera.<\/span><\/strong><\/p>\n<p style=\"text-align: justify;\"><strong><span style=\"font-family: arial, helvetica, sans-serif;\">Lui non si addormenta mai e veglia su di noi&#8230; ogni istante.<\/span><\/strong><\/p>\n<p style=\"text-align: justify;\"><span style=\"font-family: arial, helvetica, sans-serif;\">Giovanni don<\/span><\/p>\n","protected":false},"excerpt":{"rendered":"<p>DOMENICA 29 novembre 2020 Prima di Avvento In quel tempo, Ges\u00f9 disse ai suoi discepoli: \u00abFate attenzione, vegliate, perch\u00e8 non sapete quando \u00e8 il momento. E&#8217; come un uomo, che \u00e8 partito dopo aver lasciato la propria casa e dato il potere ai suoi servi, a ciascuno il suo compito, e ha ordinato al portiere di vegliare. Vegliate dunque: voi non sapete quando il padrone di casa ritorner\u00e0\u00a0, se alla sera o a mezzanotte o al canto del gallo o al mattino; fate in modo che, giungendo all&#8217;improvviso, non vi trovi addormentati. Quello che dico a voi, lo dico a<\/p>\n","protected":false},"author":1,"featured_media":0,"comment_status":"open","ping_status":"open","sticky":false,"template":"","format":"standard","meta":{"footnotes":""},"categories":[],"tags":[],"class_list":["post-3436","post","type-post","status-publish","format-standard","hentry"],"_links":{"self":[{"href":"https:\/\/www.gioba.it\/sito\/wp-json\/wp\/v2\/posts\/3436","targetHints":{"allow":["GET"]}}],"collection":[{"href":"https:\/\/www.gioba.it\/sito\/wp-json\/wp\/v2\/posts"}],"about":[{"href":"https:\/\/www.gioba.it\/sito\/wp-json\/wp\/v2\/types\/post"}],"author":[{"embeddable":true,"href":"https:\/\/www.gioba.it\/sito\/wp-json\/wp\/v2\/users\/1"}],"replies":[{"embeddable":true,"href":"https:\/\/www.gioba.it\/sito\/wp-json\/wp\/v2\/comments?post=3436"}],"version-history":[{"count":1,"href":"https:\/\/www.gioba.it\/sito\/wp-json\/wp\/v2\/posts\/3436\/revisions"}],"predecessor-version":[{"id":3438,"href":"https:\/\/www.gioba.it\/sito\/wp-json\/wp\/v2\/posts\/3436\/revisions\/3438"}],"wp:attachment":[{"href":"https:\/\/www.gioba.it\/sito\/wp-json\/wp\/v2\/media?parent=3436"}],"wp:term":[{"taxonomy":"category","embeddable":true,"href":"https:\/\/www.gioba.it\/sito\/wp-json\/wp\/v2\/categories?post=3436"},{"taxonomy":"post_tag","embeddable":true,"href":"https:\/\/www.gioba.it\/sito\/wp-json\/wp\/v2\/tags?post=3436"}],"curies":[{"name":"wp","href":"https:\/\/api.w.org\/{rel}","templated":true}]}}